{"id":26138,"date":"2024-02-19T14:18:58","date_gmt":"2024-02-19T14:18:58","guid":{"rendered":"https:\/\/municipalidaddenebaj.com\/?p=26138"},"modified":"2024-02-19T14:34:10","modified_gmt":"2024-02-19T14:34:10","slug":"5-dias-sagrados-del-calendario-maya","status":"publish","type":"post","link":"https:\/\/municipalidaddenebaj.com\/?p=26138","title":{"rendered":"5 D\u00cdAS SAGRADOS DEL CALENDARIO MAYA"},"content":{"rendered":"\n<h1 class=\"wp-block-heading\"><mark style=\"background-color:rgba(0, 0, 0, 0);color:#3b0606\" class=\"has-inline-color\">En horas de la tarde el se\u00f1or alcalde y honorable concejo acompa\u00f1an a autoridades ind\u00edgenas en la culminaci\u00f3n de los 5 d\u00edas sagrados del calendario maya.<\/mark><\/h1>\n\n\n\n<iframe src=\"https:\/\/www.facebook.com\/plugins\/post.php?href=https%3A%2F%2Fwww.facebook.com%2Fphoto.php%3Ffbid%3D788597223297740%26set%3Da.359717012852432%26type%3D3&#038;show_text=true&#038;width=970\" width=\"970\" height=\"970\" style=\"border:none;overflow:hidden\" scrolling=\"no\" frameborder=\"0\" allowfullscreen=\"true\" allow=\"autoplay; clipboard-write; encrypted-media; picture-in-picture; web-share\"><\/iframe>\n\n\n\n<figure class=\"wp-block-image size-full is-resized\"><img  title=\"\" decoding=\"async\" src=\"https:\/\/municipalidaddenebaj.com\/wp-content\/uploads\/2024\/02\/image-18.png\"  alt=\"image-18 5 D\u00cdAS SAGRADOS DEL CALENDARIO MAYA\"  class=\"wp-image-26139\" style=\"width:1450px;height:auto\"\/><\/figure>\n\n\n\n<p><\/p>\n","protected":false},"excerpt":{"rendered":"<p>En horas de la tarde el se\u00f1or alcalde y honorable concejo acompa\u00f1an a autoridades ind\u00edgenas&#8230;<\/p>\n","protected":false},"author":2,"featured_media":26142,"comment_status":"open","ping_status":"open","sticky":false,"template":"","format":"standard","meta":{"_eb_attr":"","_monsterinsights_skip_tracking":false,"_monsterinsights_sitenote_active":false,"_monsterinsights_sitenote_note":"","_monsterinsights_sitenote_category":0,"footnotes":""},"categories":[1],"tags":[],"class_list":["post-26138","post","type-post","status-publish","format-standard","has-post-thumbnail","hentry","category-uncategorized"],"featured_image_urls":{"full":["https:\/\/municipalidaddenebaj.com\/wp-content\/uploads\/2024\/02\/424614362_788597883297674_4028534224681170727_n-scaled.jpg",2560,1182,false],"thumbnail":["https:\/\/municipalidaddenebaj.com\/wp-content\/uploads\/2024\/02\/424614362_788597883297674_4028534224681170727_n-161x161.jpg",161,161,true],"medium":["https:\/\/municipalidaddenebaj.com\/wp-content\/uploads\/2024\/02\/424614362_788597883297674_4028534224681170727_n-350x162.jpg",350,162,true],"medium_large":["https:\/\/municipalidaddenebaj.com\/wp-content\/uploads\/2024\/02\/424614362_788597883297674_4028534224681170727_n-768x355.jpg",640,296,true],"large":["https:\/\/municipalidaddenebaj.com\/wp-content\/uploads\/2024\/02\/424614362_788597883297674_4028534224681170727_n-1024x473.jpg",510,236,true],"ezd_searrch_thumb16x16":["https:\/\/municipalidaddenebaj.com\/wp-content\/uploads\/2024\/02\/424614362_788597883297674_4028534224681170727_n-scaled.jpg",16,7,false],"ezd_searrch_thumb50x50":["https:\/\/municipalidaddenebaj.com\/wp-content\/uploads\/2024\/02\/424614362_788597883297674_4028534224681170727_n-scaled.jpg",50,23,false],"1536x1536":["https:\/\/municipalidaddenebaj.com\/wp-content\/uploads\/2024\/02\/424614362_788597883297674_4028534224681170727_n-1536x709.jpg",1536,709,true],"2048x2048":["https:\/\/municipalidaddenebaj.com\/wp-content\/uploads\/2024\/02\/424614362_788597883297674_4028534224681170727_n-2048x946.jpg",2048,946,true],"covernews-featured":["https:\/\/municipalidaddenebaj.com\/wp-content\/uploads\/2024\/02\/424614362_788597883297674_4028534224681170727_n-scaled.jpg",1024,473,false],"covernews-medium":["https:\/\/municipalidaddenebaj.com\/wp-content\/uploads\/2024\/02\/424614362_788597883297674_4028534224681170727_n-scaled.jpg",540,249,false],"woocommerce_thumbnail":["https:\/\/municipalidaddenebaj.com\/wp-content\/uploads\/2024\/02\/424614362_788597883297674_4028534224681170727_n-scaled-300x300.jpg",300,300,true],"woocommerce_single":["https:\/\/municipalidaddenebaj.com\/wp-content\/uploads\/2024\/02\/424614362_788597883297674_4028534224681170727_n-scaled-600x277.jpg",600,277,true],"woocommerce_gallery_thumbnail":["https:\/\/municipalidaddenebaj.com\/wp-content\/uploads\/2024\/02\/424614362_788597883297674_4028534224681170727_n-scaled-100x100.jpg",100,100,true]},"author_info":{"display_name":"Editor Editor","author_link":"https:\/\/municipalidaddenebaj.com\/?author=2"},"category_info":"<a href=\"https:\/\/municipalidaddenebaj.com\/?cat=1\" rel=\"category\">Uncategorized<\/a>","tag_info":"Uncategorized","comment_count":"0","_links":{"self":[{"href":"https:\/\/municipalidaddenebaj.com\/index.php?rest_route=\/wp\/v2\/posts\/26138","targetHints":{"allow":["GET"]}}],"collection":[{"href":"https:\/\/municipalidaddenebaj.com\/index.php?rest_route=\/wp\/v2\/posts"}],"about":[{"href":"https:\/\/municipalidaddenebaj.com\/index.php?rest_route=\/wp\/v2\/types\/post"}],"author":[{"embeddable":true,"href":"https:\/\/municipalidaddenebaj.com\/index.php?rest_route=\/wp\/v2\/users\/2"}],"replies":[{"embeddable":true,"href":"https:\/\/municipalidaddenebaj.com\/index.php?rest_route=%2Fwp%2Fv2%2Fcomments&post=26138"}],"version-history":[{"count":0,"href":"https:\/\/municipalidaddenebaj.com\/index.php?rest_route=\/wp\/v2\/posts\/26138\/revisions"}],"wp:featuredmedia":[{"embeddable":true,"href":"https:\/\/municipalidaddenebaj.com\/index.php?rest_route=\/wp\/v2\/media\/26142"}],"wp:attachment":[{"href":"https:\/\/municipalidaddenebaj.com\/index.php?rest_route=%2Fwp%2Fv2%2Fmedia&parent=26138"}],"wp:term":[{"taxonomy":"category","embeddable":true,"href":"https:\/\/municipalidaddenebaj.com\/index.php?rest_route=%2Fwp%2Fv2%2Fcategories&post=26138"},{"taxonomy":"post_tag","embeddable":true,"href":"https:\/\/municipalidaddenebaj.com\/index.php?rest_route=%2Fwp%2Fv2%2Ftags&post=26138"}],"curies":[{"name":"wp","href":"https:\/\/api.w.org\/{rel}","templated":true}]}}