{"id":26827,"date":"2024-03-07T16:15:14","date_gmt":"2024-03-07T16:15:14","guid":{"rendered":"https:\/\/municipalidaddenebaj.com\/?p=26827"},"modified":"2024-03-07T16:15:15","modified_gmt":"2024-03-07T16:15:15","slug":"elaboracion-de-veladoras","status":"publish","type":"post","link":"https:\/\/municipalidaddenebaj.com\/?p=26827","title":{"rendered":"ELABORACI\u00d3N  DE VELADORAS"},"content":{"rendered":"\n<h1 class=\"wp-block-heading\"><mark style=\"background-color:rgba(0, 0, 0, 0)\" class=\"has-inline-color has-black-color\">Direcci\u00f3n Municipal de la Mujer coordinando esfuerzos con la Secretar\u00eda de Obras Sociales de la Esposa del Presidente -SOSEP- de la Rep\u00fablica de Guatemala en capacitar a m\u00e1s de 15 mujeres en la elaboraci\u00f3n de veladoras para emprender.<\/mark><\/h1>\n\n\n\n<h1 class=\"wp-block-heading\"><a href=\"https:\/\/www.facebook.com\/hashtag\/sosep?__eep__=6&amp;__cft__[0]=AZUY88CJzBbZr2haCNabqoyzJtzst0A19ZLOQAXUDkwypVdVl8d9vKJgWsajbKZ0cYlaWQ1cm2GPESFiA2HzJnrtL8NLsQf61DxMH3InK064Ha5PQZty1e6eXxUp0UFFJ05fs5_T28fL2_dfyQr0Gh-t_f071zTKvwif3erCmF3dGrwspHilRlw67Kb5DGOI3Cc&amp;__tn__=*NK-R\"><mark style=\"background-color:rgba(0, 0, 0, 0);color:#0c4160\" class=\"has-inline-color\">#SOSEP<\/mark><\/a><\/h1>\n\n\n\n<h2 class=\"wp-block-heading\"><a href=\"https:\/\/www.facebook.com\/hashtag\/dmm?__eep__=6&amp;__cft__[0]=AZUY88CJzBbZr2haCNabqoyzJtzst0A19ZLOQAXUDkwypVdVl8d9vKJgWsajbKZ0cYlaWQ1cm2GPESFiA2HzJnrtL8NLsQf61DxMH3InK064Ha5PQZty1e6eXxUp0UFFJ05fs5_T28fL2_dfyQr0Gh-t_f071zTKvwif3erCmF3dGrwspHilRlw67Kb5DGOI3Cc&amp;__tn__=*NK-R\"><mark style=\"background-color:rgba(0, 0, 0, 0);color:#125277\" class=\"has-inline-color\">#DMM<\/mark><\/a><\/h2>\n\n\n\n<h2 class=\"wp-block-heading\"><a href=\"https:\/\/www.facebook.com\/hashtag\/construyendofuturo?__eep__=6&amp;__cft__[0]=AZUY88CJzBbZr2haCNabqoyzJtzst0A19ZLOQAXUDkwypVdVl8d9vKJgWsajbKZ0cYlaWQ1cm2GPESFiA2HzJnrtL8NLsQf61DxMH3InK064Ha5PQZty1e6eXxUp0UFFJ05fs5_T28fL2_dfyQr0Gh-t_f071zTKvwif3erCmF3dGrwspHilRlw67Kb5DGOI3Cc&amp;__tn__=*NK-R\"><mark style=\"background-color:rgba(0, 0, 0, 0);color:#165275\" class=\"has-inline-color\">#ConstruyendoFuturo<\/mark><\/a><\/h2>\n\n\n\n<iframe src=\"https:\/\/www.facebook.com\/plugins\/post.php?href=https%3A%2F%2Fwww.facebook.com%2Fphoto.php%3Ffbid%3D798411648982964%26set%3Da.359717012852432%26type%3D3&#038;show_text=true&#038;width=970\" width=\"970\" height=\"970\" style=\"border:none;overflow:hidden\" scrolling=\"no\" frameborder=\"0\" allowfullscreen=\"true\" allow=\"autoplay; clipboard-write; encrypted-media; picture-in-picture; web-share\"><\/iframe>\n\n\n\n<figure class=\"wp-block-image size-full is-resized\"><img  title=\"\" decoding=\"async\" src=\"https:\/\/municipalidaddenebaj.com\/wp-content\/uploads\/2024\/03\/image-4.png\"  alt=\"image-4 ELABORACI\u00d3N  DE VELADORAS\"  class=\"wp-image-26829\" style=\"width:1450px;height:auto\"\/><\/figure>\n","protected":false},"excerpt":{"rendered":"<p>Direcci\u00f3n Municipal de la Mujer coordinando esfuerzos con la Secretar\u00eda de Obras Sociales de la&#8230;<\/p>\n","protected":false},"author":2,"featured_media":26830,"comment_status":"open","ping_status":"open","sticky":false,"template":"","format":"standard","meta":{"_eb_attr":"","_monsterinsights_skip_tracking":false,"_monsterinsights_sitenote_active":false,"_monsterinsights_sitenote_note":"","_monsterinsights_sitenote_category":0,"footnotes":""},"categories":[1],"tags":[],"class_list":["post-26827","post","type-post","status-publish","format-standard","has-post-thumbnail","hentry","category-uncategorized"],"featured_image_urls":{"full":["https:\/\/municipalidaddenebaj.com\/wp-content\/uploads\/2024\/03\/431210607_798412082316254_9150659319938892946_n.jpg",1600,1200,false],"thumbnail":["https:\/\/municipalidaddenebaj.com\/wp-content\/uploads\/2024\/03\/431210607_798412082316254_9150659319938892946_n-161x161.jpg",161,161,true],"medium":["https:\/\/municipalidaddenebaj.com\/wp-content\/uploads\/2024\/03\/431210607_798412082316254_9150659319938892946_n-350x263.jpg",350,263,true],"medium_large":["https:\/\/municipalidaddenebaj.com\/wp-content\/uploads\/2024\/03\/431210607_798412082316254_9150659319938892946_n-768x576.jpg",640,480,true],"large":["https:\/\/municipalidaddenebaj.com\/wp-content\/uploads\/2024\/03\/431210607_798412082316254_9150659319938892946_n-1024x768.jpg",510,383,true],"ezd_searrch_thumb16x16":["https:\/\/municipalidaddenebaj.com\/wp-content\/uploads\/2024\/03\/431210607_798412082316254_9150659319938892946_n.jpg",16,12,false],"ezd_searrch_thumb50x50":["https:\/\/municipalidaddenebaj.com\/wp-content\/uploads\/2024\/03\/431210607_798412082316254_9150659319938892946_n.jpg",50,38,false],"1536x1536":["https:\/\/municipalidaddenebaj.com\/wp-content\/uploads\/2024\/03\/431210607_798412082316254_9150659319938892946_n-1536x1152.jpg",1536,1152,true],"2048x2048":["https:\/\/municipalidaddenebaj.com\/wp-content\/uploads\/2024\/03\/431210607_798412082316254_9150659319938892946_n.jpg",1600,1200,false],"covernews-featured":["https:\/\/municipalidaddenebaj.com\/wp-content\/uploads\/2024\/03\/431210607_798412082316254_9150659319938892946_n.jpg",1024,768,false],"covernews-medium":["https:\/\/municipalidaddenebaj.com\/wp-content\/uploads\/2024\/03\/431210607_798412082316254_9150659319938892946_n.jpg",453,340,false],"woocommerce_thumbnail":["https:\/\/municipalidaddenebaj.com\/wp-content\/uploads\/2024\/03\/431210607_798412082316254_9150659319938892946_n-300x300.jpg",300,300,true],"woocommerce_single":["https:\/\/municipalidaddenebaj.com\/wp-content\/uploads\/2024\/03\/431210607_798412082316254_9150659319938892946_n-600x450.jpg",600,450,true],"woocommerce_gallery_thumbnail":["https:\/\/municipalidaddenebaj.com\/wp-content\/uploads\/2024\/03\/431210607_798412082316254_9150659319938892946_n-100x100.jpg",100,100,true]},"author_info":{"display_name":"Editor Editor","author_link":"https:\/\/municipalidaddenebaj.com\/?author=2"},"category_info":"<a href=\"https:\/\/municipalidaddenebaj.com\/?cat=1\" rel=\"category\">Uncategorized<\/a>","tag_info":"Uncategorized","comment_count":"0","_links":{"self":[{"href":"https:\/\/municipalidaddenebaj.com\/index.php?rest_route=\/wp\/v2\/posts\/26827","targetHints":{"allow":["GET"]}}],"collection":[{"href":"https:\/\/municipalidaddenebaj.com\/index.php?rest_route=\/wp\/v2\/posts"}],"about":[{"href":"https:\/\/municipalidaddenebaj.com\/index.php?rest_route=\/wp\/v2\/types\/post"}],"author":[{"embeddable":true,"href":"https:\/\/municipalidaddenebaj.com\/index.php?rest_route=\/wp\/v2\/users\/2"}],"replies":[{"embeddable":true,"href":"https:\/\/municipalidaddenebaj.com\/index.php?rest_route=%2Fwp%2Fv2%2Fcomments&post=26827"}],"version-history":[{"count":0,"href":"https:\/\/municipalidaddenebaj.com\/index.php?rest_route=\/wp\/v2\/posts\/26827\/revisions"}],"wp:featuredmedia":[{"embeddable":true,"href":"https:\/\/municipalidaddenebaj.com\/index.php?rest_route=\/wp\/v2\/media\/26830"}],"wp:attachment":[{"href":"https:\/\/municipalidaddenebaj.com\/index.php?rest_route=%2Fwp%2Fv2%2Fmedia&parent=26827"}],"wp:term":[{"taxonomy":"category","embeddable":true,"href":"https:\/\/municipalidaddenebaj.com\/index.php?rest_route=%2Fwp%2Fv2%2Fcategories&post=26827"},{"taxonomy":"post_tag","embeddable":true,"href":"https:\/\/municipalidaddenebaj.com\/index.php?rest_route=%2Fwp%2Fv2%2Ftags&post=26827"}],"curies":[{"name":"wp","href":"https:\/\/api.w.org\/{rel}","templated":true}]}}