{"id":27092,"date":"2024-03-18T17:12:14","date_gmt":"2024-03-18T17:12:14","guid":{"rendered":"https:\/\/municipalidaddenebaj.com\/?p=27092"},"modified":"2024-03-18T17:12:51","modified_gmt":"2024-03-18T17:12:51","slug":"mejoramiento-red-vial-aldea-salqil-grande","status":"publish","type":"post","link":"https:\/\/municipalidaddenebaj.com\/?p=27092","title":{"rendered":"MEJORAMIENTO RED VIAL ALDEA SALQIL GRANDE"},"content":{"rendered":"\n<h2 class=\"wp-block-heading\"><img  title=\"\" decoding=\"async\" height=\"16\" width=\"16\" src=\"https:\/\/static.xx.fbcdn.net\/images\/emoji.php\/v9\/tba\/1.5\/16\/2705.png\"  alt=\"2705 MEJORAMIENTO RED VIAL ALDEA SALQIL GRANDE\" ><mark style=\"background-color:rgba(0, 0, 0, 0)\" class=\"has-inline-color has-black-color\">As\u00ed se llev\u00f3 a cabo el recibimiento del se\u00f1or alcalde Muncipal <a href=\"https:\/\/www.facebook.com\/profile.php?id=100065359905403&amp;__cft__[0]=AZXw8M06_xlQu68AxMIGyfgLtPLPQTuFG6tIrKBYYEoAxEEeoZqz31gwkvzdve73Tmj5hA4_ODXzI_0SlFX4am_WObNII_hVtLYeyBBek9Q56ZD6Url2MChmb6hmlP6Pt7o2z5ISChbaFKZsAN-N5otbTZTk19qk-1VxxDy1xvKjhQqIAEcvreQginKYJn4JEV4&amp;__tn__=-]K-R\">Ram\u00f3n Raymundo<\/a>, concejal primero y acompa\u00f1antes en la apertura de mejoramiento de la red vial de las calles principales del sector Salquil Grande, donde llegaron alcaldes auxiliares para entrega de solicitudes de proyectos los cuales fueron recibidos por el se\u00f1or alcalde.<\/mark><\/h2>\n\n\n\n<h2 class=\"wp-block-heading\"><mark style=\"background-color:rgba(0, 0, 0, 0)\" class=\"has-inline-color has-black-color\">\u00abAprovechemos los \u00faltimos dos meses de verano para el mejoramiento de las calles principales y no nos agarre de sorpresa la lluvia\u00bb. a\u00f1adi\u00f3 el alcalde en su intervenci\u00f3n.<\/mark><\/h2>\n\n\n\n<h2 class=\"wp-block-heading\"><mark style=\"background-color:rgba(0, 0, 0, 0)\" class=\"has-inline-color has-black-color\">La conservaci\u00f3n y mejoramiento de las calles ser\u00e1n coordinadas por la Direcci\u00f3n Municipal de Caminos Urbano y Rural. -DIMCUR-<\/mark><img  title=\"\" decoding=\"async\" height=\"16\" width=\"16\" src=\"https:\/\/static.xx.fbcdn.net\/images\/emoji.php\/v9\/ta9\/1.5\/16\/1f9ba.png\"  alt=\"1f9ba MEJORAMIENTO RED VIAL ALDEA SALQIL GRANDE\" ><\/h2>\n\n\n\n<h2 class=\"wp-block-heading\"><a href=\"https:\/\/www.facebook.com\/hashtag\/construyendofuturo?__eep__=6&amp;__cft__[0]=AZXw8M06_xlQu68AxMIGyfgLtPLPQTuFG6tIrKBYYEoAxEEeoZqz31gwkvzdve73Tmj5hA4_ODXzI_0SlFX4am_WObNII_hVtLYeyBBek9Q56ZD6Url2MChmb6hmlP6Pt7o2z5ISChbaFKZsAN-N5otbTZTk19qk-1VxxDy1xvKjhQqIAEcvreQginKYJn4JEV4&amp;__tn__=*NK-R\"><mark style=\"background-color:rgba(0, 0, 0, 0);color:#13415b\" class=\"has-inline-color\">#ConstruyendoFuturo<\/mark><\/a><\/h2>\n\n\n\n<iframe src=\"https:\/\/www.facebook.com\/plugins\/post.php?href=https%3A%2F%2Fwww.facebook.com%2Fphoto.php%3Ffbid%3D805346514956144%26set%3Da.359717016185765%26type%3D3&#038;show_text=true&#038;width=990\" width=\"990\" height=\"990\" style=\"border:none;overflow:hidden\" scrolling=\"no\" frameborder=\"0\" allowfullscreen=\"true\" allow=\"autoplay; clipboard-write; encrypted-media; picture-in-picture; web-share\"><\/iframe>\n\n\n\n<figure class=\"wp-block-image size-full is-resized\"><img  title=\"\" decoding=\"async\" src=\"https:\/\/municipalidaddenebaj.com\/wp-content\/uploads\/2024\/03\/image-27.png\"  alt=\"image-27 MEJORAMIENTO RED VIAL ALDEA SALQIL GRANDE\"  class=\"wp-image-27093\" style=\"width:1450px;height:auto\"\/><\/figure>\n","protected":false},"excerpt":{"rendered":"<p>As\u00ed se llev\u00f3 a cabo el recibimiento del se\u00f1or alcalde Muncipal Ram\u00f3n Raymundo, concejal primero&#8230;<\/p>\n","protected":false},"author":2,"featured_media":27094,"comment_status":"open","ping_status":"open","sticky":false,"template":"","format":"standard","meta":{"_eb_attr":"","_monsterinsights_skip_tracking":false,"_monsterinsights_sitenote_active":false,"_monsterinsights_sitenote_note":"","_monsterinsights_sitenote_category":0,"footnotes":""},"categories":[1],"tags":[],"class_list":["post-27092","post","type-post","status-publish","format-standard","has-post-thumbnail","hentry","category-uncategorized"],"featured_image_urls":{"full":["https:\/\/municipalidaddenebaj.com\/wp-content\/uploads\/2024\/03\/432456086_805349288289200_1842147369171465434_n.jpg",2048,1365,false],"thumbnail":["https:\/\/municipalidaddenebaj.com\/wp-content\/uploads\/2024\/03\/432456086_805349288289200_1842147369171465434_n-161x161.jpg",161,161,true],"medium":["https:\/\/municipalidaddenebaj.com\/wp-content\/uploads\/2024\/03\/432456086_805349288289200_1842147369171465434_n-350x233.jpg",350,233,true],"medium_large":["https:\/\/municipalidaddenebaj.com\/wp-content\/uploads\/2024\/03\/432456086_805349288289200_1842147369171465434_n-768x512.jpg",640,427,true],"large":["https:\/\/municipalidaddenebaj.com\/wp-content\/uploads\/2024\/03\/432456086_805349288289200_1842147369171465434_n-1024x683.jpg",510,340,true],"ezd_searrch_thumb16x16":["https:\/\/municipalidaddenebaj.com\/wp-content\/uploads\/2024\/03\/432456086_805349288289200_1842147369171465434_n.jpg",16,11,false],"ezd_searrch_thumb50x50":["https:\/\/municipalidaddenebaj.com\/wp-content\/uploads\/2024\/03\/432456086_805349288289200_1842147369171465434_n.jpg",50,33,false],"1536x1536":["https:\/\/municipalidaddenebaj.com\/wp-content\/uploads\/2024\/03\/432456086_805349288289200_1842147369171465434_n-1536x1024.jpg",1536,1024,true],"2048x2048":["https:\/\/municipalidaddenebaj.com\/wp-content\/uploads\/2024\/03\/432456086_805349288289200_1842147369171465434_n.jpg",2048,1365,false],"covernews-featured":["https:\/\/municipalidaddenebaj.com\/wp-content\/uploads\/2024\/03\/432456086_805349288289200_1842147369171465434_n.jpg",1024,683,false],"covernews-medium":["https:\/\/municipalidaddenebaj.com\/wp-content\/uploads\/2024\/03\/432456086_805349288289200_1842147369171465434_n.jpg",510,340,false],"woocommerce_thumbnail":["https:\/\/municipalidaddenebaj.com\/wp-content\/uploads\/2024\/03\/432456086_805349288289200_1842147369171465434_n-300x300.jpg",300,300,true],"woocommerce_single":["https:\/\/municipalidaddenebaj.com\/wp-content\/uploads\/2024\/03\/432456086_805349288289200_1842147369171465434_n-600x400.jpg",600,400,true],"woocommerce_gallery_thumbnail":["https:\/\/municipalidaddenebaj.com\/wp-content\/uploads\/2024\/03\/432456086_805349288289200_1842147369171465434_n-100x100.jpg",100,100,true]},"author_info":{"display_name":"Editor Editor","author_link":"https:\/\/municipalidaddenebaj.com\/?author=2"},"category_info":"<a href=\"https:\/\/municipalidaddenebaj.com\/?cat=1\" rel=\"category\">Uncategorized<\/a>","tag_info":"Uncategorized","comment_count":"0","_links":{"self":[{"href":"https:\/\/municipalidaddenebaj.com\/index.php?rest_route=\/wp\/v2\/posts\/27092","targetHints":{"allow":["GET"]}}],"collection":[{"href":"https:\/\/municipalidaddenebaj.com\/index.php?rest_route=\/wp\/v2\/posts"}],"about":[{"href":"https:\/\/municipalidaddenebaj.com\/index.php?rest_route=\/wp\/v2\/types\/post"}],"author":[{"embeddable":true,"href":"https:\/\/municipalidaddenebaj.com\/index.php?rest_route=\/wp\/v2\/users\/2"}],"replies":[{"embeddable":true,"href":"https:\/\/municipalidaddenebaj.com\/index.php?rest_route=%2Fwp%2Fv2%2Fcomments&post=27092"}],"version-history":[{"count":0,"href":"https:\/\/municipalidaddenebaj.com\/index.php?rest_route=\/wp\/v2\/posts\/27092\/revisions"}],"wp:featuredmedia":[{"embeddable":true,"href":"https:\/\/municipalidaddenebaj.com\/index.php?rest_route=\/wp\/v2\/media\/27094"}],"wp:attachment":[{"href":"https:\/\/municipalidaddenebaj.com\/index.php?rest_route=%2Fwp%2Fv2%2Fmedia&parent=27092"}],"wp:term":[{"taxonomy":"category","embeddable":true,"href":"https:\/\/municipalidaddenebaj.com\/index.php?rest_route=%2Fwp%2Fv2%2Fcategories&post=27092"},{"taxonomy":"post_tag","embeddable":true,"href":"https:\/\/municipalidaddenebaj.com\/index.php?rest_route=%2Fwp%2Fv2%2Ftags&post=27092"}],"curies":[{"name":"wp","href":"https:\/\/api.w.org\/{rel}","templated":true}]}}