{"id":27156,"date":"2024-03-18T20:18:51","date_gmt":"2024-03-18T20:18:51","guid":{"rendered":"https:\/\/municipalidaddenebaj.com\/?p=27156"},"modified":"2024-03-18T20:19:39","modified_gmt":"2024-03-18T20:19:39","slug":"reorganizacion-de-la-coordinadora-municipal-para-la-reduccion-de-desastre","status":"publish","type":"post","link":"https:\/\/municipalidaddenebaj.com\/?p=27156","title":{"rendered":"REORGANIZACI\u00d3N  DE LA COORDINADORA MUNICIPAL PARA LA REDUCCI\u00d3N DE DESASTRE."},"content":{"rendered":"\n<h2 class=\"wp-block-heading\"><mark style=\"background-color:rgba(0, 0, 0, 0)\" class=\"has-inline-color has-black-color\">La Direcci\u00f3n Municipal de Ordenamiento Territorial -DIMOT<\/mark>&#8211;<\/h2>\n\n\n\n<h2 class=\"wp-block-heading\"><mark style=\"background-color:rgba(0, 0, 0, 0)\" class=\"has-inline-color has-black-color\">Llev\u00f3 a cabo reuni\u00f3n sobre la reorganizaci\u00f3n de la Coordinadora Municipal para la reducci\u00f3n de Desastres (COMRED).<\/mark><\/h2>\n\n\n\n<h2 class=\"wp-block-heading\"><mark style=\"background-color:rgba(0, 0, 0, 0)\" class=\"has-inline-color has-black-color\">Con el objetivo de tener equipos integrados para cualquier emergencia.<\/mark><\/h2>\n\n\n\n<h2 class=\"wp-block-heading\"><mark style=\"background-color:rgba(0, 0, 0, 0)\" class=\"has-inline-color has-black-color\">Actividad que es respaldado por el se\u00f1or alcalde Municipal <a href=\"https:\/\/www.facebook.com\/profile.php?id=100065359905403&amp;__cft__[0]=AZXcLyvasqhyrgAH_D89o9HINJ115YPaRhqf6P8N0fUcqyFf4MmCQ3so66sQW7Dw7LGirIfEZVyao0w5mEopenSehW3Pau8mRBK4UcB8ZtqoRdM5QllmHnnfzsjV6pfSf0Q6b-AMB5mrEjO1vpnJ4K4tcaUcFKbgkqdiS2zjfo_iL9JUB-Z3f1pv8aVs5w98E4k&amp;__tn__=-]K-R\">Ram\u00f3n Raymundo<\/a> Y Concejo.<\/mark><\/h2>\n\n\n\n<h2 class=\"wp-block-heading\"><a href=\"https:\/\/www.facebook.com\/hashtag\/construyendofuturo?__eep__=6&amp;__cft__[0]=AZXcLyvasqhyrgAH_D89o9HINJ115YPaRhqf6P8N0fUcqyFf4MmCQ3so66sQW7Dw7LGirIfEZVyao0w5mEopenSehW3Pau8mRBK4UcB8ZtqoRdM5QllmHnnfzsjV6pfSf0Q6b-AMB5mrEjO1vpnJ4K4tcaUcFKbgkqdiS2zjfo_iL9JUB-Z3f1pv8aVs5w98E4k&amp;__tn__=*NK-R\"><mark style=\"background-color:rgba(0, 0, 0, 0);color:#1b4e6b\" class=\"has-inline-color\">#ConstruyendoFuturo<\/mark><\/a><\/h2>\n\n\n\n<h2 class=\"wp-block-heading\"><a href=\"https:\/\/www.facebook.com\/hashtag\/pornebaj?__eep__=6&amp;__cft__[0]=AZXcLyvasqhyrgAH_D89o9HINJ115YPaRhqf6P8N0fUcqyFf4MmCQ3so66sQW7Dw7LGirIfEZVyao0w5mEopenSehW3Pau8mRBK4UcB8ZtqoRdM5QllmHnnfzsjV6pfSf0Q6b-AMB5mrEjO1vpnJ4K4tcaUcFKbgkqdiS2zjfo_iL9JUB-Z3f1pv8aVs5w98E4k&amp;__tn__=*NK-R\"><mark style=\"background-color:rgba(0, 0, 0, 0);color:#123041\" class=\"has-inline-color\">#PorNebaj<\/mark><\/a><\/h2>\n\n\n\n<iframe src=\"https:\/\/www.facebook.com\/plugins\/post.php?href=https%3A%2F%2Fwww.facebook.com%2Fphoto.php%3Ffbid%3D805405411616921%26set%3Da.359717016185765%26type%3D3&#038;show_text=true&#038;width=990\" width=\"990\" height=\"990\" style=\"border:none;overflow:hidden\" scrolling=\"no\" frameborder=\"0\" allowfullscreen=\"true\" allow=\"autoplay; clipboard-write; encrypted-media; picture-in-picture; web-share\"><\/iframe>\n\n\n\n<figure class=\"wp-block-image size-full is-resized\"><img  title=\"\" decoding=\"async\" src=\"https:\/\/municipalidaddenebaj.com\/wp-content\/uploads\/2024\/03\/image-28.png\"  alt=\"image-28 REORGANIZACI\u00d3N  DE LA COORDINADORA MUNICIPAL PARA LA REDUCCI\u00d3N DE DESASTRE.\"  class=\"wp-image-27157\" style=\"width:1450px;height:auto\"\/><\/figure>\n","protected":false},"excerpt":{"rendered":"<p>La Direcci\u00f3n Municipal de Ordenamiento Territorial -DIMOT&#8211; Llev\u00f3 a cabo reuni\u00f3n sobre la reorganizaci\u00f3n de&#8230;<\/p>\n","protected":false},"author":2,"featured_media":27158,"comment_status":"open","ping_status":"open","sticky":false,"template":"","format":"standard","meta":{"_eb_attr":"","_monsterinsights_skip_tracking":false,"_monsterinsights_sitenote_active":false,"_monsterinsights_sitenote_note":"","_monsterinsights_sitenote_category":0,"footnotes":""},"categories":[1],"tags":[],"class_list":["post-27156","post","type-post","status-publish","format-standard","has-post-thumbnail","hentry","category-uncategorized"],"featured_image_urls":{"full":["https:\/\/municipalidaddenebaj.com\/wp-content\/uploads\/2024\/03\/432465611_805405641616898_3873637531804459441_n.jpg",2048,1365,false],"thumbnail":["https:\/\/municipalidaddenebaj.com\/wp-content\/uploads\/2024\/03\/432465611_805405641616898_3873637531804459441_n-161x161.jpg",161,161,true],"medium":["https:\/\/municipalidaddenebaj.com\/wp-content\/uploads\/2024\/03\/432465611_805405641616898_3873637531804459441_n-350x233.jpg",350,233,true],"medium_large":["https:\/\/municipalidaddenebaj.com\/wp-content\/uploads\/2024\/03\/432465611_805405641616898_3873637531804459441_n-768x512.jpg",640,427,true],"large":["https:\/\/municipalidaddenebaj.com\/wp-content\/uploads\/2024\/03\/432465611_805405641616898_3873637531804459441_n-1024x683.jpg",510,340,true],"ezd_searrch_thumb16x16":["https:\/\/municipalidaddenebaj.com\/wp-content\/uploads\/2024\/03\/432465611_805405641616898_3873637531804459441_n.jpg",16,11,false],"ezd_searrch_thumb50x50":["https:\/\/municipalidaddenebaj.com\/wp-content\/uploads\/2024\/03\/432465611_805405641616898_3873637531804459441_n.jpg",50,33,false],"1536x1536":["https:\/\/municipalidaddenebaj.com\/wp-content\/uploads\/2024\/03\/432465611_805405641616898_3873637531804459441_n-1536x1024.jpg",1536,1024,true],"2048x2048":["https:\/\/municipalidaddenebaj.com\/wp-content\/uploads\/2024\/03\/432465611_805405641616898_3873637531804459441_n.jpg",2048,1365,false],"covernews-featured":["https:\/\/municipalidaddenebaj.com\/wp-content\/uploads\/2024\/03\/432465611_805405641616898_3873637531804459441_n.jpg",1024,683,false],"covernews-medium":["https:\/\/municipalidaddenebaj.com\/wp-content\/uploads\/2024\/03\/432465611_805405641616898_3873637531804459441_n.jpg",510,340,false],"woocommerce_thumbnail":["https:\/\/municipalidaddenebaj.com\/wp-content\/uploads\/2024\/03\/432465611_805405641616898_3873637531804459441_n-300x300.jpg",300,300,true],"woocommerce_single":["https:\/\/municipalidaddenebaj.com\/wp-content\/uploads\/2024\/03\/432465611_805405641616898_3873637531804459441_n-600x400.jpg",600,400,true],"woocommerce_gallery_thumbnail":["https:\/\/municipalidaddenebaj.com\/wp-content\/uploads\/2024\/03\/432465611_805405641616898_3873637531804459441_n-100x100.jpg",100,100,true]},"author_info":{"display_name":"Editor Editor","author_link":"https:\/\/municipalidaddenebaj.com\/?author=2"},"category_info":"<a href=\"https:\/\/municipalidaddenebaj.com\/?cat=1\" rel=\"category\">Uncategorized<\/a>","tag_info":"Uncategorized","comment_count":"0","_links":{"self":[{"href":"https:\/\/municipalidaddenebaj.com\/index.php?rest_route=\/wp\/v2\/posts\/27156","targetHints":{"allow":["GET"]}}],"collection":[{"href":"https:\/\/municipalidaddenebaj.com\/index.php?rest_route=\/wp\/v2\/posts"}],"about":[{"href":"https:\/\/municipalidaddenebaj.com\/index.php?rest_route=\/wp\/v2\/types\/post"}],"author":[{"embeddable":true,"href":"https:\/\/municipalidaddenebaj.com\/index.php?rest_route=\/wp\/v2\/users\/2"}],"replies":[{"embeddable":true,"href":"https:\/\/municipalidaddenebaj.com\/index.php?rest_route=%2Fwp%2Fv2%2Fcomments&post=27156"}],"version-history":[{"count":0,"href":"https:\/\/municipalidaddenebaj.com\/index.php?rest_route=\/wp\/v2\/posts\/27156\/revisions"}],"wp:featuredmedia":[{"embeddable":true,"href":"https:\/\/municipalidaddenebaj.com\/index.php?rest_route=\/wp\/v2\/media\/27158"}],"wp:attachment":[{"href":"https:\/\/municipalidaddenebaj.com\/index.php?rest_route=%2Fwp%2Fv2%2Fmedia&parent=27156"}],"wp:term":[{"taxonomy":"category","embeddable":true,"href":"https:\/\/municipalidaddenebaj.com\/index.php?rest_route=%2Fwp%2Fv2%2Fcategories&post=27156"},{"taxonomy":"post_tag","embeddable":true,"href":"https:\/\/municipalidaddenebaj.com\/index.php?rest_route=%2Fwp%2Fv2%2Ftags&post=27156"}],"curies":[{"name":"wp","href":"https:\/\/api.w.org\/{rel}","templated":true}]}}