{"id":27170,"date":"2024-03-20T22:25:27","date_gmt":"2024-03-20T22:25:27","guid":{"rendered":"https:\/\/municipalidaddenebaj.com\/?p=27170"},"modified":"2024-03-20T22:25:28","modified_gmt":"2024-03-20T22:25:28","slug":"fortalecimiento-del-vivero","status":"publish","type":"post","link":"https:\/\/municipalidaddenebaj.com\/?p=27170","title":{"rendered":"FORTALECIMIENTO  DEL VIVERO"},"content":{"rendered":"\n<h2 class=\"wp-block-heading\"><mark style=\"background-color:rgba(0, 0, 0, 0)\" class=\"has-inline-color has-black-color\">La municipalidad de Nebaj a trav\u00e9s del se\u00f1or alcalde municipal <a href=\"https:\/\/www.facebook.com\/profile.php?id=100065359905403&amp;__cft__[0]=AZUGf9cPh9pqjswM-9Jk-8uIwSkjNw19mVOCBkTiu6ac3Qsmkv8000plavjeAem0_TCpZoxn4F5jkv1YDei1eeoR74uUhiNGTsvRDaYUnYogvCo-BZpcQ6t5MRF5iLsFWXO9KuLVP4AO-mMVUnofhBwBFCz8NdNWRt9BrJJw-_D0qjxIwVuHXxCpd2UTUggMwwk&amp;__tn__=-]K-R\">Ram\u00f3n Raymundo<\/a>, la Mancomunidad del Norte de Quich\u00e9 (MANORQ) del Proyecto Integral de Agua, Higiene y Saneamiento (IWASH) se logr\u00f3 gestionar apoyo de la Uni\u00f3n Europea (UE) para el fortalecimiento del vivero de la Escuela T\u00e9cnica de Campo de Agricultura para Alimentaci\u00f3n Escolar -ETCAE- con el objetivo de producci\u00f3n de pl\u00e1ntulas que ayuden a recuperar la cobertura forestal a trav\u00e9s de jornadas de reforestaci\u00f3n.<\/mark><\/h2>\n\n\n\n<h2 class=\"wp-block-heading\"><mark style=\"background-color:rgba(0, 0, 0, 0)\" class=\"has-inline-color has-black-color\">gestiones que coordinadas por la Direcci\u00f3n Municipal de Asuntos Sociales y Econ\u00f3micos. -DIMASEC-<\/mark><\/h2>\n\n\n\n<h2 class=\"wp-block-heading\"><a href=\"https:\/\/www.facebook.com\/hashtag\/dimasec?__eep__=6&amp;__cft__[0]=AZUGf9cPh9pqjswM-9Jk-8uIwSkjNw19mVOCBkTiu6ac3Qsmkv8000plavjeAem0_TCpZoxn4F5jkv1YDei1eeoR74uUhiNGTsvRDaYUnYogvCo-BZpcQ6t5MRF5iLsFWXO9KuLVP4AO-mMVUnofhBwBFCz8NdNWRt9BrJJw-_D0qjxIwVuHXxCpd2UTUggMwwk&amp;__tn__=*NK-R\">#DIMASEC<\/a><\/h2>\n\n\n\n<h2 class=\"wp-block-heading\"><a href=\"https:\/\/www.facebook.com\/hashtag\/construyendofuturo?__eep__=6&amp;__cft__[0]=AZUGf9cPh9pqjswM-9Jk-8uIwSkjNw19mVOCBkTiu6ac3Qsmkv8000plavjeAem0_TCpZoxn4F5jkv1YDei1eeoR74uUhiNGTsvRDaYUnYogvCo-BZpcQ6t5MRF5iLsFWXO9KuLVP4AO-mMVUnofhBwBFCz8NdNWRt9BrJJw-_D0qjxIwVuHXxCpd2UTUggMwwk&amp;__tn__=*NK-R\">#ConstruyendoFuturo<\/a><\/h2>\n\n\n\n<iframe src=\"https:\/\/www.facebook.com\/plugins\/post.php?href=https%3A%2F%2Fwww.facebook.com%2Fphoto.php%3Ffbid%3D806548038169325%26set%3Da.359717016185765%26type%3D3&#038;show_text=true&#038;width=990\" width=\"990\" height=\"990\" style=\"border:none;overflow:hidden\" scrolling=\"no\" frameborder=\"0\" allowfullscreen=\"true\" allow=\"autoplay; clipboard-write; encrypted-media; picture-in-picture; web-share\"><\/iframe>\n\n\n\n<figure class=\"wp-block-image size-full is-resized\"><img  title=\"\" decoding=\"async\" src=\"https:\/\/municipalidaddenebaj.com\/wp-content\/uploads\/2024\/03\/image-31.png\"  alt=\"image-31 FORTALECIMIENTO  DEL VIVERO\"  class=\"wp-image-27171\" style=\"width:1450px;height:auto\"\/><\/figure>\n","protected":false},"excerpt":{"rendered":"<p>La municipalidad de Nebaj a trav\u00e9s del se\u00f1or alcalde municipal Ram\u00f3n Raymundo, la Mancomunidad del&#8230;<\/p>\n","protected":false},"author":2,"featured_media":27172,"comment_status":"open","ping_status":"open","sticky":false,"template":"","format":"standard","meta":{"_eb_attr":"","_monsterinsights_skip_tracking":false,"_monsterinsights_sitenote_active":false,"_monsterinsights_sitenote_note":"","_monsterinsights_sitenote_category":0,"footnotes":""},"categories":[1],"tags":[],"class_list":["post-27170","post","type-post","status-publish","format-standard","has-post-thumbnail","hentry","category-uncategorized"],"featured_image_urls":{"full":["https:\/\/municipalidaddenebaj.com\/wp-content\/uploads\/2024\/03\/434071070_806548218169307_724896566645725705_n.jpg",1280,853,false],"thumbnail":["https:\/\/municipalidaddenebaj.com\/wp-content\/uploads\/2024\/03\/434071070_806548218169307_724896566645725705_n-161x161.jpg",161,161,true],"medium":["https:\/\/municipalidaddenebaj.com\/wp-content\/uploads\/2024\/03\/434071070_806548218169307_724896566645725705_n-350x233.jpg",350,233,true],"medium_large":["https:\/\/municipalidaddenebaj.com\/wp-content\/uploads\/2024\/03\/434071070_806548218169307_724896566645725705_n-768x512.jpg",640,427,true],"large":["https:\/\/municipalidaddenebaj.com\/wp-content\/uploads\/2024\/03\/434071070_806548218169307_724896566645725705_n-1024x682.jpg",510,340,true],"ezd_searrch_thumb16x16":["https:\/\/municipalidaddenebaj.com\/wp-content\/uploads\/2024\/03\/434071070_806548218169307_724896566645725705_n.jpg",16,11,false],"ezd_searrch_thumb50x50":["https:\/\/municipalidaddenebaj.com\/wp-content\/uploads\/2024\/03\/434071070_806548218169307_724896566645725705_n.jpg",50,33,false],"1536x1536":["https:\/\/municipalidaddenebaj.com\/wp-content\/uploads\/2024\/03\/434071070_806548218169307_724896566645725705_n.jpg",1280,853,false],"2048x2048":["https:\/\/municipalidaddenebaj.com\/wp-content\/uploads\/2024\/03\/434071070_806548218169307_724896566645725705_n.jpg",1280,853,false],"covernews-featured":["https:\/\/municipalidaddenebaj.com\/wp-content\/uploads\/2024\/03\/434071070_806548218169307_724896566645725705_n.jpg",1024,682,false],"covernews-medium":["https:\/\/municipalidaddenebaj.com\/wp-content\/uploads\/2024\/03\/434071070_806548218169307_724896566645725705_n.jpg",510,340,false],"woocommerce_thumbnail":["https:\/\/municipalidaddenebaj.com\/wp-content\/uploads\/2024\/03\/434071070_806548218169307_724896566645725705_n-300x300.jpg",300,300,true],"woocommerce_single":["https:\/\/municipalidaddenebaj.com\/wp-content\/uploads\/2024\/03\/434071070_806548218169307_724896566645725705_n-600x400.jpg",600,400,true],"woocommerce_gallery_thumbnail":["https:\/\/municipalidaddenebaj.com\/wp-content\/uploads\/2024\/03\/434071070_806548218169307_724896566645725705_n-100x100.jpg",100,100,true]},"author_info":{"display_name":"Editor Editor","author_link":"https:\/\/municipalidaddenebaj.com\/?author=2"},"category_info":"<a href=\"https:\/\/municipalidaddenebaj.com\/?cat=1\" rel=\"category\">Uncategorized<\/a>","tag_info":"Uncategorized","comment_count":"0","_links":{"self":[{"href":"https:\/\/municipalidaddenebaj.com\/index.php?rest_route=\/wp\/v2\/posts\/27170","targetHints":{"allow":["GET"]}}],"collection":[{"href":"https:\/\/municipalidaddenebaj.com\/index.php?rest_route=\/wp\/v2\/posts"}],"about":[{"href":"https:\/\/municipalidaddenebaj.com\/index.php?rest_route=\/wp\/v2\/types\/post"}],"author":[{"embeddable":true,"href":"https:\/\/municipalidaddenebaj.com\/index.php?rest_route=\/wp\/v2\/users\/2"}],"replies":[{"embeddable":true,"href":"https:\/\/municipalidaddenebaj.com\/index.php?rest_route=%2Fwp%2Fv2%2Fcomments&post=27170"}],"version-history":[{"count":0,"href":"https:\/\/municipalidaddenebaj.com\/index.php?rest_route=\/wp\/v2\/posts\/27170\/revisions"}],"wp:featuredmedia":[{"embeddable":true,"href":"https:\/\/municipalidaddenebaj.com\/index.php?rest_route=\/wp\/v2\/media\/27172"}],"wp:attachment":[{"href":"https:\/\/municipalidaddenebaj.com\/index.php?rest_route=%2Fwp%2Fv2%2Fmedia&parent=27170"}],"wp:term":[{"taxonomy":"category","embeddable":true,"href":"https:\/\/municipalidaddenebaj.com\/index.php?rest_route=%2Fwp%2Fv2%2Fcategories&post=27170"},{"taxonomy":"post_tag","embeddable":true,"href":"https:\/\/municipalidaddenebaj.com\/index.php?rest_route=%2Fwp%2Fv2%2Ftags&post=27170"}],"curies":[{"name":"wp","href":"https:\/\/api.w.org\/{rel}","templated":true}]}}