{"id":27178,"date":"2024-03-21T21:35:00","date_gmt":"2024-03-21T21:35:00","guid":{"rendered":"https:\/\/municipalidaddenebaj.com\/?p=27178"},"modified":"2024-03-21T21:35:02","modified_gmt":"2024-03-21T21:35:02","slug":"jornada-de-limpieza","status":"publish","type":"post","link":"https:\/\/municipalidaddenebaj.com\/?p=27178","title":{"rendered":"JORNADA DE LIMPIEZA"},"content":{"rendered":"\n<h2 class=\"wp-block-heading\"><a href=\"https:\/\/www.facebook.com\/hashtag\/jornadasdelimpieza?__eep__=6&amp;__cft__[0]=AZUVRNBapRAk1dw-t7n3nDbliD3yxvAWyaIE8jCQEO9Rn990kCNuTJZlGOQz5zW0o_0VksKgHS8sXf90EuWriYtskTSg6O0Qsy3aP3ER3X-1zpVx1suWUzXUP9zePKnldaAeT_K0gGhmiKAKi5dEOkxAMiVn4VJ8-mnm3pQmVHzwzPmDDD040BXcT-YX7fUMJw4&amp;__tn__=*NK-R\">#JornadasDeLimpieza<\/a><\/h2>\n\n\n\n<h2 class=\"wp-block-heading\"><mark style=\"background-color:rgba(0, 0, 0, 0)\" class=\"has-inline-color has-black-color\">La Direcci\u00f3n Municipal de Servicios P\u00fablicos Continua con las jornadas de limpieza, hoy se est\u00e1 limpiando el cementerio general.<\/mark><\/h2>\n\n\n\n<h2 class=\"wp-block-heading\"><mark style=\"background-color:rgba(0, 0, 0, 0)\" class=\"has-inline-color has-black-color\">Con el objetivo de mantener el municipio limpio y agradable para la poblaci\u00f3n y las personas que nos visitan.<\/mark><\/h2>\n\n\n\n<h2 class=\"wp-block-heading\"><a href=\"https:\/\/www.facebook.com\/hashtag\/construyendofuturo?__eep__=6&amp;__cft__[0]=AZUVRNBapRAk1dw-t7n3nDbliD3yxvAWyaIE8jCQEO9Rn990kCNuTJZlGOQz5zW0o_0VksKgHS8sXf90EuWriYtskTSg6O0Qsy3aP3ER3X-1zpVx1suWUzXUP9zePKnldaAeT_K0gGhmiKAKi5dEOkxAMiVn4VJ8-mnm3pQmVHzwzPmDDD040BXcT-YX7fUMJw4&amp;__tn__=*NK-R\"><mark style=\"background-color:rgba(0, 0, 0, 0);color:#194158\" class=\"has-inline-color\">#ConstruyendoFuturo<\/mark><\/a><\/h2>\n\n\n\n<h2 class=\"wp-block-heading\"><a href=\"https:\/\/www.facebook.com\/hashtag\/pornebaj?__eep__=6&amp;__cft__[0]=AZUVRNBapRAk1dw-t7n3nDbliD3yxvAWyaIE8jCQEO9Rn990kCNuTJZlGOQz5zW0o_0VksKgHS8sXf90EuWriYtskTSg6O0Qsy3aP3ER3X-1zpVx1suWUzXUP9zePKnldaAeT_K0gGhmiKAKi5dEOkxAMiVn4VJ8-mnm3pQmVHzwzPmDDD040BXcT-YX7fUMJw4&amp;__tn__=*NK-R\"><mark style=\"background-color:rgba(0, 0, 0, 0);color:#1d4e6a\" class=\"has-inline-color\">#PorNebaj<\/mark><\/a><\/h2>\n\n\n\n<iframe src=\"https:\/\/www.facebook.com\/plugins\/post.php?href=https%3A%2F%2Fwww.facebook.com%2Fphoto.php%3Ffbid%3D807122178111911%26set%3Da.359717016185765%26type%3D3&#038;show_text=true&#038;width=990\" width=\"990\" height=\"990\" style=\"border:none;overflow:hidden\" scrolling=\"no\" frameborder=\"0\" allowfullscreen=\"true\" allow=\"autoplay; clipboard-write; encrypted-media; picture-in-picture; web-share\"><\/iframe>\n\n\n\n<figure class=\"wp-block-image size-full is-resized\"><img  title=\"\" decoding=\"async\" src=\"https:\/\/municipalidaddenebaj.com\/wp-content\/uploads\/2024\/03\/image-33.png\"  alt=\"image-33 JORNADA DE LIMPIEZA\"  class=\"wp-image-27179\" style=\"width:1450px;height:auto\"\/><\/figure>\n","protected":false},"excerpt":{"rendered":"<p>#JornadasDeLimpieza La Direcci\u00f3n Municipal de Servicios P\u00fablicos Continua con las jornadas de limpieza, hoy se&#8230;<\/p>\n","protected":false},"author":2,"featured_media":27180,"comment_status":"open","ping_status":"open","sticky":false,"template":"","format":"standard","meta":{"_eb_attr":"","_monsterinsights_skip_tracking":false,"_monsterinsights_sitenote_active":false,"_monsterinsights_sitenote_note":"","_monsterinsights_sitenote_category":0,"footnotes":""},"categories":[1],"tags":[],"class_list":["post-27178","post","type-post","status-publish","format-standard","has-post-thumbnail","hentry","category-uncategorized"],"featured_image_urls":{"full":["https:\/\/municipalidaddenebaj.com\/wp-content\/uploads\/2024\/03\/434069579_807122801445182_8208757910087427468_n.jpg",2048,1365,false],"thumbnail":["https:\/\/municipalidaddenebaj.com\/wp-content\/uploads\/2024\/03\/434069579_807122801445182_8208757910087427468_n-161x161.jpg",161,161,true],"medium":["https:\/\/municipalidaddenebaj.com\/wp-content\/uploads\/2024\/03\/434069579_807122801445182_8208757910087427468_n-350x233.jpg",350,233,true],"medium_large":["https:\/\/municipalidaddenebaj.com\/wp-content\/uploads\/2024\/03\/434069579_807122801445182_8208757910087427468_n-768x512.jpg",640,427,true],"large":["https:\/\/municipalidaddenebaj.com\/wp-content\/uploads\/2024\/03\/434069579_807122801445182_8208757910087427468_n-1024x683.jpg",510,340,true],"ezd_searrch_thumb16x16":["https:\/\/municipalidaddenebaj.com\/wp-content\/uploads\/2024\/03\/434069579_807122801445182_8208757910087427468_n.jpg",16,11,false],"ezd_searrch_thumb50x50":["https:\/\/municipalidaddenebaj.com\/wp-content\/uploads\/2024\/03\/434069579_807122801445182_8208757910087427468_n.jpg",50,33,false],"1536x1536":["https:\/\/municipalidaddenebaj.com\/wp-content\/uploads\/2024\/03\/434069579_807122801445182_8208757910087427468_n-1536x1024.jpg",1536,1024,true],"2048x2048":["https:\/\/municipalidaddenebaj.com\/wp-content\/uploads\/2024\/03\/434069579_807122801445182_8208757910087427468_n.jpg",2048,1365,false],"covernews-featured":["https:\/\/municipalidaddenebaj.com\/wp-content\/uploads\/2024\/03\/434069579_807122801445182_8208757910087427468_n.jpg",1024,683,false],"covernews-medium":["https:\/\/municipalidaddenebaj.com\/wp-content\/uploads\/2024\/03\/434069579_807122801445182_8208757910087427468_n.jpg",510,340,false],"woocommerce_thumbnail":["https:\/\/municipalidaddenebaj.com\/wp-content\/uploads\/2024\/03\/434069579_807122801445182_8208757910087427468_n-300x300.jpg",300,300,true],"woocommerce_single":["https:\/\/municipalidaddenebaj.com\/wp-content\/uploads\/2024\/03\/434069579_807122801445182_8208757910087427468_n-600x400.jpg",600,400,true],"woocommerce_gallery_thumbnail":["https:\/\/municipalidaddenebaj.com\/wp-content\/uploads\/2024\/03\/434069579_807122801445182_8208757910087427468_n-100x100.jpg",100,100,true]},"author_info":{"display_name":"Editor Editor","author_link":"https:\/\/municipalidaddenebaj.com\/?author=2"},"category_info":"<a href=\"https:\/\/municipalidaddenebaj.com\/?cat=1\" rel=\"category\">Uncategorized<\/a>","tag_info":"Uncategorized","comment_count":"0","_links":{"self":[{"href":"https:\/\/municipalidaddenebaj.com\/index.php?rest_route=\/wp\/v2\/posts\/27178","targetHints":{"allow":["GET"]}}],"collection":[{"href":"https:\/\/municipalidaddenebaj.com\/index.php?rest_route=\/wp\/v2\/posts"}],"about":[{"href":"https:\/\/municipalidaddenebaj.com\/index.php?rest_route=\/wp\/v2\/types\/post"}],"author":[{"embeddable":true,"href":"https:\/\/municipalidaddenebaj.com\/index.php?rest_route=\/wp\/v2\/users\/2"}],"replies":[{"embeddable":true,"href":"https:\/\/municipalidaddenebaj.com\/index.php?rest_route=%2Fwp%2Fv2%2Fcomments&post=27178"}],"version-history":[{"count":0,"href":"https:\/\/municipalidaddenebaj.com\/index.php?rest_route=\/wp\/v2\/posts\/27178\/revisions"}],"wp:featuredmedia":[{"embeddable":true,"href":"https:\/\/municipalidaddenebaj.com\/index.php?rest_route=\/wp\/v2\/media\/27180"}],"wp:attachment":[{"href":"https:\/\/municipalidaddenebaj.com\/index.php?rest_route=%2Fwp%2Fv2%2Fmedia&parent=27178"}],"wp:term":[{"taxonomy":"category","embeddable":true,"href":"https:\/\/municipalidaddenebaj.com\/index.php?rest_route=%2Fwp%2Fv2%2Fcategories&post=27178"},{"taxonomy":"post_tag","embeddable":true,"href":"https:\/\/municipalidaddenebaj.com\/index.php?rest_route=%2Fwp%2Fv2%2Ftags&post=27178"}],"curies":[{"name":"wp","href":"https:\/\/api.w.org\/{rel}","templated":true}]}}