{"id":27186,"date":"2024-03-21T22:54:21","date_gmt":"2024-03-21T22:54:21","guid":{"rendered":"https:\/\/municipalidaddenebaj.com\/?p=27186"},"modified":"2024-03-21T22:54:23","modified_gmt":"2024-03-21T22:54:23","slug":"ordenamiento-vial","status":"publish","type":"post","link":"https:\/\/municipalidaddenebaj.com\/?p=27186","title":{"rendered":"ORDENAMIENTO VIAL"},"content":{"rendered":"\n<h2 class=\"wp-block-heading\"><mark style=\"background-color:rgba(0, 0, 0, 0)\" class=\"has-inline-color has-black-color\">La Polic\u00eda Municipal de Tr\u00e1nsito Con el objeto de ordenamiento vial, especialmente en las calles principales de la cabecera municipal iniciaron se\u00f1alizaci\u00f3n de prohibici\u00f3n de estacionamiento.<\/mark><\/h2>\n\n\n\n<h2 class=\"wp-block-heading\"><mark style=\"background-color:rgba(0, 0, 0, 0)\" class=\"has-inline-color has-black-color\"><strong>Cuya finalidad es ayudar la fluidez vehicular a una mayor seguridad para los peatones.<\/strong><\/mark><\/h2>\n\n\n\n<h2 class=\"wp-block-heading\"><strong><mark style=\"background-color:rgba(0, 0, 0, 0)\" class=\"has-inline-color has-black-color\">Es importante que todos colaboremos para mantener un municipio ordenado.<\/mark><\/strong><\/h2>\n\n\n\n<h2 class=\"wp-block-heading\"><strong><mark style=\"background-color:rgba(0, 0, 0, 0)\" class=\"has-inline-color has-black-color\">Son gestiones que prioriza el se\u00f1or alcalde Municipal <a href=\"https:\/\/www.facebook.com\/profile.php?id=100065359905403&amp;__cft__[0]=AZUoWw-KpBmlToUXDtuH78OqCPi-5fxm0vDKWTQpARGjGP9gzrkRLl5GFRAz3gouCdUchh9AidbKOyeyDKLV3oaEBsKHuKnlAhp3k3kZF9DaH9ZPXJ43Ncw03Cmx86vj-K-NskY1uhonvlWNdv7rffTm2kOF_e5uvxtDgzR3st1bJljpglEeJHgvkRqxuXVR40A&amp;__tn__=-]K-R\">Ram\u00f3n Raymundo<\/a> en beneficio de la poblaci\u00f3n.<\/mark><\/strong><\/h2>\n\n\n\n<p><a href=\"https:\/\/www.facebook.com\/hashtag\/construyendofuturo?__eep__=6&amp;__cft__[0]=AZUoWw-KpBmlToUXDtuH78OqCPi-5fxm0vDKWTQpARGjGP9gzrkRLl5GFRAz3gouCdUchh9AidbKOyeyDKLV3oaEBsKHuKnlAhp3k3kZF9DaH9ZPXJ43Ncw03Cmx86vj-K-NskY1uhonvlWNdv7rffTm2kOF_e5uvxtDgzR3st1bJljpglEeJHgvkRqxuXVR40A&amp;__tn__=*NK-R\">#ConstruyendoFuturo<\/a><\/p>\n\n\n\n<p><a href=\"https:\/\/www.facebook.com\/hashtag\/pornebaj?__eep__=6&amp;__cft__[0]=AZUoWw-KpBmlToUXDtuH78OqCPi-5fxm0vDKWTQpARGjGP9gzrkRLl5GFRAz3gouCdUchh9AidbKOyeyDKLV3oaEBsKHuKnlAhp3k3kZF9DaH9ZPXJ43Ncw03Cmx86vj-K-NskY1uhonvlWNdv7rffTm2kOF_e5uvxtDgzR3st1bJljpglEeJHgvkRqxuXVR40A&amp;__tn__=*NK-R\">#PorNebaj<\/a><\/p>\n\n\n\n<iframe src=\"https:\/\/www.facebook.com\/plugins\/post.php?href=https%3A%2F%2Fwww.facebook.com%2Fphoto.php%3Ffbid%3D807214161436046%26set%3Da.359717012852432%26type%3D3&#038;show_text=true&#038;width=990\" width=\"990\" height=\"990\" style=\"border:none;overflow:hidden\" scrolling=\"no\" frameborder=\"0\" allowfullscreen=\"true\" allow=\"autoplay; clipboard-write; encrypted-media; picture-in-picture; web-share\"><\/iframe>\n\n\n\n<figure class=\"wp-block-image size-full is-resized\"><img  title=\"\" decoding=\"async\" src=\"https:\/\/municipalidaddenebaj.com\/wp-content\/uploads\/2024\/03\/image-35.png\"  alt=\"image-35 ORDENAMIENTO VIAL\"  class=\"wp-image-27187\" style=\"width:1450px;height:auto\"\/><\/figure>\n","protected":false},"excerpt":{"rendered":"<p>La Polic\u00eda Municipal de Tr\u00e1nsito Con el objeto de ordenamiento vial, especialmente en las calles&#8230;<\/p>\n","protected":false},"author":2,"featured_media":27189,"comment_status":"open","ping_status":"open","sticky":false,"template":"","format":"standard","meta":{"_eb_attr":"","_monsterinsights_skip_tracking":false,"_monsterinsights_sitenote_active":false,"_monsterinsights_sitenote_note":"","_monsterinsights_sitenote_category":0,"footnotes":""},"categories":[1],"tags":[],"class_list":["post-27186","post","type-post","status-publish","format-standard","has-post-thumbnail","hentry","category-uncategorized"],"featured_image_urls":{"full":["https:\/\/municipalidaddenebaj.com\/wp-content\/uploads\/2024\/03\/433860362_807223928101736_2729879537599414660_n-1.jpg",1600,1200,false],"thumbnail":["https:\/\/municipalidaddenebaj.com\/wp-content\/uploads\/2024\/03\/433860362_807223928101736_2729879537599414660_n-1-161x161.jpg",161,161,true],"medium":["https:\/\/municipalidaddenebaj.com\/wp-content\/uploads\/2024\/03\/433860362_807223928101736_2729879537599414660_n-1-350x263.jpg",350,263,true],"medium_large":["https:\/\/municipalidaddenebaj.com\/wp-content\/uploads\/2024\/03\/433860362_807223928101736_2729879537599414660_n-1-768x576.jpg",640,480,true],"large":["https:\/\/municipalidaddenebaj.com\/wp-content\/uploads\/2024\/03\/433860362_807223928101736_2729879537599414660_n-1-1024x768.jpg",510,383,true],"ezd_searrch_thumb16x16":["https:\/\/municipalidaddenebaj.com\/wp-content\/uploads\/2024\/03\/433860362_807223928101736_2729879537599414660_n-1.jpg",16,12,false],"ezd_searrch_thumb50x50":["https:\/\/municipalidaddenebaj.com\/wp-content\/uploads\/2024\/03\/433860362_807223928101736_2729879537599414660_n-1.jpg",50,38,false],"1536x1536":["https:\/\/municipalidaddenebaj.com\/wp-content\/uploads\/2024\/03\/433860362_807223928101736_2729879537599414660_n-1-1536x1152.jpg",1536,1152,true],"2048x2048":["https:\/\/municipalidaddenebaj.com\/wp-content\/uploads\/2024\/03\/433860362_807223928101736_2729879537599414660_n-1.jpg",1600,1200,false],"covernews-featured":["https:\/\/municipalidaddenebaj.com\/wp-content\/uploads\/2024\/03\/433860362_807223928101736_2729879537599414660_n-1.jpg",1024,768,false],"covernews-medium":["https:\/\/municipalidaddenebaj.com\/wp-content\/uploads\/2024\/03\/433860362_807223928101736_2729879537599414660_n-1.jpg",453,340,false],"woocommerce_thumbnail":["https:\/\/municipalidaddenebaj.com\/wp-content\/uploads\/2024\/03\/433860362_807223928101736_2729879537599414660_n-1-300x300.jpg",300,300,true],"woocommerce_single":["https:\/\/municipalidaddenebaj.com\/wp-content\/uploads\/2024\/03\/433860362_807223928101736_2729879537599414660_n-1-600x450.jpg",600,450,true],"woocommerce_gallery_thumbnail":["https:\/\/municipalidaddenebaj.com\/wp-content\/uploads\/2024\/03\/433860362_807223928101736_2729879537599414660_n-1-100x100.jpg",100,100,true]},"author_info":{"display_name":"Editor Editor","author_link":"https:\/\/municipalidaddenebaj.com\/?author=2"},"category_info":"<a href=\"https:\/\/municipalidaddenebaj.com\/?cat=1\" rel=\"category\">Uncategorized<\/a>","tag_info":"Uncategorized","comment_count":"0","_links":{"self":[{"href":"https:\/\/municipalidaddenebaj.com\/index.php?rest_route=\/wp\/v2\/posts\/27186","targetHints":{"allow":["GET"]}}],"collection":[{"href":"https:\/\/municipalidaddenebaj.com\/index.php?rest_route=\/wp\/v2\/posts"}],"about":[{"href":"https:\/\/municipalidaddenebaj.com\/index.php?rest_route=\/wp\/v2\/types\/post"}],"author":[{"embeddable":true,"href":"https:\/\/municipalidaddenebaj.com\/index.php?rest_route=\/wp\/v2\/users\/2"}],"replies":[{"embeddable":true,"href":"https:\/\/municipalidaddenebaj.com\/index.php?rest_route=%2Fwp%2Fv2%2Fcomments&post=27186"}],"version-history":[{"count":0,"href":"https:\/\/municipalidaddenebaj.com\/index.php?rest_route=\/wp\/v2\/posts\/27186\/revisions"}],"wp:featuredmedia":[{"embeddable":true,"href":"https:\/\/municipalidaddenebaj.com\/index.php?rest_route=\/wp\/v2\/media\/27189"}],"wp:attachment":[{"href":"https:\/\/municipalidaddenebaj.com\/index.php?rest_route=%2Fwp%2Fv2%2Fmedia&parent=27186"}],"wp:term":[{"taxonomy":"category","embeddable":true,"href":"https:\/\/municipalidaddenebaj.com\/index.php?rest_route=%2Fwp%2Fv2%2Fcategories&post=27186"},{"taxonomy":"post_tag","embeddable":true,"href":"https:\/\/municipalidaddenebaj.com\/index.php?rest_route=%2Fwp%2Fv2%2Ftags&post=27186"}],"curies":[{"name":"wp","href":"https:\/\/api.w.org\/{rel}","templated":true}]}}