{"id":27275,"date":"2024-03-25T15:55:02","date_gmt":"2024-03-25T15:55:02","guid":{"rendered":"https:\/\/municipalidaddenebaj.com\/?p=27275"},"modified":"2024-03-25T15:55:04","modified_gmt":"2024-03-25T15:55:04","slug":"taller-con-asociaciones-de-transportistas","status":"publish","type":"post","link":"https:\/\/municipalidaddenebaj.com\/?p=27275","title":{"rendered":"TALLER  CON ASOCIACIONES  DE TRANSPORTISTAS"},"content":{"rendered":"\n<h2 class=\"wp-block-heading\"><mark style=\"background-color:rgba(0, 0, 0, 0)\" class=\"has-inline-color has-black-color\">En el marco del di\u00e1logo y la buena gobernanza, el se\u00f1or Alcalde Municipal, <a href=\"https:\/\/www.facebook.com\/profile.php?id=100065359905403&amp;__cft__[0]=AZWTpr4RbqERfirAGY4LkYqAOqitGcYMNQbPQ6us2sIeGVvz0OtpI-kouGPj-IGwauBaf12svPHFt2e_6NaBfYu-IF_KZIu5bkGSoRyFUPxfkFZ_1LvdG43G5-ZF2pNSyY2bMJEz4UFtP86doWoRb6EWSizHxBhh9QTUiJofSCe95q16Z4oBRRV5vHdPGlUsX-Q&amp;__tn__=-]K-R\">Ram\u00f3n Raymundo<\/a> y su honorable Concejo Municipal, sostuvieron taller con liderazgos de las asociaciones de transportistas, Urbanos y Rurales tales como, buses, microbuses, taxis, moto taxi con el objetivo de iniciar un proceso de reglamentaci\u00f3n y prestar un servicio de calidad a la poblaci\u00f3n.<\/mark><\/h2>\n\n\n\n<iframe src=\"https:\/\/www.facebook.com\/plugins\/post.php?href=https%3A%2F%2Fwww.facebook.com%2Fphoto.php%3Ffbid%3D808407841316678%26set%3Da.359717012852432%26type%3D3&#038;show_text=true&#038;width=990\" width=\"990\" height=\"990\" style=\"border:none;overflow:hidden\" scrolling=\"no\" frameborder=\"0\" allowfullscreen=\"true\" allow=\"autoplay; clipboard-write; encrypted-media; picture-in-picture; web-share\"><\/iframe>\n\n\n\n<figure class=\"wp-block-image size-full is-resized\"><img  title=\"\" decoding=\"async\" src=\"https:\/\/municipalidaddenebaj.com\/wp-content\/uploads\/2024\/03\/image-41.png\"  alt=\"image-41 TALLER  CON ASOCIACIONES  DE TRANSPORTISTAS\"  class=\"wp-image-27276\" style=\"width:1450px;height:auto\"\/><\/figure>\n","protected":false},"excerpt":{"rendered":"<p>En el marco del di\u00e1logo y la buena gobernanza, el se\u00f1or Alcalde Municipal, Ram\u00f3n Raymundo&#8230;<\/p>\n","protected":false},"author":2,"featured_media":27277,"comment_status":"open","ping_status":"open","sticky":false,"template":"","format":"standard","meta":{"_eb_attr":"","_monsterinsights_skip_tracking":false,"_monsterinsights_sitenote_active":false,"_monsterinsights_sitenote_note":"","_monsterinsights_sitenote_category":0,"footnotes":""},"categories":[1],"tags":[],"class_list":["post-27275","post","type-post","status-publish","format-standard","has-post-thumbnail","hentry","category-uncategorized"],"featured_image_urls":{"full":["https:\/\/municipalidaddenebaj.com\/wp-content\/uploads\/2024\/03\/434015989_808408784649917_414644799408260970_n-scaled.jpg",2560,1182,false],"thumbnail":["https:\/\/municipalidaddenebaj.com\/wp-content\/uploads\/2024\/03\/434015989_808408784649917_414644799408260970_n-161x161.jpg",161,161,true],"medium":["https:\/\/municipalidaddenebaj.com\/wp-content\/uploads\/2024\/03\/434015989_808408784649917_414644799408260970_n-350x162.jpg",350,162,true],"medium_large":["https:\/\/municipalidaddenebaj.com\/wp-content\/uploads\/2024\/03\/434015989_808408784649917_414644799408260970_n-768x355.jpg",640,296,true],"large":["https:\/\/municipalidaddenebaj.com\/wp-content\/uploads\/2024\/03\/434015989_808408784649917_414644799408260970_n-1024x473.jpg",510,236,true],"ezd_searrch_thumb16x16":["https:\/\/municipalidaddenebaj.com\/wp-content\/uploads\/2024\/03\/434015989_808408784649917_414644799408260970_n-scaled.jpg",16,7,false],"ezd_searrch_thumb50x50":["https:\/\/municipalidaddenebaj.com\/wp-content\/uploads\/2024\/03\/434015989_808408784649917_414644799408260970_n-scaled.jpg",50,23,false],"1536x1536":["https:\/\/municipalidaddenebaj.com\/wp-content\/uploads\/2024\/03\/434015989_808408784649917_414644799408260970_n-1536x709.jpg",1536,709,true],"2048x2048":["https:\/\/municipalidaddenebaj.com\/wp-content\/uploads\/2024\/03\/434015989_808408784649917_414644799408260970_n-2048x946.jpg",2048,946,true],"covernews-featured":["https:\/\/municipalidaddenebaj.com\/wp-content\/uploads\/2024\/03\/434015989_808408784649917_414644799408260970_n-scaled.jpg",1024,473,false],"covernews-medium":["https:\/\/municipalidaddenebaj.com\/wp-content\/uploads\/2024\/03\/434015989_808408784649917_414644799408260970_n-scaled.jpg",540,249,false],"woocommerce_thumbnail":["https:\/\/municipalidaddenebaj.com\/wp-content\/uploads\/2024\/03\/434015989_808408784649917_414644799408260970_n-scaled-300x300.jpg",300,300,true],"woocommerce_single":["https:\/\/municipalidaddenebaj.com\/wp-content\/uploads\/2024\/03\/434015989_808408784649917_414644799408260970_n-scaled-600x277.jpg",600,277,true],"woocommerce_gallery_thumbnail":["https:\/\/municipalidaddenebaj.com\/wp-content\/uploads\/2024\/03\/434015989_808408784649917_414644799408260970_n-scaled-100x100.jpg",100,100,true]},"author_info":{"display_name":"Editor Editor","author_link":"https:\/\/municipalidaddenebaj.com\/?author=2"},"category_info":"<a href=\"https:\/\/municipalidaddenebaj.com\/?cat=1\" rel=\"category\">Uncategorized<\/a>","tag_info":"Uncategorized","comment_count":"0","_links":{"self":[{"href":"https:\/\/municipalidaddenebaj.com\/index.php?rest_route=\/wp\/v2\/posts\/27275","targetHints":{"allow":["GET"]}}],"collection":[{"href":"https:\/\/municipalidaddenebaj.com\/index.php?rest_route=\/wp\/v2\/posts"}],"about":[{"href":"https:\/\/municipalidaddenebaj.com\/index.php?rest_route=\/wp\/v2\/types\/post"}],"author":[{"embeddable":true,"href":"https:\/\/municipalidaddenebaj.com\/index.php?rest_route=\/wp\/v2\/users\/2"}],"replies":[{"embeddable":true,"href":"https:\/\/municipalidaddenebaj.com\/index.php?rest_route=%2Fwp%2Fv2%2Fcomments&post=27275"}],"version-history":[{"count":0,"href":"https:\/\/municipalidaddenebaj.com\/index.php?rest_route=\/wp\/v2\/posts\/27275\/revisions"}],"wp:featuredmedia":[{"embeddable":true,"href":"https:\/\/municipalidaddenebaj.com\/index.php?rest_route=\/wp\/v2\/media\/27277"}],"wp:attachment":[{"href":"https:\/\/municipalidaddenebaj.com\/index.php?rest_route=%2Fwp%2Fv2%2Fmedia&parent=27275"}],"wp:term":[{"taxonomy":"category","embeddable":true,"href":"https:\/\/municipalidaddenebaj.com\/index.php?rest_route=%2Fwp%2Fv2%2Fcategories&post=27275"},{"taxonomy":"post_tag","embeddable":true,"href":"https:\/\/municipalidaddenebaj.com\/index.php?rest_route=%2Fwp%2Fv2%2Ftags&post=27275"}],"curies":[{"name":"wp","href":"https:\/\/api.w.org\/{rel}","templated":true}]}}