{"id":27484,"date":"2024-04-02T14:25:45","date_gmt":"2024-04-02T14:25:45","guid":{"rendered":"https:\/\/municipalidaddenebaj.com\/?p=27484"},"modified":"2024-04-02T14:25:47","modified_gmt":"2024-04-02T14:25:47","slug":"retiro-de-propaganda","status":"publish","type":"post","link":"https:\/\/municipalidaddenebaj.com\/?p=27484","title":{"rendered":"RETIRO DE PROPAGANDA"},"content":{"rendered":"\n<h2 class=\"wp-block-heading\"><img  title=\"\" decoding=\"async\" height=\"16\" width=\"16\" src=\"https:\/\/static.xx.fbcdn.net\/images\/emoji.php\/v9\/t86\/1.5\/16\/1f4cd.png\"  alt=\"1f4cd RETIRO DE PROPAGANDA\" ><mark style=\"background-color:rgba(0, 0, 0, 0)\" class=\"has-inline-color has-black-color\">Personal de la Direcci\u00f3n Municipal de Servicios P\u00fablicos-DMSP- iniciaron retiro de propaganda de partidos pol\u00edticos que se sit\u00faan sobre la v\u00eda p\u00fablica, especialmente en los postes.<\/mark><\/h2>\n\n\n\n<h2 class=\"wp-block-heading\"><mark style=\"background-color:rgba(0, 0, 0, 0)\" class=\"has-inline-color has-black-color\">Esta acci\u00f3n tiene como objetivo reducir la contaminaci\u00f3n visual de nuestro municipio.<\/mark><\/h2>\n\n\n\n<h2 class=\"wp-block-heading\"><mark style=\"background-color:rgba(0, 0, 0, 0)\" class=\"has-inline-color has-black-color\">Trabajos que se llevan a cabo por instrucciones del se\u00f1or Alcalde Municipal<\/mark> <a href=\"https:\/\/www.facebook.com\/profile.php?id=100065359905403&amp;__cft__[0]=AZVWjyTP3nOa8ahfnj06DCmMPuT3CfYD6Ykk3WlFWbKFEgnFynEoxFgSRBpDs5n9xOjhasoBFGspVXYhUS6YuzmnIprsr-jO8FZdVIZYloPtN2HLroEUImHINb5vkcIHl1ZsqKwoHpqo0HTnLYAmhjj3-I34vPWFF_Dh8QmNKv-B9r1SXPkgNYbqNJ5UAmzpxYE&amp;__tn__=-]K-R\">Ram\u00f3n Raymundo<\/a> <mark style=\"background-color:rgba(0, 0, 0, 0)\" class=\"has-inline-color has-black-color\">y honorable concejo.<\/mark><\/h2>\n\n\n\n<iframe src=\"https:\/\/www.facebook.com\/plugins\/post.php?href=https%3A%2F%2Fwww.facebook.com%2Fphoto.php%3Ffbid%3D810378657786263%26set%3Da.359717012852432%26type%3D3&#038;show_text=true&#038;width=990\" width=\"990\" height=\"990\" style=\"border:none;overflow:hidden\" scrolling=\"no\" frameborder=\"0\" allowfullscreen=\"true\" allow=\"autoplay; clipboard-write; encrypted-media; picture-in-picture; web-share\"><\/iframe>\n\n\n\n<figure class=\"wp-block-image size-full is-resized\"><img  title=\"\" decoding=\"async\" src=\"https:\/\/municipalidaddenebaj.com\/wp-content\/uploads\/2024\/04\/image-2.png\"  alt=\"image-2 RETIRO DE PROPAGANDA\"  class=\"wp-image-27485\" style=\"width:1450px;height:auto\"\/><\/figure>\n","protected":false},"excerpt":{"rendered":"<p>Personal de la Direcci\u00f3n Municipal de Servicios P\u00fablicos-DMSP- iniciaron retiro de propaganda de partidos pol\u00edticos&#8230;<\/p>\n","protected":false},"author":2,"featured_media":27486,"comment_status":"open","ping_status":"open","sticky":false,"template":"","format":"standard","meta":{"_eb_attr":"","_monsterinsights_skip_tracking":false,"_monsterinsights_sitenote_active":false,"_monsterinsights_sitenote_note":"","_monsterinsights_sitenote_category":0,"footnotes":""},"categories":[1],"tags":[],"class_list":["post-27484","post","type-post","status-publish","format-standard","has-post-thumbnail","hentry","category-uncategorized"],"featured_image_urls":{"full":["https:\/\/municipalidaddenebaj.com\/wp-content\/uploads\/2024\/04\/433926495_810380284452767_7105209977396465247_n.jpg",960,1280,false],"thumbnail":["https:\/\/municipalidaddenebaj.com\/wp-content\/uploads\/2024\/04\/433926495_810380284452767_7105209977396465247_n-161x161.jpg",161,161,true],"medium":["https:\/\/municipalidaddenebaj.com\/wp-content\/uploads\/2024\/04\/433926495_810380284452767_7105209977396465247_n-263x350.jpg",263,350,true],"medium_large":["https:\/\/municipalidaddenebaj.com\/wp-content\/uploads\/2024\/04\/433926495_810380284452767_7105209977396465247_n-768x1024.jpg",640,853,true],"large":["https:\/\/municipalidaddenebaj.com\/wp-content\/uploads\/2024\/04\/433926495_810380284452767_7105209977396465247_n-768x1024.jpg",383,510,true],"ezd_searrch_thumb16x16":["https:\/\/municipalidaddenebaj.com\/wp-content\/uploads\/2024\/04\/433926495_810380284452767_7105209977396465247_n.jpg",12,16,false],"ezd_searrch_thumb50x50":["https:\/\/municipalidaddenebaj.com\/wp-content\/uploads\/2024\/04\/433926495_810380284452767_7105209977396465247_n.jpg",38,50,false],"1536x1536":["https:\/\/municipalidaddenebaj.com\/wp-content\/uploads\/2024\/04\/433926495_810380284452767_7105209977396465247_n.jpg",960,1280,false],"2048x2048":["https:\/\/municipalidaddenebaj.com\/wp-content\/uploads\/2024\/04\/433926495_810380284452767_7105209977396465247_n.jpg",960,1280,false],"covernews-featured":["https:\/\/municipalidaddenebaj.com\/wp-content\/uploads\/2024\/04\/433926495_810380284452767_7105209977396465247_n.jpg",960,1280,false],"covernews-medium":["https:\/\/municipalidaddenebaj.com\/wp-content\/uploads\/2024\/04\/433926495_810380284452767_7105209977396465247_n.jpg",255,340,false],"woocommerce_thumbnail":["https:\/\/municipalidaddenebaj.com\/wp-content\/uploads\/2024\/04\/433926495_810380284452767_7105209977396465247_n-300x300.jpg",300,300,true],"woocommerce_single":["https:\/\/municipalidaddenebaj.com\/wp-content\/uploads\/2024\/04\/433926495_810380284452767_7105209977396465247_n-600x800.jpg",600,800,true],"woocommerce_gallery_thumbnail":["https:\/\/municipalidaddenebaj.com\/wp-content\/uploads\/2024\/04\/433926495_810380284452767_7105209977396465247_n-100x100.jpg",100,100,true]},"author_info":{"display_name":"Editor Editor","author_link":"https:\/\/municipalidaddenebaj.com\/?author=2"},"category_info":"<a href=\"https:\/\/municipalidaddenebaj.com\/?cat=1\" rel=\"category\">Uncategorized<\/a>","tag_info":"Uncategorized","comment_count":"0","_links":{"self":[{"href":"https:\/\/municipalidaddenebaj.com\/index.php?rest_route=\/wp\/v2\/posts\/27484","targetHints":{"allow":["GET"]}}],"collection":[{"href":"https:\/\/municipalidaddenebaj.com\/index.php?rest_route=\/wp\/v2\/posts"}],"about":[{"href":"https:\/\/municipalidaddenebaj.com\/index.php?rest_route=\/wp\/v2\/types\/post"}],"author":[{"embeddable":true,"href":"https:\/\/municipalidaddenebaj.com\/index.php?rest_route=\/wp\/v2\/users\/2"}],"replies":[{"embeddable":true,"href":"https:\/\/municipalidaddenebaj.com\/index.php?rest_route=%2Fwp%2Fv2%2Fcomments&post=27484"}],"version-history":[{"count":0,"href":"https:\/\/municipalidaddenebaj.com\/index.php?rest_route=\/wp\/v2\/posts\/27484\/revisions"}],"wp:featuredmedia":[{"embeddable":true,"href":"https:\/\/municipalidaddenebaj.com\/index.php?rest_route=\/wp\/v2\/media\/27486"}],"wp:attachment":[{"href":"https:\/\/municipalidaddenebaj.com\/index.php?rest_route=%2Fwp%2Fv2%2Fmedia&parent=27484"}],"wp:term":[{"taxonomy":"category","embeddable":true,"href":"https:\/\/municipalidaddenebaj.com\/index.php?rest_route=%2Fwp%2Fv2%2Fcategories&post=27484"},{"taxonomy":"post_tag","embeddable":true,"href":"https:\/\/municipalidaddenebaj.com\/index.php?rest_route=%2Fwp%2Fv2%2Ftags&post=27484"}],"curies":[{"name":"wp","href":"https:\/\/api.w.org\/{rel}","templated":true}]}}