{"id":27488,"date":"2024-04-02T14:29:37","date_gmt":"2024-04-02T14:29:37","guid":{"rendered":"https:\/\/municipalidaddenebaj.com\/?p=27488"},"modified":"2024-04-02T14:29:39","modified_gmt":"2024-04-02T14:29:39","slug":"coordinacion","status":"publish","type":"post","link":"https:\/\/municipalidaddenebaj.com\/?p=27488","title":{"rendered":"COORDINACI\u00d3N"},"content":{"rendered":"\n<h2 class=\"wp-block-heading\"><mark style=\"background-color:rgba(0, 0, 0, 0)\" class=\"has-inline-color has-black-color\">El se\u00f1or alcalde Municipal <a href=\"https:\/\/www.facebook.com\/profile.php?id=100065359905403&amp;__cft__[0]=AZVYarj2mqQUxTJO6DPo_M-5NQc6PyDUS4IyitHDaxqi-YCUoU9_BCqAX2iuolajBBk64-ncijYPQ46UwGMAslwsMUnF6sCq1RkToLUioQ7AenqR6s85urIWUQnxB2E2Ms385CFW55F_uvMfmlp6C9yOOlI_Q2Ine18e74B3BBKo07yOKN6NO6xE9IHbt-i_wiU&amp;__tn__=-]K-R\">Ram\u00f3n Raymundo<\/a>, con acompa\u00f1amiento del se\u00f1or gobernador departamental -CODRED-, COMRED, y Ministerio de Defensa y BHR, para sofocar los incendios forestales en nuestro municipio.<\/mark><\/h2>\n\n\n\n<h2 class=\"wp-block-heading\"><a href=\"https:\/\/www.facebook.com\/hashtag\/pornebaj?__eep__=6&amp;__cft__[0]=AZVYarj2mqQUxTJO6DPo_M-5NQc6PyDUS4IyitHDaxqi-YCUoU9_BCqAX2iuolajBBk64-ncijYPQ46UwGMAslwsMUnF6sCq1RkToLUioQ7AenqR6s85urIWUQnxB2E2Ms385CFW55F_uvMfmlp6C9yOOlI_Q2Ine18e74B3BBKo07yOKN6NO6xE9IHbt-i_wiU&amp;__tn__=*NK-R\"><mark style=\"background-color:rgba(0, 0, 0, 0);color:#470c0c\" class=\"has-inline-color\">#PorNebaj<\/mark><\/a><\/h2>\n\n\n\n<iframe src=\"https:\/\/www.facebook.com\/plugins\/post.php?href=https%3A%2F%2Fwww.facebook.com%2Fphoto.php%3Ffbid%3D811393101018152%26set%3Da.359717012852432%26type%3D3&#038;show_text=true&#038;width=990\" width=\"990\" height=\"990\" style=\"border:none;overflow:hidden\" scrolling=\"no\" frameborder=\"0\" allowfullscreen=\"true\" allow=\"autoplay; clipboard-write; encrypted-media; picture-in-picture; web-share\"><\/iframe>\n\n\n\n<figure class=\"wp-block-image size-full is-resized\"><img  title=\"\" decoding=\"async\" src=\"https:\/\/municipalidaddenebaj.com\/wp-content\/uploads\/2024\/04\/image-3.png\"  alt=\"image-3 COORDINACI\u00d3N\"  class=\"wp-image-27489\" style=\"width:1450px;height:auto\"\/><\/figure>\n","protected":false},"excerpt":{"rendered":"<p>El se\u00f1or alcalde Municipal Ram\u00f3n Raymundo, con acompa\u00f1amiento del se\u00f1or gobernador departamental -CODRED-, COMRED, y&#8230;<\/p>\n","protected":false},"author":2,"featured_media":27490,"comment_status":"open","ping_status":"open","sticky":false,"template":"","format":"standard","meta":{"_eb_attr":"","_monsterinsights_skip_tracking":false,"_monsterinsights_sitenote_active":false,"_monsterinsights_sitenote_note":"","_monsterinsights_sitenote_category":0,"footnotes":""},"categories":[1],"tags":[],"class_list":["post-27488","post","type-post","status-publish","format-standard","has-post-thumbnail","hentry","category-uncategorized"],"featured_image_urls":{"full":["https:\/\/municipalidaddenebaj.com\/wp-content\/uploads\/2024\/04\/418985513_811394047684724_1613716724050739482_n.jpg",1600,1066,false],"thumbnail":["https:\/\/municipalidaddenebaj.com\/wp-content\/uploads\/2024\/04\/418985513_811394047684724_1613716724050739482_n-161x161.jpg",161,161,true],"medium":["https:\/\/municipalidaddenebaj.com\/wp-content\/uploads\/2024\/04\/418985513_811394047684724_1613716724050739482_n-350x233.jpg",350,233,true],"medium_large":["https:\/\/municipalidaddenebaj.com\/wp-content\/uploads\/2024\/04\/418985513_811394047684724_1613716724050739482_n-768x512.jpg",640,427,true],"large":["https:\/\/municipalidaddenebaj.com\/wp-content\/uploads\/2024\/04\/418985513_811394047684724_1613716724050739482_n-1024x682.jpg",510,340,true],"ezd_searrch_thumb16x16":["https:\/\/municipalidaddenebaj.com\/wp-content\/uploads\/2024\/04\/418985513_811394047684724_1613716724050739482_n.jpg",16,11,false],"ezd_searrch_thumb50x50":["https:\/\/municipalidaddenebaj.com\/wp-content\/uploads\/2024\/04\/418985513_811394047684724_1613716724050739482_n.jpg",50,33,false],"1536x1536":["https:\/\/municipalidaddenebaj.com\/wp-content\/uploads\/2024\/04\/418985513_811394047684724_1613716724050739482_n-1536x1023.jpg",1536,1023,true],"2048x2048":["https:\/\/municipalidaddenebaj.com\/wp-content\/uploads\/2024\/04\/418985513_811394047684724_1613716724050739482_n.jpg",1600,1066,false],"covernews-featured":["https:\/\/municipalidaddenebaj.com\/wp-content\/uploads\/2024\/04\/418985513_811394047684724_1613716724050739482_n.jpg",1024,682,false],"covernews-medium":["https:\/\/municipalidaddenebaj.com\/wp-content\/uploads\/2024\/04\/418985513_811394047684724_1613716724050739482_n.jpg",510,340,false],"woocommerce_thumbnail":["https:\/\/municipalidaddenebaj.com\/wp-content\/uploads\/2024\/04\/418985513_811394047684724_1613716724050739482_n-300x300.jpg",300,300,true],"woocommerce_single":["https:\/\/municipalidaddenebaj.com\/wp-content\/uploads\/2024\/04\/418985513_811394047684724_1613716724050739482_n-600x400.jpg",600,400,true],"woocommerce_gallery_thumbnail":["https:\/\/municipalidaddenebaj.com\/wp-content\/uploads\/2024\/04\/418985513_811394047684724_1613716724050739482_n-100x100.jpg",100,100,true]},"author_info":{"display_name":"Editor Editor","author_link":"https:\/\/municipalidaddenebaj.com\/?author=2"},"category_info":"<a href=\"https:\/\/municipalidaddenebaj.com\/?cat=1\" rel=\"category\">Uncategorized<\/a>","tag_info":"Uncategorized","comment_count":"0","_links":{"self":[{"href":"https:\/\/municipalidaddenebaj.com\/index.php?rest_route=\/wp\/v2\/posts\/27488","targetHints":{"allow":["GET"]}}],"collection":[{"href":"https:\/\/municipalidaddenebaj.com\/index.php?rest_route=\/wp\/v2\/posts"}],"about":[{"href":"https:\/\/municipalidaddenebaj.com\/index.php?rest_route=\/wp\/v2\/types\/post"}],"author":[{"embeddable":true,"href":"https:\/\/municipalidaddenebaj.com\/index.php?rest_route=\/wp\/v2\/users\/2"}],"replies":[{"embeddable":true,"href":"https:\/\/municipalidaddenebaj.com\/index.php?rest_route=%2Fwp%2Fv2%2Fcomments&post=27488"}],"version-history":[{"count":0,"href":"https:\/\/municipalidaddenebaj.com\/index.php?rest_route=\/wp\/v2\/posts\/27488\/revisions"}],"wp:featuredmedia":[{"embeddable":true,"href":"https:\/\/municipalidaddenebaj.com\/index.php?rest_route=\/wp\/v2\/media\/27490"}],"wp:attachment":[{"href":"https:\/\/municipalidaddenebaj.com\/index.php?rest_route=%2Fwp%2Fv2%2Fmedia&parent=27488"}],"wp:term":[{"taxonomy":"category","embeddable":true,"href":"https:\/\/municipalidaddenebaj.com\/index.php?rest_route=%2Fwp%2Fv2%2Fcategories&post=27488"},{"taxonomy":"post_tag","embeddable":true,"href":"https:\/\/municipalidaddenebaj.com\/index.php?rest_route=%2Fwp%2Fv2%2Ftags&post=27488"}],"curies":[{"name":"wp","href":"https:\/\/api.w.org\/{rel}","templated":true}]}}