{"id":27492,"date":"2024-04-02T14:36:18","date_gmt":"2024-04-02T14:36:18","guid":{"rendered":"https:\/\/municipalidaddenebaj.com\/?p=27492"},"modified":"2024-04-02T14:36:20","modified_gmt":"2024-04-02T14:36:20","slug":"coordinacion-2","status":"publish","type":"post","link":"https:\/\/municipalidaddenebaj.com\/?p=27492","title":{"rendered":"COORDINACI\u00d3N"},"content":{"rendered":"\n<h2 class=\"wp-block-heading\">Movilizaci\u00f3n de ej\u00e9rcito de la brigada en respuesta a incendio forestal de Chuatuj, coordinando por el se\u00f1or alcalde municipal <a href=\"https:\/\/www.facebook.com\/profile.php?id=100065359905403&amp;__cft__[0]=AZW1NKD_oCDX0-yZkel5la83noDNMwHbL_I6w_ZnpSJ1U-V7xyvdDy0XL15sI-m9ZIhnupAIcwwFBG2jfJAvp83ZX6dYk8s_4bTP7z9HmL2AulzsPzWbZ--t4jipU_dyBIMTAHPmMFj_NvwHnaw8NDzsSbLg1f81fwuXMGu28VYzbsCp3RKiXMzBWIlXjLvEZNo&amp;__tn__=-]K-R\">Ram\u00f3n Raymundo<\/a> y Distinguido Concejo, con el apoyo del se\u00f1or Gobernador Departamental.<\/h2>\n\n\n\n<h2 class=\"wp-block-heading\"><a href=\"https:\/\/www.facebook.com\/hashtag\/pornebaj?__eep__=6&amp;__cft__[0]=AZW1NKD_oCDX0-yZkel5la83noDNMwHbL_I6w_ZnpSJ1U-V7xyvdDy0XL15sI-m9ZIhnupAIcwwFBG2jfJAvp83ZX6dYk8s_4bTP7z9HmL2AulzsPzWbZ--t4jipU_dyBIMTAHPmMFj_NvwHnaw8NDzsSbLg1f81fwuXMGu28VYzbsCp3RKiXMzBWIlXjLvEZNo&amp;__tn__=*NK-R\"><mark style=\"background-color:rgba(0, 0, 0, 0);color:#490707\" class=\"has-inline-color\">#PorNebaj<\/mark><\/a><\/h2>\n\n\n\n<iframe src=\"https:\/\/www.facebook.com\/plugins\/post.php?href=https%3A%2F%2Fwww.facebook.com%2Fphoto.php%3Ffbid%3D811513014339494%26set%3Da.359717012852432%26type%3D3&#038;show_text=true&#038;width=990\" width=\"990\" height=\"990\" style=\"border:none;overflow:hidden\" scrolling=\"no\" frameborder=\"0\" allowfullscreen=\"true\" allow=\"autoplay; clipboard-write; encrypted-media; picture-in-picture; web-share\"><\/iframe>\n\n\n\n<figure class=\"wp-block-image size-full is-resized\"><img  title=\"\" decoding=\"async\" src=\"https:\/\/municipalidaddenebaj.com\/wp-content\/uploads\/2024\/04\/image-4.png\"  alt=\"image-4 COORDINACI\u00d3N\"  class=\"wp-image-27493\" style=\"width:1450px;height:auto\"\/><\/figure>\n","protected":false},"excerpt":{"rendered":"<p>Movilizaci\u00f3n de ej\u00e9rcito de la brigada en respuesta a incendio forestal de Chuatuj, coordinando por&#8230;<\/p>\n","protected":false},"author":2,"featured_media":27494,"comment_status":"open","ping_status":"open","sticky":false,"template":"","format":"standard","meta":{"_eb_attr":"","_monsterinsights_skip_tracking":false,"_monsterinsights_sitenote_active":false,"_monsterinsights_sitenote_note":"","_monsterinsights_sitenote_category":0,"footnotes":""},"categories":[1],"tags":[],"class_list":["post-27492","post","type-post","status-publish","format-standard","has-post-thumbnail","hentry","category-uncategorized"],"featured_image_urls":{"full":["https:\/\/municipalidaddenebaj.com\/wp-content\/uploads\/2024\/04\/433257805_811513594339436_7668450859129526944_n.jpg",1032,581,false],"thumbnail":["https:\/\/municipalidaddenebaj.com\/wp-content\/uploads\/2024\/04\/433257805_811513594339436_7668450859129526944_n-161x161.jpg",161,161,true],"medium":["https:\/\/municipalidaddenebaj.com\/wp-content\/uploads\/2024\/04\/433257805_811513594339436_7668450859129526944_n-350x197.jpg",350,197,true],"medium_large":["https:\/\/municipalidaddenebaj.com\/wp-content\/uploads\/2024\/04\/433257805_811513594339436_7668450859129526944_n-768x432.jpg",640,360,true],"large":["https:\/\/municipalidaddenebaj.com\/wp-content\/uploads\/2024\/04\/433257805_811513594339436_7668450859129526944_n-1024x576.jpg",510,287,true],"ezd_searrch_thumb16x16":["https:\/\/municipalidaddenebaj.com\/wp-content\/uploads\/2024\/04\/433257805_811513594339436_7668450859129526944_n.jpg",16,9,false],"ezd_searrch_thumb50x50":["https:\/\/municipalidaddenebaj.com\/wp-content\/uploads\/2024\/04\/433257805_811513594339436_7668450859129526944_n.jpg",50,28,false],"1536x1536":["https:\/\/municipalidaddenebaj.com\/wp-content\/uploads\/2024\/04\/433257805_811513594339436_7668450859129526944_n.jpg",1032,581,false],"2048x2048":["https:\/\/municipalidaddenebaj.com\/wp-content\/uploads\/2024\/04\/433257805_811513594339436_7668450859129526944_n.jpg",1032,581,false],"covernews-featured":["https:\/\/municipalidaddenebaj.com\/wp-content\/uploads\/2024\/04\/433257805_811513594339436_7668450859129526944_n.jpg",1024,576,false],"covernews-medium":["https:\/\/municipalidaddenebaj.com\/wp-content\/uploads\/2024\/04\/433257805_811513594339436_7668450859129526944_n.jpg",540,304,false],"woocommerce_thumbnail":["https:\/\/municipalidaddenebaj.com\/wp-content\/uploads\/2024\/04\/433257805_811513594339436_7668450859129526944_n-300x300.jpg",300,300,true],"woocommerce_single":["https:\/\/municipalidaddenebaj.com\/wp-content\/uploads\/2024\/04\/433257805_811513594339436_7668450859129526944_n-600x338.jpg",600,338,true],"woocommerce_gallery_thumbnail":["https:\/\/municipalidaddenebaj.com\/wp-content\/uploads\/2024\/04\/433257805_811513594339436_7668450859129526944_n-100x100.jpg",100,100,true]},"author_info":{"display_name":"Editor Editor","author_link":"https:\/\/municipalidaddenebaj.com\/?author=2"},"category_info":"<a href=\"https:\/\/municipalidaddenebaj.com\/?cat=1\" rel=\"category\">Uncategorized<\/a>","tag_info":"Uncategorized","comment_count":"0","_links":{"self":[{"href":"https:\/\/municipalidaddenebaj.com\/index.php?rest_route=\/wp\/v2\/posts\/27492","targetHints":{"allow":["GET"]}}],"collection":[{"href":"https:\/\/municipalidaddenebaj.com\/index.php?rest_route=\/wp\/v2\/posts"}],"about":[{"href":"https:\/\/municipalidaddenebaj.com\/index.php?rest_route=\/wp\/v2\/types\/post"}],"author":[{"embeddable":true,"href":"https:\/\/municipalidaddenebaj.com\/index.php?rest_route=\/wp\/v2\/users\/2"}],"replies":[{"embeddable":true,"href":"https:\/\/municipalidaddenebaj.com\/index.php?rest_route=%2Fwp%2Fv2%2Fcomments&post=27492"}],"version-history":[{"count":0,"href":"https:\/\/municipalidaddenebaj.com\/index.php?rest_route=\/wp\/v2\/posts\/27492\/revisions"}],"wp:featuredmedia":[{"embeddable":true,"href":"https:\/\/municipalidaddenebaj.com\/index.php?rest_route=\/wp\/v2\/media\/27494"}],"wp:attachment":[{"href":"https:\/\/municipalidaddenebaj.com\/index.php?rest_route=%2Fwp%2Fv2%2Fmedia&parent=27492"}],"wp:term":[{"taxonomy":"category","embeddable":true,"href":"https:\/\/municipalidaddenebaj.com\/index.php?rest_route=%2Fwp%2Fv2%2Fcategories&post=27492"},{"taxonomy":"post_tag","embeddable":true,"href":"https:\/\/municipalidaddenebaj.com\/index.php?rest_route=%2Fwp%2Fv2%2Ftags&post=27492"}],"curies":[{"name":"wp","href":"https:\/\/api.w.org\/{rel}","templated":true}]}}