{"id":27790,"date":"2024-04-04T14:53:42","date_gmt":"2024-04-04T14:53:42","guid":{"rendered":"https:\/\/municipalidaddenebaj.com\/?p=27790"},"modified":"2024-04-04T14:53:44","modified_gmt":"2024-04-04T14:53:44","slug":"gestiones","status":"publish","type":"post","link":"https:\/\/municipalidaddenebaj.com\/?p=27790","title":{"rendered":"GESTIONES"},"content":{"rendered":"\n<h2 class=\"wp-block-heading\">El se\u00f1or alcalde Municipal <a href=\"https:\/\/www.facebook.com\/profile.php?id=100065359905403&amp;__cft__[0]=AZVuaKz5zWtpIB5KF3i6YtQTd5nKMsmeEeUfJdex8rtW1MoL6sGP6zPtxZPARzScmxyjiqVmYGC4h199CIzaMaCZ-VcHjO-auKIJ_Yr--WKgI3ErloaNqLTfm9QzXHFip5l0s630d5CtUjaOokN_qZ39e2Lap56y86gcliZ-zAbdrMAv0O4zVR20-UK5EiZDtbk&amp;__tn__=-]K-R\">Ram\u00f3n Raymundo<\/a>, desde Congreso de la Rep\u00fablica, da Seguimiento de la problem\u00e1tica de la energ\u00eda el\u00e9ctrica en el Municipio.<\/h2>\n\n\n\n<h2 class=\"wp-block-heading\">Gestiones que realiza en beneficio de nuestra poblaci\u00f3n.<\/h2>\n\n\n\n<h2 class=\"wp-block-heading\"><a href=\"https:\/\/www.facebook.com\/hashtag\/alcademunicipal?__eep__=6&amp;__cft__[0]=AZVuaKz5zWtpIB5KF3i6YtQTd5nKMsmeEeUfJdex8rtW1MoL6sGP6zPtxZPARzScmxyjiqVmYGC4h199CIzaMaCZ-VcHjO-auKIJ_Yr--WKgI3ErloaNqLTfm9QzXHFip5l0s630d5CtUjaOokN_qZ39e2Lap56y86gcliZ-zAbdrMAv0O4zVR20-UK5EiZDtbk&amp;__tn__=*NK-R\">#AlcadeMunicipal<\/a><a href=\"https:\/\/www.facebook.com\/hashtag\/unnuevonebaj?__eep__=6&amp;__cft__[0]=AZVuaKz5zWtpIB5KF3i6YtQTd5nKMsmeEeUfJdex8rtW1MoL6sGP6zPtxZPARzScmxyjiqVmYGC4h199CIzaMaCZ-VcHjO-auKIJ_Yr--WKgI3ErloaNqLTfm9QzXHFip5l0s630d5CtUjaOokN_qZ39e2Lap56y86gcliZ-zAbdrMAv0O4zVR20-UK5EiZDtbk&amp;__tn__=*NK-R\">#UnNuevoNebaj<\/a><\/h2>\n\n\n\n<h2 class=\"wp-block-heading\"><a><\/a>@fans destacados<\/h2>\n\n\n\n<figure class=\"wp-block-image size-full is-resized\"><img  title=\"\" decoding=\"async\" src=\"https:\/\/municipalidaddenebaj.com\/wp-content\/uploads\/2024\/04\/image-13.png\"  alt=\"image-13 GESTIONES\"  class=\"wp-image-27791\" style=\"width:1450px;height:auto\"\/><\/figure>\n","protected":false},"excerpt":{"rendered":"<p>El se\u00f1or alcalde Municipal Ram\u00f3n Raymundo, desde Congreso de la Rep\u00fablica, da Seguimiento de la&#8230;<\/p>\n","protected":false},"author":2,"featured_media":27792,"comment_status":"open","ping_status":"open","sticky":false,"template":"","format":"standard","meta":{"_eb_attr":"","_monsterinsights_skip_tracking":false,"_monsterinsights_sitenote_active":false,"_monsterinsights_sitenote_note":"","_monsterinsights_sitenote_category":0,"footnotes":""},"categories":[1],"tags":[],"class_list":["post-27790","post","type-post","status-publish","format-standard","has-post-thumbnail","hentry","category-uncategorized"],"featured_image_urls":{"full":["https:\/\/municipalidaddenebaj.com\/wp-content\/uploads\/2024\/04\/434055440_815520620605400_6688114877859775490_n.jpg",1032,774,false],"thumbnail":["https:\/\/municipalidaddenebaj.com\/wp-content\/uploads\/2024\/04\/434055440_815520620605400_6688114877859775490_n-161x161.jpg",161,161,true],"medium":["https:\/\/municipalidaddenebaj.com\/wp-content\/uploads\/2024\/04\/434055440_815520620605400_6688114877859775490_n-350x263.jpg",350,263,true],"medium_large":["https:\/\/municipalidaddenebaj.com\/wp-content\/uploads\/2024\/04\/434055440_815520620605400_6688114877859775490_n-768x576.jpg",640,480,true],"large":["https:\/\/municipalidaddenebaj.com\/wp-content\/uploads\/2024\/04\/434055440_815520620605400_6688114877859775490_n-1024x768.jpg",510,383,true],"ezd_searrch_thumb16x16":["https:\/\/municipalidaddenebaj.com\/wp-content\/uploads\/2024\/04\/434055440_815520620605400_6688114877859775490_n.jpg",16,12,false],"ezd_searrch_thumb50x50":["https:\/\/municipalidaddenebaj.com\/wp-content\/uploads\/2024\/04\/434055440_815520620605400_6688114877859775490_n.jpg",50,38,false],"1536x1536":["https:\/\/municipalidaddenebaj.com\/wp-content\/uploads\/2024\/04\/434055440_815520620605400_6688114877859775490_n.jpg",1032,774,false],"2048x2048":["https:\/\/municipalidaddenebaj.com\/wp-content\/uploads\/2024\/04\/434055440_815520620605400_6688114877859775490_n.jpg",1032,774,false],"covernews-featured":["https:\/\/municipalidaddenebaj.com\/wp-content\/uploads\/2024\/04\/434055440_815520620605400_6688114877859775490_n.jpg",1024,768,false],"covernews-medium":["https:\/\/municipalidaddenebaj.com\/wp-content\/uploads\/2024\/04\/434055440_815520620605400_6688114877859775490_n.jpg",453,340,false],"woocommerce_thumbnail":["https:\/\/municipalidaddenebaj.com\/wp-content\/uploads\/2024\/04\/434055440_815520620605400_6688114877859775490_n-300x300.jpg",300,300,true],"woocommerce_single":["https:\/\/municipalidaddenebaj.com\/wp-content\/uploads\/2024\/04\/434055440_815520620605400_6688114877859775490_n-600x450.jpg",600,450,true],"woocommerce_gallery_thumbnail":["https:\/\/municipalidaddenebaj.com\/wp-content\/uploads\/2024\/04\/434055440_815520620605400_6688114877859775490_n-100x100.jpg",100,100,true]},"author_info":{"display_name":"Editor Editor","author_link":"https:\/\/municipalidaddenebaj.com\/?author=2"},"category_info":"<a href=\"https:\/\/municipalidaddenebaj.com\/?cat=1\" rel=\"category\">Uncategorized<\/a>","tag_info":"Uncategorized","comment_count":"0","_links":{"self":[{"href":"https:\/\/municipalidaddenebaj.com\/index.php?rest_route=\/wp\/v2\/posts\/27790","targetHints":{"allow":["GET"]}}],"collection":[{"href":"https:\/\/municipalidaddenebaj.com\/index.php?rest_route=\/wp\/v2\/posts"}],"about":[{"href":"https:\/\/municipalidaddenebaj.com\/index.php?rest_route=\/wp\/v2\/types\/post"}],"author":[{"embeddable":true,"href":"https:\/\/municipalidaddenebaj.com\/index.php?rest_route=\/wp\/v2\/users\/2"}],"replies":[{"embeddable":true,"href":"https:\/\/municipalidaddenebaj.com\/index.php?rest_route=%2Fwp%2Fv2%2Fcomments&post=27790"}],"version-history":[{"count":0,"href":"https:\/\/municipalidaddenebaj.com\/index.php?rest_route=\/wp\/v2\/posts\/27790\/revisions"}],"wp:featuredmedia":[{"embeddable":true,"href":"https:\/\/municipalidaddenebaj.com\/index.php?rest_route=\/wp\/v2\/media\/27792"}],"wp:attachment":[{"href":"https:\/\/municipalidaddenebaj.com\/index.php?rest_route=%2Fwp%2Fv2%2Fmedia&parent=27790"}],"wp:term":[{"taxonomy":"category","embeddable":true,"href":"https:\/\/municipalidaddenebaj.com\/index.php?rest_route=%2Fwp%2Fv2%2Fcategories&post=27790"},{"taxonomy":"post_tag","embeddable":true,"href":"https:\/\/municipalidaddenebaj.com\/index.php?rest_route=%2Fwp%2Fv2%2Ftags&post=27790"}],"curies":[{"name":"wp","href":"https:\/\/api.w.org\/{rel}","templated":true}]}}