{"id":27794,"date":"2024-04-04T14:56:45","date_gmt":"2024-04-04T14:56:45","guid":{"rendered":"https:\/\/municipalidaddenebaj.com\/?p=27794"},"modified":"2024-04-04T14:58:29","modified_gmt":"2024-04-04T14:58:29","slug":"27794","status":"publish","type":"post","link":"https:\/\/municipalidaddenebaj.com\/?p=27794","title":{"rendered":"GESTIONES"},"content":{"rendered":"\n<h2 class=\"wp-block-heading\"><mark style=\"background-color:rgba(0, 0, 0, 0)\" class=\"has-inline-color has-black-color\">Atraves de las gestiones del se\u00f1or Alcalde Municipal <a href=\"https:\/\/www.facebook.com\/profile.php?id=100065359905403&amp;__cft__[0]=AZUM-_gVYjqmzoCeOo76aZWlbYuYAtR6Arv0yZBnP9i6X3S2lrGhsbhNA8vdrP2CDB34c1kgZ_w_6I6Lw1XcV37wZQUbaVmSADXHBwwDdTUxUAARB_68UjCwRT7GhWz5nuXI6CwEmaQ_zWM7dZOH0zjdRfwlgAfDBxtnNjHp3NTi1gM029n3MyI4j1qvea2nmAY&amp;__tn__=-]K-R\">Ram\u00f3n Raymundo<\/a> y Honorable Concejo ante el Instituto Nacional de Seguridad Alimenticia y Nutrici\u00f3n -INSAN- en coordinaci\u00f3n con la COMUSAN, personal de la SESAN y la Direcci\u00f3n Municipal de la Mujer.<\/mark><\/h2>\n\n\n\n<h2 class=\"wp-block-heading\"><mark style=\"background-color:rgba(0, 0, 0, 0)\" class=\"has-inline-color has-black-color\">Realizando la primera reuni\u00f3n el d\u00eda de hoy para recabar datos correspondientes de las personas que ser\u00e1n beneficiadas (viudas, personas con discapacidad, embarazadas, personas de la tercera edad, personas con desnutrici\u00f3n y personas de escasos recursos econ\u00f3micos.<\/mark><\/h2>\n\n\n\n<h2 class=\"wp-block-heading\">#<a href=\"https:\/\/www.facebook.com\/hashtag\/elnuevonebaj?__eep__=6&amp;__cft__[0]=AZUM-_gVYjqmzoCeOo76aZWlbYuYAtR6Arv0yZBnP9i6X3S2lrGhsbhNA8vdrP2CDB34c1kgZ_w_6I6Lw1XcV37wZQUbaVmSADXHBwwDdTUxUAARB_68UjCwRT7GhWz5nuXI6CwEmaQ_zWM7dZOH0zjdRfwlgAfDBxtnNjHp3NTi1gM029n3MyI4j1qvea2nmAY&amp;__tn__=*NK-R\">#ElNuevoNebaj<\/a><\/h2>\n\n\n\n<iframe src=\"https:\/\/www.facebook.com\/plugins\/post.php?href=https%3A%2F%2Fwww.facebook.com%2Fphoto.php%3Ffbid%3D815567343934061%26set%3Da.359717012852432%26type%3D3&#038;show_text=true&#038;width=990\" width=\"990\" height=\"990\" style=\"border:none;overflow:hidden\" scrolling=\"no\" frameborder=\"0\" allowfullscreen=\"true\" allow=\"autoplay; clipboard-write; encrypted-media; picture-in-picture; web-share\"><\/iframe>\n\n\n\n<figure class=\"wp-block-image size-full is-resized\"><img  title=\"\" decoding=\"async\" src=\"https:\/\/municipalidaddenebaj.com\/wp-content\/uploads\/2024\/04\/image-14.png\"  alt=\"image-14 GESTIONES\"  class=\"wp-image-27795\" style=\"width:1450px;height:auto\"\/><\/figure>\n","protected":false},"excerpt":{"rendered":"<p>Atraves de las gestiones del se\u00f1or Alcalde Municipal Ram\u00f3n Raymundo y Honorable Concejo ante el&#8230;<\/p>\n","protected":false},"author":2,"featured_media":27796,"comment_status":"open","ping_status":"open","sticky":false,"template":"","format":"standard","meta":{"_eb_attr":"","_monsterinsights_skip_tracking":false,"_monsterinsights_sitenote_active":false,"_monsterinsights_sitenote_note":"","_monsterinsights_sitenote_category":0,"footnotes":""},"categories":[1],"tags":[],"class_list":["post-27794","post","type-post","status-publish","format-standard","has-post-thumbnail","hentry","category-uncategorized"],"featured_image_urls":{"full":["https:\/\/municipalidaddenebaj.com\/wp-content\/uploads\/2024\/04\/434649975_815567813934014_8339688501903345405_n.jpg",2048,1536,false],"thumbnail":["https:\/\/municipalidaddenebaj.com\/wp-content\/uploads\/2024\/04\/434649975_815567813934014_8339688501903345405_n-161x161.jpg",161,161,true],"medium":["https:\/\/municipalidaddenebaj.com\/wp-content\/uploads\/2024\/04\/434649975_815567813934014_8339688501903345405_n-350x263.jpg",350,263,true],"medium_large":["https:\/\/municipalidaddenebaj.com\/wp-content\/uploads\/2024\/04\/434649975_815567813934014_8339688501903345405_n-768x576.jpg",640,480,true],"large":["https:\/\/municipalidaddenebaj.com\/wp-content\/uploads\/2024\/04\/434649975_815567813934014_8339688501903345405_n-1024x768.jpg",510,383,true],"ezd_searrch_thumb16x16":["https:\/\/municipalidaddenebaj.com\/wp-content\/uploads\/2024\/04\/434649975_815567813934014_8339688501903345405_n.jpg",16,12,false],"ezd_searrch_thumb50x50":["https:\/\/municipalidaddenebaj.com\/wp-content\/uploads\/2024\/04\/434649975_815567813934014_8339688501903345405_n.jpg",50,38,false],"1536x1536":["https:\/\/municipalidaddenebaj.com\/wp-content\/uploads\/2024\/04\/434649975_815567813934014_8339688501903345405_n-1536x1152.jpg",1536,1152,true],"2048x2048":["https:\/\/municipalidaddenebaj.com\/wp-content\/uploads\/2024\/04\/434649975_815567813934014_8339688501903345405_n.jpg",2048,1536,false],"covernews-featured":["https:\/\/municipalidaddenebaj.com\/wp-content\/uploads\/2024\/04\/434649975_815567813934014_8339688501903345405_n.jpg",1024,768,false],"covernews-medium":["https:\/\/municipalidaddenebaj.com\/wp-content\/uploads\/2024\/04\/434649975_815567813934014_8339688501903345405_n.jpg",453,340,false],"woocommerce_thumbnail":["https:\/\/municipalidaddenebaj.com\/wp-content\/uploads\/2024\/04\/434649975_815567813934014_8339688501903345405_n-300x300.jpg",300,300,true],"woocommerce_single":["https:\/\/municipalidaddenebaj.com\/wp-content\/uploads\/2024\/04\/434649975_815567813934014_8339688501903345405_n-600x450.jpg",600,450,true],"woocommerce_gallery_thumbnail":["https:\/\/municipalidaddenebaj.com\/wp-content\/uploads\/2024\/04\/434649975_815567813934014_8339688501903345405_n-100x100.jpg",100,100,true]},"author_info":{"display_name":"Editor Editor","author_link":"https:\/\/municipalidaddenebaj.com\/?author=2"},"category_info":"<a href=\"https:\/\/municipalidaddenebaj.com\/?cat=1\" rel=\"category\">Uncategorized<\/a>","tag_info":"Uncategorized","comment_count":"0","_links":{"self":[{"href":"https:\/\/municipalidaddenebaj.com\/index.php?rest_route=\/wp\/v2\/posts\/27794","targetHints":{"allow":["GET"]}}],"collection":[{"href":"https:\/\/municipalidaddenebaj.com\/index.php?rest_route=\/wp\/v2\/posts"}],"about":[{"href":"https:\/\/municipalidaddenebaj.com\/index.php?rest_route=\/wp\/v2\/types\/post"}],"author":[{"embeddable":true,"href":"https:\/\/municipalidaddenebaj.com\/index.php?rest_route=\/wp\/v2\/users\/2"}],"replies":[{"embeddable":true,"href":"https:\/\/municipalidaddenebaj.com\/index.php?rest_route=%2Fwp%2Fv2%2Fcomments&post=27794"}],"version-history":[{"count":0,"href":"https:\/\/municipalidaddenebaj.com\/index.php?rest_route=\/wp\/v2\/posts\/27794\/revisions"}],"wp:featuredmedia":[{"embeddable":true,"href":"https:\/\/municipalidaddenebaj.com\/index.php?rest_route=\/wp\/v2\/media\/27796"}],"wp:attachment":[{"href":"https:\/\/municipalidaddenebaj.com\/index.php?rest_route=%2Fwp%2Fv2%2Fmedia&parent=27794"}],"wp:term":[{"taxonomy":"category","embeddable":true,"href":"https:\/\/municipalidaddenebaj.com\/index.php?rest_route=%2Fwp%2Fv2%2Fcategories&post=27794"},{"taxonomy":"post_tag","embeddable":true,"href":"https:\/\/municipalidaddenebaj.com\/index.php?rest_route=%2Fwp%2Fv2%2Ftags&post=27794"}],"curies":[{"name":"wp","href":"https:\/\/api.w.org\/{rel}","templated":true}]}}