{"id":27907,"date":"2024-04-05T23:34:08","date_gmt":"2024-04-05T23:34:08","guid":{"rendered":"https:\/\/municipalidaddenebaj.com\/?p=27907"},"modified":"2024-04-05T23:38:58","modified_gmt":"2024-04-05T23:38:58","slug":"27907","status":"publish","type":"post","link":"https:\/\/municipalidaddenebaj.com\/?p=27907","title":{"rendered":"HABILITACI\u00d3N DE CALLES"},"content":{"rendered":"\n<h2 class=\"wp-block-heading\"><strong><mark style=\"background-color:rgba(0, 0, 0, 0)\" class=\"has-inline-color has-black-color\">El d\u00eda de hoy se habilit\u00f3 las calles del cant\u00f3n Xolanay y cant\u00f3n Villala, esto derivado que no contaban con las respectivas rejillas que se hab\u00edan da\u00f1ado con anterioridad.<\/mark><\/strong><\/h2>\n\n\n\n<h2 class=\"wp-block-heading\"><mark style=\"background-color:rgba(0, 0, 0, 0)\" class=\"has-inline-color has-black-color\">Por las gestiones del se\u00f1or alcalde municipal <a href=\"https:\/\/www.facebook.com\/profile.php?id=100065359905403&amp;__cft__[0]=AZVAQlvShcOMHcfou7EAFSqskTRekH9hYNHfa78bEkaXLOFkUQI1f6W3h9X8F1JEySs68Ido9HZ0CKZOeaMHgqtnKtd6xe1hjNWJ25XOYrrfcDoFjD_pTpmxoEUOgCyhdGlYTumtKVsq2vaCToBY55uxnpzI2lY-1LzegUkl-j_x_OMthS18pxlgCcPUczcv4RY&amp;__tn__=-]K-R\">Ram\u00f3n Raymundo<\/a> a partir del d\u00eda de hoy se podr\u00e1 volver a circular con normalidad.<\/mark><\/h2>\n\n\n\n<h2 class=\"wp-block-heading\"><a href=\"https:\/\/www.facebook.com\/hashtag\/construyendofuturo?__eep__=6&amp;__cft__[0]=AZVAQlvShcOMHcfou7EAFSqskTRekH9hYNHfa78bEkaXLOFkUQI1f6W3h9X8F1JEySs68Ido9HZ0CKZOeaMHgqtnKtd6xe1hjNWJ25XOYrrfcDoFjD_pTpmxoEUOgCyhdGlYTumtKVsq2vaCToBY55uxnpzI2lY-1LzegUkl-j_x_OMthS18pxlgCcPUczcv4RY&amp;__tn__=*NK-R\">#<mark style=\"background-color:rgba(0, 0, 0, 0);color:#7d2222\" class=\"has-inline-color\">ConstruyendoFuturo<\/mark><\/a><\/h2>\n\n\n\n<iframe src=\"https:\/\/www.facebook.com\/plugins\/post.php?href=https%3A%2F%2Fwww.facebook.com%2Fphoto.php%3Ffbid%3D816286053862190%26set%3Da.359717016185765%26type%3D3&#038;show_text=true&#038;width=990\" width=\"990\" height=\"990\" style=\"border:none;overflow:hidden\" scrolling=\"no\" frameborder=\"0\" allowfullscreen=\"true\" allow=\"autoplay; clipboard-write; encrypted-media; picture-in-picture; web-share\"><\/iframe>\n\n\n\n<figure class=\"wp-block-image size-full is-resized\"><img  title=\"\" decoding=\"async\" src=\"https:\/\/municipalidaddenebaj.com\/wp-content\/uploads\/2024\/04\/image-19.png\"  alt=\"image-19 HABILITACI\u00d3N DE CALLES\"  class=\"wp-image-27908\" style=\"width:1450px;height:auto\"\/><\/figure>\n\n\n\n<p><\/p>\n","protected":false},"excerpt":{"rendered":"<p>El d\u00eda de hoy se habilit\u00f3 las calles del cant\u00f3n Xolanay y cant\u00f3n Villala, esto&#8230;<\/p>\n","protected":false},"author":2,"featured_media":0,"comment_status":"open","ping_status":"open","sticky":false,"template":"","format":"standard","meta":{"_eb_attr":"","_monsterinsights_skip_tracking":false,"_monsterinsights_sitenote_active":false,"_monsterinsights_sitenote_note":"","_monsterinsights_sitenote_category":0,"footnotes":""},"categories":[1],"tags":[],"class_list":["post-27907","post","type-post","status-publish","format-standard","hentry","category-uncategorized"],"featured_image_urls":{"full":"","thumbnail":"","medium":"","medium_large":"","large":"","ezd_searrch_thumb16x16":"","ezd_searrch_thumb50x50":"","1536x1536":"","2048x2048":"","covernews-featured":"","covernews-medium":"","woocommerce_thumbnail":"","woocommerce_single":"","woocommerce_gallery_thumbnail":""},"author_info":{"display_name":"Editor Editor","author_link":"https:\/\/municipalidaddenebaj.com\/?author=2"},"category_info":"<a href=\"https:\/\/municipalidaddenebaj.com\/?cat=1\" rel=\"category\">Uncategorized<\/a>","tag_info":"Uncategorized","comment_count":"0","_links":{"self":[{"href":"https:\/\/municipalidaddenebaj.com\/index.php?rest_route=\/wp\/v2\/posts\/27907","targetHints":{"allow":["GET"]}}],"collection":[{"href":"https:\/\/municipalidaddenebaj.com\/index.php?rest_route=\/wp\/v2\/posts"}],"about":[{"href":"https:\/\/municipalidaddenebaj.com\/index.php?rest_route=\/wp\/v2\/types\/post"}],"author":[{"embeddable":true,"href":"https:\/\/municipalidaddenebaj.com\/index.php?rest_route=\/wp\/v2\/users\/2"}],"replies":[{"embeddable":true,"href":"https:\/\/municipalidaddenebaj.com\/index.php?rest_route=%2Fwp%2Fv2%2Fcomments&post=27907"}],"version-history":[{"count":0,"href":"https:\/\/municipalidaddenebaj.com\/index.php?rest_route=\/wp\/v2\/posts\/27907\/revisions"}],"wp:attachment":[{"href":"https:\/\/municipalidaddenebaj.com\/index.php?rest_route=%2Fwp%2Fv2%2Fmedia&parent=27907"}],"wp:term":[{"taxonomy":"category","embeddable":true,"href":"https:\/\/municipalidaddenebaj.com\/index.php?rest_route=%2Fwp%2Fv2%2Fcategories&post=27907"},{"taxonomy":"post_tag","embeddable":true,"href":"https:\/\/municipalidaddenebaj.com\/index.php?rest_route=%2Fwp%2Fv2%2Ftags&post=27907"}],"curies":[{"name":"wp","href":"https:\/\/api.w.org\/{rel}","templated":true}]}}