{"id":27916,"date":"2024-04-05T23:42:21","date_gmt":"2024-04-05T23:42:21","guid":{"rendered":"https:\/\/municipalidaddenebaj.com\/?p=27916"},"modified":"2024-04-05T23:42:23","modified_gmt":"2024-04-05T23:42:23","slug":"limpieza-2","status":"publish","type":"post","link":"https:\/\/municipalidaddenebaj.com\/?p=27916","title":{"rendered":"LIMPIEZA"},"content":{"rendered":"\n<h2 class=\"wp-block-heading\"><mark style=\"background-color:rgba(0, 0, 0, 0)\" class=\"has-inline-color has-black-color\">Personal de la Direcci\u00f3n Municipal de Servicios P\u00fablicos -DMSP- Contin\u00faan con limpieza, ahora en el cementerio municipal n\u00famero dos.<\/mark><\/h2>\n\n\n\n<h2 class=\"wp-block-heading\">acciones que se realizan por instrucciones del se\u00f1or alcalde municipal <a href=\"https:\/\/www.facebook.com\/profile.php?id=100065359905403&amp;__cft__[0]=AZW73ht8ZpO--4QvZJtkE6GG6LwP7ZGtA8gMqRsewyKOg9NwjQt3d45vRTmDIINvFOppPpyCcEudeme3Cm0eA4lhbQlj45nISc2YhSf3YAe8aJKp1mPon_4c9Hmxe1IYwghKm2SRegcb4ainmi07wTq-chSJEARBiJVunnQEErbyCbeE1rQXeUH10atU8umjz-U&amp;__tn__=-]K-R\">Ram\u00f3n Raymundo<\/a>.<\/h2>\n\n\n\n<iframe src=\"https:\/\/www.facebook.com\/plugins\/post.php?href=https%3A%2F%2Fwww.facebook.com%2Fphoto.php%3Ffbid%3D816729097151219%26set%3Da.359717016185765%26type%3D3&#038;show_text=true&#038;width=990\" width=\"990\" height=\"990\" style=\"border:none;overflow:hidden\" scrolling=\"no\" frameborder=\"0\" allowfullscreen=\"true\" allow=\"autoplay; clipboard-write; encrypted-media; picture-in-picture; web-share\"><\/iframe>\n\n\n\n<figure class=\"wp-block-image size-full is-resized\"><img  title=\"\" decoding=\"async\" src=\"https:\/\/municipalidaddenebaj.com\/wp-content\/uploads\/2024\/04\/image-20.png\"  alt=\"image-20 LIMPIEZA\"  class=\"wp-image-27917\" style=\"width:1450px;height:auto\"\/><\/figure>\n","protected":false},"excerpt":{"rendered":"<p>Personal de la Direcci\u00f3n Municipal de Servicios P\u00fablicos -DMSP- Contin\u00faan con limpieza, ahora en el&#8230;<\/p>\n","protected":false},"author":2,"featured_media":0,"comment_status":"open","ping_status":"open","sticky":false,"template":"","format":"standard","meta":{"_eb_attr":"","_monsterinsights_skip_tracking":false,"_monsterinsights_sitenote_active":false,"_monsterinsights_sitenote_note":"","_monsterinsights_sitenote_category":0,"footnotes":""},"categories":[1],"tags":[],"class_list":["post-27916","post","type-post","status-publish","format-standard","hentry","category-uncategorized"],"featured_image_urls":{"full":"","thumbnail":"","medium":"","medium_large":"","large":"","ezd_searrch_thumb16x16":"","ezd_searrch_thumb50x50":"","1536x1536":"","2048x2048":"","covernews-featured":"","covernews-medium":"","woocommerce_thumbnail":"","woocommerce_single":"","woocommerce_gallery_thumbnail":""},"author_info":{"display_name":"Editor Editor","author_link":"https:\/\/municipalidaddenebaj.com\/?author=2"},"category_info":"<a href=\"https:\/\/municipalidaddenebaj.com\/?cat=1\" rel=\"category\">Uncategorized<\/a>","tag_info":"Uncategorized","comment_count":"0","_links":{"self":[{"href":"https:\/\/municipalidaddenebaj.com\/index.php?rest_route=\/wp\/v2\/posts\/27916","targetHints":{"allow":["GET"]}}],"collection":[{"href":"https:\/\/municipalidaddenebaj.com\/index.php?rest_route=\/wp\/v2\/posts"}],"about":[{"href":"https:\/\/municipalidaddenebaj.com\/index.php?rest_route=\/wp\/v2\/types\/post"}],"author":[{"embeddable":true,"href":"https:\/\/municipalidaddenebaj.com\/index.php?rest_route=\/wp\/v2\/users\/2"}],"replies":[{"embeddable":true,"href":"https:\/\/municipalidaddenebaj.com\/index.php?rest_route=%2Fwp%2Fv2%2Fcomments&post=27916"}],"version-history":[{"count":0,"href":"https:\/\/municipalidaddenebaj.com\/index.php?rest_route=\/wp\/v2\/posts\/27916\/revisions"}],"wp:attachment":[{"href":"https:\/\/municipalidaddenebaj.com\/index.php?rest_route=%2Fwp%2Fv2%2Fmedia&parent=27916"}],"wp:term":[{"taxonomy":"category","embeddable":true,"href":"https:\/\/municipalidaddenebaj.com\/index.php?rest_route=%2Fwp%2Fv2%2Fcategories&post=27916"},{"taxonomy":"post_tag","embeddable":true,"href":"https:\/\/municipalidaddenebaj.com\/index.php?rest_route=%2Fwp%2Fv2%2Ftags&post=27916"}],"curies":[{"name":"wp","href":"https:\/\/api.w.org\/{rel}","templated":true}]}}