{"id":27924,"date":"2024-04-08T17:59:24","date_gmt":"2024-04-08T17:59:24","guid":{"rendered":"https:\/\/municipalidaddenebaj.com\/?p=27924"},"modified":"2024-04-08T18:00:23","modified_gmt":"2024-04-08T18:00:23","slug":"alimentacion-escolar","status":"publish","type":"post","link":"https:\/\/municipalidaddenebaj.com\/?p=27924","title":{"rendered":"ALIMENTACI\u00d3N ESCOLAR"},"content":{"rendered":"\n<h2 class=\"wp-block-heading\"><mark style=\"background-color:rgba(0, 0, 0, 0)\" class=\"has-inline-color has-black-color\">La Escuela T\u00e9cnica de Campo para la Alimentaci\u00f3n Escolar -ETCAE- ha funcionado desde hace m\u00e1s de un a\u00f1o pero la poblaci\u00f3n desconoc\u00eda el destino de la producci\u00f3n de la misma. Ahora el se\u00f1or Alcalde Municipal <a href=\"https:\/\/www.facebook.com\/profile.php?id=100065359905403&amp;__cft__[0]=AZXM_1Swktgc3N20LLh0vzXJDiVGho0fRmIdRT4TbdGTC8gX4Jtff_GGsiqfB8-FnMn6F7sHwOk97wXZ8vDuGuD-FDn20xnqv8U8ulupMCgn4WncasA2ufuqBkSjh9vWZNVRjBR7qcSYYEDIhgzzIscxnZIQS5QXkALnkA03uoac5CprSPOUijUtffaT1A5ltuY&amp;__tn__=-]K-R\">Ram\u00f3n Raymundo<\/a> y honorable Concejo deciden beneficiar con estas producciones a mas de 50 personas de la tercera edad y personas con discapacidad.<\/mark><\/h2>\n\n\n\n<h2 class=\"wp-block-heading\"><mark style=\"background-color:rgba(0, 0, 0, 0)\" class=\"has-inline-color has-black-color\">Acci\u00f3n coordinada con la Direcci\u00f3n Municipal de Asuntos Sociales y Econ\u00f3micos -DIMASEC-.<\/mark><\/h2>\n\n\n\n<h2 class=\"wp-block-heading\"><a href=\"https:\/\/www.facebook.com\/hashtag\/elnuevonebaj?__eep__=6&amp;__cft__[0]=AZXM_1Swktgc3N20LLh0vzXJDiVGho0fRmIdRT4TbdGTC8gX4Jtff_GGsiqfB8-FnMn6F7sHwOk97wXZ8vDuGuD-FDn20xnqv8U8ulupMCgn4WncasA2ufuqBkSjh9vWZNVRjBR7qcSYYEDIhgzzIscxnZIQS5QXkALnkA03uoac5CprSPOUijUtffaT1A5ltuY&amp;__tn__=*NK-R\"><mark style=\"background-color:rgba(0, 0, 0, 0);color:#470a0a\" class=\"has-inline-color\">#ElNuevoNebaj<\/mark><\/a><a href=\"https:\/\/www.facebook.com\/hashtag\/construyendofuturo?__eep__=6&amp;__cft__[0]=AZXM_1Swktgc3N20LLh0vzXJDiVGho0fRmIdRT4TbdGTC8gX4Jtff_GGsiqfB8-FnMn6F7sHwOk97wXZ8vDuGuD-FDn20xnqv8U8ulupMCgn4WncasA2ufuqBkSjh9vWZNVRjBR7qcSYYEDIhgzzIscxnZIQS5QXkALnkA03uoac5CprSPOUijUtffaT1A5ltuY&amp;__tn__=*NK-R\"><mark style=\"background-color:rgba(0, 0, 0, 0);color:#470a0a\" class=\"has-inline-color\">#ConstruyendoFuturo<\/mark><\/a><a href=\"https:\/\/www.facebook.com\/hashtag\/dimasec?__eep__=6&amp;__cft__[0]=AZXM_1Swktgc3N20LLh0vzXJDiVGho0fRmIdRT4TbdGTC8gX4Jtff_GGsiqfB8-FnMn6F7sHwOk97wXZ8vDuGuD-FDn20xnqv8U8ulupMCgn4WncasA2ufuqBkSjh9vWZNVRjBR7qcSYYEDIhgzzIscxnZIQS5QXkALnkA03uoac5CprSPOUijUtffaT1A5ltuY&amp;__tn__=*NK-R\"><mark style=\"background-color:rgba(0, 0, 0, 0);color:#470a0a\" class=\"has-inline-color\">#DIMASEC<\/mark><\/a><a href=\"https:\/\/www.facebook.com\/hashtag\/etcae?__eep__=6&amp;__cft__[0]=AZXM_1Swktgc3N20LLh0vzXJDiVGho0fRmIdRT4TbdGTC8gX4Jtff_GGsiqfB8-FnMn6F7sHwOk97wXZ8vDuGuD-FDn20xnqv8U8ulupMCgn4WncasA2ufuqBkSjh9vWZNVRjBR7qcSYYEDIhgzzIscxnZIQS5QXkALnkA03uoac5CprSPOUijUtffaT1A5ltuY&amp;__tn__=*NK-R\"><mark style=\"background-color:rgba(0, 0, 0, 0);color:#470a0a\" class=\"has-inline-color\">#ETCAE<\/mark><\/a><\/h2>\n\n\n\n<iframe src=\"https:\/\/www.facebook.com\/plugins\/post.php?href=https%3A%2F%2Fwww.facebook.com%2Fphoto.php%3Ffbid%3D816959880461474%26set%3Da.359717016185765%26type%3D3&#038;show_text=true&#038;width=990\" width=\"990\" height=\"990\" style=\"border:none;overflow:hidden\" scrolling=\"no\" frameborder=\"0\" allowfullscreen=\"true\" allow=\"autoplay; clipboard-write; encrypted-media; picture-in-picture; web-share\"><\/iframe>\n\n\n\n<figure class=\"wp-block-image size-full is-resized\"><img  title=\"\" decoding=\"async\" src=\"https:\/\/municipalidaddenebaj.com\/wp-content\/uploads\/2024\/04\/image-22.png\"  alt=\"image-22 ALIMENTACI\u00d3N ESCOLAR\"  class=\"wp-image-27925\" style=\"width:1450px;height:auto\"\/><\/figure>\n","protected":false},"excerpt":{"rendered":"<p>La Escuela T\u00e9cnica de Campo para la Alimentaci\u00f3n Escolar -ETCAE- ha funcionado desde hace m\u00e1s&#8230;<\/p>\n","protected":false},"author":2,"featured_media":0,"comment_status":"open","ping_status":"open","sticky":false,"template":"","format":"standard","meta":{"_eb_attr":"","_monsterinsights_skip_tracking":false,"_monsterinsights_sitenote_active":false,"_monsterinsights_sitenote_note":"","_monsterinsights_sitenote_category":0,"footnotes":""},"categories":[1],"tags":[],"class_list":["post-27924","post","type-post","status-publish","format-standard","hentry","category-uncategorized"],"featured_image_urls":{"full":"","thumbnail":"","medium":"","medium_large":"","large":"","ezd_searrch_thumb16x16":"","ezd_searrch_thumb50x50":"","1536x1536":"","2048x2048":"","covernews-featured":"","covernews-medium":"","woocommerce_thumbnail":"","woocommerce_single":"","woocommerce_gallery_thumbnail":""},"author_info":{"display_name":"Editor Editor","author_link":"https:\/\/municipalidaddenebaj.com\/?author=2"},"category_info":"<a href=\"https:\/\/municipalidaddenebaj.com\/?cat=1\" rel=\"category\">Uncategorized<\/a>","tag_info":"Uncategorized","comment_count":"0","_links":{"self":[{"href":"https:\/\/municipalidaddenebaj.com\/index.php?rest_route=\/wp\/v2\/posts\/27924","targetHints":{"allow":["GET"]}}],"collection":[{"href":"https:\/\/municipalidaddenebaj.com\/index.php?rest_route=\/wp\/v2\/posts"}],"about":[{"href":"https:\/\/municipalidaddenebaj.com\/index.php?rest_route=\/wp\/v2\/types\/post"}],"author":[{"embeddable":true,"href":"https:\/\/municipalidaddenebaj.com\/index.php?rest_route=\/wp\/v2\/users\/2"}],"replies":[{"embeddable":true,"href":"https:\/\/municipalidaddenebaj.com\/index.php?rest_route=%2Fwp%2Fv2%2Fcomments&post=27924"}],"version-history":[{"count":0,"href":"https:\/\/municipalidaddenebaj.com\/index.php?rest_route=\/wp\/v2\/posts\/27924\/revisions"}],"wp:attachment":[{"href":"https:\/\/municipalidaddenebaj.com\/index.php?rest_route=%2Fwp%2Fv2%2Fmedia&parent=27924"}],"wp:term":[{"taxonomy":"category","embeddable":true,"href":"https:\/\/municipalidaddenebaj.com\/index.php?rest_route=%2Fwp%2Fv2%2Fcategories&post=27924"},{"taxonomy":"post_tag","embeddable":true,"href":"https:\/\/municipalidaddenebaj.com\/index.php?rest_route=%2Fwp%2Fv2%2Ftags&post=27924"}],"curies":[{"name":"wp","href":"https:\/\/api.w.org\/{rel}","templated":true}]}}