{"id":27930,"date":"2024-04-08T18:02:52","date_gmt":"2024-04-08T18:02:52","guid":{"rendered":"https:\/\/municipalidaddenebaj.com\/?p=27930"},"modified":"2024-04-08T18:04:08","modified_gmt":"2024-04-08T18:04:08","slug":"27930","status":"publish","type":"post","link":"https:\/\/municipalidaddenebaj.com\/?p=27930","title":{"rendered":"REUNI\u00d3N CON LIDERES COMUNITARIOS"},"content":{"rendered":"\n<h2 class=\"wp-block-heading\"><mark style=\"background-color:rgba(0, 0, 0, 0)\" class=\"has-inline-color has-black-color\">\u00a1 Para el Se\u00f1or alcalde Municipal <a href=\"https:\/\/www.facebook.com\/profile.php?id=100065359905403&amp;__cft__[0]=AZVTIB8GUcmYRQJgBLh9Zd_nkGX3__FilgjJcGaefIgcLPTnnjNpf6WrKhgyaXeZ0JsFhSDONg7eImXMHsbciyZ_5T0B0nOEhE6ESTn7HgbfUYad4JXLeUqbH_pOhVMhdHBQ9d8EzfDWbtFnsrGs1DlQt_mhPS6bk2c_XnxC1kjov0jozOm80IrSL00c3_9vCNw&amp;__tn__=-]K-R\">Ram\u00f3n Raymundo<\/a> no hay fin de semana ante las necesidades del pueblo !<\/mark><\/h2>\n\n\n\n<h2 class=\"wp-block-heading\"><mark style=\"background-color:rgba(0, 0, 0, 0)\" class=\"has-inline-color has-black-color\">Este d\u00eda sostuvo una reuni\u00f3n con l\u00edderes de Vicotz, Xecox, La laguna Vicotz y Buena Vista, con el objetivo de darle soluci\u00f3nes en conjunto <img  title=\"\" decoding=\"async\" height=\"16\" width=\"16\" src=\"https:\/\/static.xx.fbcdn.net\/images\/emoji.php\/v9\/t69\/1.5\/16\/270d.png\"  alt=\"270d REUNI\u00d3N CON LIDERES COMUNITARIOS\" > a las prioridades de las comunidades<img  title=\"\" decoding=\"async\" height=\"16\" width=\"16\" src=\"https:\/\/static.xx.fbcdn.net\/images\/emoji.php\/v9\/tbd\/1.5\/16\/1f91d.png\"  alt=\"1f91d REUNI\u00d3N CON LIDERES COMUNITARIOS\" ><\/mark><\/h2>\n\n\n\n<iframe src=\"https:\/\/www.facebook.com\/plugins\/post.php?href=https%3A%2F%2Fwww.facebook.com%2Fphoto.php%3Ffbid%3D817326117091517%26set%3Da.359717012852432%26type%3D3&#038;show_text=true&#038;width=990\" width=\"990\" height=\"990\" style=\"border:none;overflow:hidden\" scrolling=\"no\" frameborder=\"0\" allowfullscreen=\"true\" allow=\"autoplay; clipboard-write; encrypted-media; picture-in-picture; web-share\"><\/iframe>\n\n\n\n<figure class=\"wp-block-image size-full is-resized\"><img  title=\"\" decoding=\"async\" src=\"https:\/\/municipalidaddenebaj.com\/wp-content\/uploads\/2024\/04\/image-23.png\"  alt=\"image-23 REUNI\u00d3N CON LIDERES COMUNITARIOS\"  class=\"wp-image-27931\" style=\"width:1450px;height:auto\"\/><\/figure>\n","protected":false},"excerpt":{"rendered":"<p>\u00a1 Para el Se\u00f1or alcalde Municipal Ram\u00f3n Raymundo no hay fin de semana ante las&#8230;<\/p>\n","protected":false},"author":2,"featured_media":27932,"comment_status":"open","ping_status":"open","sticky":false,"template":"","format":"standard","meta":{"_eb_attr":"","_monsterinsights_skip_tracking":false,"_monsterinsights_sitenote_active":false,"_monsterinsights_sitenote_note":"","_monsterinsights_sitenote_category":0,"footnotes":""},"categories":[1],"tags":[],"class_list":["post-27930","post","type-post","status-publish","format-standard","has-post-thumbnail","hentry","category-uncategorized"],"featured_image_urls":{"full":["https:\/\/municipalidaddenebaj.com\/wp-content\/uploads\/2024\/04\/434459990_817326493758146_4950826822086612790_n.jpg",1600,1066,false],"thumbnail":["https:\/\/municipalidaddenebaj.com\/wp-content\/uploads\/2024\/04\/434459990_817326493758146_4950826822086612790_n-161x161.jpg",161,161,true],"medium":["https:\/\/municipalidaddenebaj.com\/wp-content\/uploads\/2024\/04\/434459990_817326493758146_4950826822086612790_n-350x233.jpg",350,233,true],"medium_large":["https:\/\/municipalidaddenebaj.com\/wp-content\/uploads\/2024\/04\/434459990_817326493758146_4950826822086612790_n-768x512.jpg",640,427,true],"large":["https:\/\/municipalidaddenebaj.com\/wp-content\/uploads\/2024\/04\/434459990_817326493758146_4950826822086612790_n-1024x682.jpg",510,340,true],"ezd_searrch_thumb16x16":["https:\/\/municipalidaddenebaj.com\/wp-content\/uploads\/2024\/04\/434459990_817326493758146_4950826822086612790_n.jpg",16,11,false],"ezd_searrch_thumb50x50":["https:\/\/municipalidaddenebaj.com\/wp-content\/uploads\/2024\/04\/434459990_817326493758146_4950826822086612790_n.jpg",50,33,false],"1536x1536":["https:\/\/municipalidaddenebaj.com\/wp-content\/uploads\/2024\/04\/434459990_817326493758146_4950826822086612790_n-1536x1023.jpg",1536,1023,true],"2048x2048":["https:\/\/municipalidaddenebaj.com\/wp-content\/uploads\/2024\/04\/434459990_817326493758146_4950826822086612790_n.jpg",1600,1066,false],"covernews-featured":["https:\/\/municipalidaddenebaj.com\/wp-content\/uploads\/2024\/04\/434459990_817326493758146_4950826822086612790_n.jpg",1024,682,false],"covernews-medium":["https:\/\/municipalidaddenebaj.com\/wp-content\/uploads\/2024\/04\/434459990_817326493758146_4950826822086612790_n.jpg",510,340,false],"woocommerce_thumbnail":["https:\/\/municipalidaddenebaj.com\/wp-content\/uploads\/2024\/04\/434459990_817326493758146_4950826822086612790_n-300x300.jpg",300,300,true],"woocommerce_single":["https:\/\/municipalidaddenebaj.com\/wp-content\/uploads\/2024\/04\/434459990_817326493758146_4950826822086612790_n-600x400.jpg",600,400,true],"woocommerce_gallery_thumbnail":["https:\/\/municipalidaddenebaj.com\/wp-content\/uploads\/2024\/04\/434459990_817326493758146_4950826822086612790_n-100x100.jpg",100,100,true]},"author_info":{"display_name":"Editor Editor","author_link":"https:\/\/municipalidaddenebaj.com\/?author=2"},"category_info":"<a href=\"https:\/\/municipalidaddenebaj.com\/?cat=1\" rel=\"category\">Uncategorized<\/a>","tag_info":"Uncategorized","comment_count":"0","_links":{"self":[{"href":"https:\/\/municipalidaddenebaj.com\/index.php?rest_route=\/wp\/v2\/posts\/27930","targetHints":{"allow":["GET"]}}],"collection":[{"href":"https:\/\/municipalidaddenebaj.com\/index.php?rest_route=\/wp\/v2\/posts"}],"about":[{"href":"https:\/\/municipalidaddenebaj.com\/index.php?rest_route=\/wp\/v2\/types\/post"}],"author":[{"embeddable":true,"href":"https:\/\/municipalidaddenebaj.com\/index.php?rest_route=\/wp\/v2\/users\/2"}],"replies":[{"embeddable":true,"href":"https:\/\/municipalidaddenebaj.com\/index.php?rest_route=%2Fwp%2Fv2%2Fcomments&post=27930"}],"version-history":[{"count":0,"href":"https:\/\/municipalidaddenebaj.com\/index.php?rest_route=\/wp\/v2\/posts\/27930\/revisions"}],"wp:featuredmedia":[{"embeddable":true,"href":"https:\/\/municipalidaddenebaj.com\/index.php?rest_route=\/wp\/v2\/media\/27932"}],"wp:attachment":[{"href":"https:\/\/municipalidaddenebaj.com\/index.php?rest_route=%2Fwp%2Fv2%2Fmedia&parent=27930"}],"wp:term":[{"taxonomy":"category","embeddable":true,"href":"https:\/\/municipalidaddenebaj.com\/index.php?rest_route=%2Fwp%2Fv2%2Fcategories&post=27930"},{"taxonomy":"post_tag","embeddable":true,"href":"https:\/\/municipalidaddenebaj.com\/index.php?rest_route=%2Fwp%2Fv2%2Ftags&post=27930"}],"curies":[{"name":"wp","href":"https:\/\/api.w.org\/{rel}","templated":true}]}}