{"id":27958,"date":"2024-04-08T20:35:54","date_gmt":"2024-04-08T20:35:54","guid":{"rendered":"https:\/\/municipalidaddenebaj.com\/?p=27958"},"modified":"2024-04-08T20:35:55","modified_gmt":"2024-04-08T20:35:55","slug":"ejecucion-del-proyecto-denominado-pavimentacion-de-calle-canton-vi-pila","status":"publish","type":"post","link":"https:\/\/municipalidaddenebaj.com\/?p=27958","title":{"rendered":"EJECUCI\u00d3N DEL PROYECTO DENOMINADO PAVIMENTACI\u00d3N DE CALLE CANT\u00d3N VI PILA."},"content":{"rendered":"\n<h2 class=\"wp-block-heading\"><mark style=\"background-color:rgba(0, 0, 0, 0)\" class=\"has-inline-color has-black-color\">Gracias a la capacidad de gesti\u00f3n del se\u00f1or alcalde municipal <a href=\"https:\/\/www.facebook.com\/profile.php?id=100065359905403&amp;__cft__[0]=AZW68x4LxX1Zjs318M1AVfH1xKdVnvB5pzr8bnXPB9q8clTXSESWq-WFSFs6BDjA_zXrBcGVPY0Ny8EuGvvO62vTzvf4NPnjunSzouAxqIV0gBEjmWop3jREN1gBGlt9GseLi4xEqQ1m9VnPnlvJMjVrFSMywalxdkrECjtuA_RLcj0L70FGDww0_yvYGfSOoy8&amp;__tn__=-]K-R\">Ram\u00f3n Raymundo<\/a> y distinguido concejo, La Municipalidad de Nebaj dio inici\u00f3 a la ejecuci\u00f3n de proyecto de pavimentaci\u00f3n de calle en el cant\u00f3n Vi Pila ; Con la participaci\u00f3n de autoridades comunitarias y vecinos del cant\u00f3n quienes externaron su alegr\u00eda por el proyecto.<\/mark><\/h2>\n\n\n\n<h2 class=\"wp-block-heading\"><a href=\"https:\/\/www.facebook.com\/hashtag\/construyendofuturo?__eep__=6&amp;__cft__[0]=AZW68x4LxX1Zjs318M1AVfH1xKdVnvB5pzr8bnXPB9q8clTXSESWq-WFSFs6BDjA_zXrBcGVPY0Ny8EuGvvO62vTzvf4NPnjunSzouAxqIV0gBEjmWop3jREN1gBGlt9GseLi4xEqQ1m9VnPnlvJMjVrFSMywalxdkrECjtuA_RLcj0L70FGDww0_yvYGfSOoy8&amp;__tn__=*NK-R\"><mark style=\"background-color:rgba(0, 0, 0, 0);color:#3e1515\" class=\"has-inline-color\">#ConstruyendoFuturo<\/mark><\/a><a href=\"https:\/\/www.facebook.com\/hashtag\/muninebaj?__eep__=6&amp;__cft__[0]=AZW68x4LxX1Zjs318M1AVfH1xKdVnvB5pzr8bnXPB9q8clTXSESWq-WFSFs6BDjA_zXrBcGVPY0Ny8EuGvvO62vTzvf4NPnjunSzouAxqIV0gBEjmWop3jREN1gBGlt9GseLi4xEqQ1m9VnPnlvJMjVrFSMywalxdkrECjtuA_RLcj0L70FGDww0_yvYGfSOoy8&amp;__tn__=*NK-R\"><mark style=\"background-color:rgba(0, 0, 0, 0);color:#3e1515\" class=\"has-inline-color\">#MuniNebaj<\/mark><\/a><\/h2>\n\n\n\n<iframe src=\"https:\/\/www.facebook.com\/plugins\/post.php?href=https%3A%2F%2Fwww.facebook.com%2Fphoto.php%3Ffbid%3D818651866958942%26set%3Da.359717016185765%26type%3D3&#038;show_text=true&#038;width=900\" width=\"900\" height=\"900\" style=\"border:none;overflow:hidden\" scrolling=\"no\" frameborder=\"0\" allowfullscreen=\"true\" allow=\"autoplay; clipboard-write; encrypted-media; picture-in-picture; web-share\"><\/iframe>\n\n\n\n<figure class=\"wp-block-image size-full is-resized\"><img  title=\"\" decoding=\"async\" src=\"https:\/\/municipalidaddenebaj.com\/wp-content\/uploads\/2024\/04\/image-24.png\"  alt=\"image-24 EJECUCI\u00d3N DEL PROYECTO DENOMINADO PAVIMENTACI\u00d3N DE CALLE CANT\u00d3N VI PILA.\"  class=\"wp-image-27959\" style=\"width:1450px;height:auto\"\/><\/figure>\n","protected":false},"excerpt":{"rendered":"<p>Gracias a la capacidad de gesti\u00f3n del se\u00f1or alcalde municipal Ram\u00f3n Raymundo y distinguido concejo,&#8230;<\/p>\n","protected":false},"author":2,"featured_media":27960,"comment_status":"open","ping_status":"open","sticky":false,"template":"","format":"standard","meta":{"_eb_attr":"","_monsterinsights_skip_tracking":false,"_monsterinsights_sitenote_active":false,"_monsterinsights_sitenote_note":"","_monsterinsights_sitenote_category":0,"footnotes":""},"categories":[1],"tags":[],"class_list":["post-27958","post","type-post","status-publish","format-standard","has-post-thumbnail","hentry","category-uncategorized"],"featured_image_urls":{"full":["https:\/\/municipalidaddenebaj.com\/wp-content\/uploads\/2024\/04\/434974072_818652213625574_944382301922263615_n.jpg",1080,1080,false],"thumbnail":["https:\/\/municipalidaddenebaj.com\/wp-content\/uploads\/2024\/04\/434974072_818652213625574_944382301922263615_n-161x161.jpg",161,161,true],"medium":["https:\/\/municipalidaddenebaj.com\/wp-content\/uploads\/2024\/04\/434974072_818652213625574_944382301922263615_n-350x350.jpg",350,350,true],"medium_large":["https:\/\/municipalidaddenebaj.com\/wp-content\/uploads\/2024\/04\/434974072_818652213625574_944382301922263615_n-768x768.jpg",640,640,true],"large":["https:\/\/municipalidaddenebaj.com\/wp-content\/uploads\/2024\/04\/434974072_818652213625574_944382301922263615_n-1024x1024.jpg",510,510,true],"ezd_searrch_thumb16x16":["https:\/\/municipalidaddenebaj.com\/wp-content\/uploads\/2024\/04\/434974072_818652213625574_944382301922263615_n.jpg",16,16,false],"ezd_searrch_thumb50x50":["https:\/\/municipalidaddenebaj.com\/wp-content\/uploads\/2024\/04\/434974072_818652213625574_944382301922263615_n.jpg",50,50,false],"1536x1536":["https:\/\/municipalidaddenebaj.com\/wp-content\/uploads\/2024\/04\/434974072_818652213625574_944382301922263615_n.jpg",1080,1080,false],"2048x2048":["https:\/\/municipalidaddenebaj.com\/wp-content\/uploads\/2024\/04\/434974072_818652213625574_944382301922263615_n.jpg",1080,1080,false],"covernews-featured":["https:\/\/municipalidaddenebaj.com\/wp-content\/uploads\/2024\/04\/434974072_818652213625574_944382301922263615_n.jpg",1024,1024,false],"covernews-medium":["https:\/\/municipalidaddenebaj.com\/wp-content\/uploads\/2024\/04\/434974072_818652213625574_944382301922263615_n.jpg",340,340,false],"woocommerce_thumbnail":["https:\/\/municipalidaddenebaj.com\/wp-content\/uploads\/2024\/04\/434974072_818652213625574_944382301922263615_n-300x300.jpg",300,300,true],"woocommerce_single":["https:\/\/municipalidaddenebaj.com\/wp-content\/uploads\/2024\/04\/434974072_818652213625574_944382301922263615_n-600x600.jpg",600,600,true],"woocommerce_gallery_thumbnail":["https:\/\/municipalidaddenebaj.com\/wp-content\/uploads\/2024\/04\/434974072_818652213625574_944382301922263615_n-100x100.jpg",100,100,true]},"author_info":{"display_name":"Editor Editor","author_link":"https:\/\/municipalidaddenebaj.com\/?author=2"},"category_info":"<a href=\"https:\/\/municipalidaddenebaj.com\/?cat=1\" rel=\"category\">Uncategorized<\/a>","tag_info":"Uncategorized","comment_count":"0","_links":{"self":[{"href":"https:\/\/municipalidaddenebaj.com\/index.php?rest_route=\/wp\/v2\/posts\/27958","targetHints":{"allow":["GET"]}}],"collection":[{"href":"https:\/\/municipalidaddenebaj.com\/index.php?rest_route=\/wp\/v2\/posts"}],"about":[{"href":"https:\/\/municipalidaddenebaj.com\/index.php?rest_route=\/wp\/v2\/types\/post"}],"author":[{"embeddable":true,"href":"https:\/\/municipalidaddenebaj.com\/index.php?rest_route=\/wp\/v2\/users\/2"}],"replies":[{"embeddable":true,"href":"https:\/\/municipalidaddenebaj.com\/index.php?rest_route=%2Fwp%2Fv2%2Fcomments&post=27958"}],"version-history":[{"count":0,"href":"https:\/\/municipalidaddenebaj.com\/index.php?rest_route=\/wp\/v2\/posts\/27958\/revisions"}],"wp:featuredmedia":[{"embeddable":true,"href":"https:\/\/municipalidaddenebaj.com\/index.php?rest_route=\/wp\/v2\/media\/27960"}],"wp:attachment":[{"href":"https:\/\/municipalidaddenebaj.com\/index.php?rest_route=%2Fwp%2Fv2%2Fmedia&parent=27958"}],"wp:term":[{"taxonomy":"category","embeddable":true,"href":"https:\/\/municipalidaddenebaj.com\/index.php?rest_route=%2Fwp%2Fv2%2Fcategories&post=27958"},{"taxonomy":"post_tag","embeddable":true,"href":"https:\/\/municipalidaddenebaj.com\/index.php?rest_route=%2Fwp%2Fv2%2Ftags&post=27958"}],"curies":[{"name":"wp","href":"https:\/\/api.w.org\/{rel}","templated":true}]}}