{"id":28311,"date":"2024-04-10T15:27:59","date_gmt":"2024-04-10T15:27:59","guid":{"rendered":"https:\/\/municipalidaddenebaj.com\/?p=28311"},"modified":"2024-04-10T15:28:01","modified_gmt":"2024-04-10T15:28:01","slug":"balastro","status":"publish","type":"post","link":"https:\/\/municipalidaddenebaj.com\/?p=28311","title":{"rendered":"BALASTRO"},"content":{"rendered":"\n<div class=\"wp-block-group has-global-padding is-layout-constrained wp-block-group-is-layout-constrained\">\n<h2 class=\"wp-block-heading\">\u00a1Los trabajos no se detienen!<\/h2>\n\n\n\n<h2 class=\"wp-block-heading\"><mark style=\"background-color:rgba(0, 0, 0, 0)\" class=\"has-inline-color has-black-color\">El se\u00f1or Alcalde Municipal <a href=\"https:\/\/www.facebook.com\/profile.php?id=100065359905403&amp;__cft__[0]=AZX4FmVie7dTIw21eiBCyu_IoNncZVzVNyGQyRxB99LYqMYC2nZ1M87hPuZQFmBNhnzVaTMLIW6phmb7LFq2R9jXQ96hu9ifn48ZEU7qH-gbEYM7T9bXSu1nD_v3AiQpJoxtZlaNbVS1r7tlDXCXEkjCTDuwDzrPw2mcz5a32X7N1Q6vr1uYBEjuH1o1Y54KU5Q&amp;__tn__=-]K-R\">Ram\u00f3n Raymundo<\/a>. A trav\u00e9s de la Direcci\u00f3n Municipal de Caminos Urbano y Rural -DIMCUR- a finalizado el primer tramo de balastro en el cant\u00f3n la Laguna Seca de nuestro Municipio.<\/mark><\/h2>\n\n\n\n<h2 class=\"wp-block-heading\"><a href=\"https:\/\/www.facebook.com\/hashtag\/construyendofuturo?__eep__=6&amp;__cft__[0]=AZX4FmVie7dTIw21eiBCyu_IoNncZVzVNyGQyRxB99LYqMYC2nZ1M87hPuZQFmBNhnzVaTMLIW6phmb7LFq2R9jXQ96hu9ifn48ZEU7qH-gbEYM7T9bXSu1nD_v3AiQpJoxtZlaNbVS1r7tlDXCXEkjCTDuwDzrPw2mcz5a32X7N1Q6vr1uYBEjuH1o1Y54KU5Q&amp;__tn__=*NK-R\">#ConstruyendoFuturo<\/a><\/h2>\n\n\n\n<h2 class=\"wp-block-heading\"><a href=\"https:\/\/www.facebook.com\/hashtag\/pornebaj?__eep__=6&amp;__cft__[0]=AZX4FmVie7dTIw21eiBCyu_IoNncZVzVNyGQyRxB99LYqMYC2nZ1M87hPuZQFmBNhnzVaTMLIW6phmb7LFq2R9jXQ96hu9ifn48ZEU7qH-gbEYM7T9bXSu1nD_v3AiQpJoxtZlaNbVS1r7tlDXCXEkjCTDuwDzrPw2mcz5a32X7N1Q6vr1uYBEjuH1o1Y54KU5Q&amp;__tn__=*NK-R\">#PorNebaj<\/a><\/h2>\n\n\n\n<p><\/p>\n<\/div>\n\n\n\n<iframe src=\"https:\/\/www.facebook.com\/plugins\/post.php?href=https%3A%2F%2Fwww.facebook.com%2Fphoto.php%3Ffbid%3D819404986883630%26set%3Da.359717012852432%26type%3D3&#038;show_text=true&#038;width=900\" width=\"900\" height=\"900\" style=\"border:none;overflow:hidden\" scrolling=\"no\" frameborder=\"0\" allowfullscreen=\"true\" allow=\"autoplay; clipboard-write; encrypted-media; picture-in-picture; web-share\"><\/iframe>\n\n\n\n<figure class=\"wp-block-image size-full is-resized\"><img  title=\"\" decoding=\"async\" src=\"https:\/\/municipalidaddenebaj.com\/wp-content\/uploads\/2024\/04\/image-29.png\"  alt=\"image-29 BALASTRO\"  class=\"wp-image-28313\" style=\"width:1450px;height:auto\"\/><\/figure>\n","protected":false},"excerpt":{"rendered":"<p>\u00a1Los trabajos no se detienen! El se\u00f1or Alcalde Municipal Ram\u00f3n Raymundo. A trav\u00e9s de la&#8230;<\/p>\n","protected":false},"author":2,"featured_media":28312,"comment_status":"open","ping_status":"open","sticky":false,"template":"","format":"standard","meta":{"_eb_attr":"","_monsterinsights_skip_tracking":false,"_monsterinsights_sitenote_active":false,"_monsterinsights_sitenote_note":"","_monsterinsights_sitenote_category":0,"footnotes":""},"categories":[1],"tags":[],"class_list":["post-28311","post","type-post","status-publish","format-standard","has-post-thumbnail","hentry","category-uncategorized"],"featured_image_urls":{"full":["https:\/\/municipalidaddenebaj.com\/wp-content\/uploads\/2024\/04\/434638383_819405486883580_910538371418757151_n-1.jpg",1080,1080,false],"thumbnail":["https:\/\/municipalidaddenebaj.com\/wp-content\/uploads\/2024\/04\/434638383_819405486883580_910538371418757151_n-1-161x161.jpg",161,161,true],"medium":["https:\/\/municipalidaddenebaj.com\/wp-content\/uploads\/2024\/04\/434638383_819405486883580_910538371418757151_n-1-350x350.jpg",350,350,true],"medium_large":["https:\/\/municipalidaddenebaj.com\/wp-content\/uploads\/2024\/04\/434638383_819405486883580_910538371418757151_n-1-768x768.jpg",640,640,true],"large":["https:\/\/municipalidaddenebaj.com\/wp-content\/uploads\/2024\/04\/434638383_819405486883580_910538371418757151_n-1-1024x1024.jpg",510,510,true],"ezd_searrch_thumb16x16":["https:\/\/municipalidaddenebaj.com\/wp-content\/uploads\/2024\/04\/434638383_819405486883580_910538371418757151_n-1.jpg",16,16,false],"ezd_searrch_thumb50x50":["https:\/\/municipalidaddenebaj.com\/wp-content\/uploads\/2024\/04\/434638383_819405486883580_910538371418757151_n-1.jpg",50,50,false],"1536x1536":["https:\/\/municipalidaddenebaj.com\/wp-content\/uploads\/2024\/04\/434638383_819405486883580_910538371418757151_n-1.jpg",1080,1080,false],"2048x2048":["https:\/\/municipalidaddenebaj.com\/wp-content\/uploads\/2024\/04\/434638383_819405486883580_910538371418757151_n-1.jpg",1080,1080,false],"covernews-featured":["https:\/\/municipalidaddenebaj.com\/wp-content\/uploads\/2024\/04\/434638383_819405486883580_910538371418757151_n-1.jpg",1024,1024,false],"covernews-medium":["https:\/\/municipalidaddenebaj.com\/wp-content\/uploads\/2024\/04\/434638383_819405486883580_910538371418757151_n-1.jpg",340,340,false],"woocommerce_thumbnail":["https:\/\/municipalidaddenebaj.com\/wp-content\/uploads\/2024\/04\/434638383_819405486883580_910538371418757151_n-1-300x300.jpg",300,300,true],"woocommerce_single":["https:\/\/municipalidaddenebaj.com\/wp-content\/uploads\/2024\/04\/434638383_819405486883580_910538371418757151_n-1-600x600.jpg",600,600,true],"woocommerce_gallery_thumbnail":["https:\/\/municipalidaddenebaj.com\/wp-content\/uploads\/2024\/04\/434638383_819405486883580_910538371418757151_n-1-100x100.jpg",100,100,true]},"author_info":{"display_name":"Editor Editor","author_link":"https:\/\/municipalidaddenebaj.com\/?author=2"},"category_info":"<a href=\"https:\/\/municipalidaddenebaj.com\/?cat=1\" rel=\"category\">Uncategorized<\/a>","tag_info":"Uncategorized","comment_count":"0","_links":{"self":[{"href":"https:\/\/municipalidaddenebaj.com\/index.php?rest_route=\/wp\/v2\/posts\/28311","targetHints":{"allow":["GET"]}}],"collection":[{"href":"https:\/\/municipalidaddenebaj.com\/index.php?rest_route=\/wp\/v2\/posts"}],"about":[{"href":"https:\/\/municipalidaddenebaj.com\/index.php?rest_route=\/wp\/v2\/types\/post"}],"author":[{"embeddable":true,"href":"https:\/\/municipalidaddenebaj.com\/index.php?rest_route=\/wp\/v2\/users\/2"}],"replies":[{"embeddable":true,"href":"https:\/\/municipalidaddenebaj.com\/index.php?rest_route=%2Fwp%2Fv2%2Fcomments&post=28311"}],"version-history":[{"count":0,"href":"https:\/\/municipalidaddenebaj.com\/index.php?rest_route=\/wp\/v2\/posts\/28311\/revisions"}],"wp:featuredmedia":[{"embeddable":true,"href":"https:\/\/municipalidaddenebaj.com\/index.php?rest_route=\/wp\/v2\/media\/28312"}],"wp:attachment":[{"href":"https:\/\/municipalidaddenebaj.com\/index.php?rest_route=%2Fwp%2Fv2%2Fmedia&parent=28311"}],"wp:term":[{"taxonomy":"category","embeddable":true,"href":"https:\/\/municipalidaddenebaj.com\/index.php?rest_route=%2Fwp%2Fv2%2Fcategories&post=28311"},{"taxonomy":"post_tag","embeddable":true,"href":"https:\/\/municipalidaddenebaj.com\/index.php?rest_route=%2Fwp%2Fv2%2Ftags&post=28311"}],"curies":[{"name":"wp","href":"https:\/\/api.w.org\/{rel}","templated":true}]}}