{"id":28704,"date":"2024-04-12T16:56:40","date_gmt":"2024-04-12T16:56:40","guid":{"rendered":"https:\/\/municipalidaddenebaj.com\/?p=28704"},"modified":"2024-04-12T18:24:28","modified_gmt":"2024-04-12T18:24:28","slug":"entrega-de-credencial-al-concejal-septimo","status":"publish","type":"post","link":"https:\/\/municipalidaddenebaj.com\/?p=28704","title":{"rendered":"ENTREGA DE CREDENCIAL  AL CONCEJAL S\u00c9PTIMO"},"content":{"rendered":"\n<h3 class=\"wp-block-heading\">La presidenta del <a href=\"https:\/\/www.facebook.com\/hashtag\/tseguatemala?__eep__=6&amp;__cft__[0]=AZVZaTipv05cIMmgkAtMU1qsPcKv96TcrGvMhqEgJ1uqFaPNJlrRPIqXS_yybC2z2a-a3HVP-FsIwyWbRd7TB7Rr5sDkPn_3eE42lwZ0cNgtbMYBb1jtu2zsnHvDv5lrjXMdm7qqJrxXG1rx7-sWVrl3mmAvQFqSKkjwZjRbHWOBrlo-iX2tIgQl9PrYRmUXzds&amp;__tn__=*NK-R\">#TSEGuatemala<\/a>, Blanca Alfaro y el secretario general Mario Vel\u00e1squez, entregaron este d\u00eda la credencial como concejal s\u00e9ptimo de la municipalidad de Nebaj, Quich\u00e9, a Domingo Guzm\u00e1n de Le\u00f3n, quien asume por corrimiento de cargos.<\/h3>\n\n\n\n<h3 class=\"wp-block-heading\">Ese procedimiento se realiza con base en el art\u00edculo 45 del C\u00f3digo Municipal. La corporaci\u00f3n municipal de Nebaj cuenta con siete concejales electos, as\u00ed como tres concejales suplentes y dos s\u00edndicos titulares y un suplente electos <a><\/a>el 25 de junio de 2023.<\/h3>\n\n\n\n<h3 class=\"wp-block-heading\"><a href=\"https:\/\/www.facebook.com\/hashtag\/muninebaj?__eep__=6&amp;__cft__[0]=AZVZaTipv05cIMmgkAtMU1qsPcKv96TcrGvMhqEgJ1uqFaPNJlrRPIqXS_yybC2z2a-a3HVP-FsIwyWbRd7TB7Rr5sDkPn_3eE42lwZ0cNgtbMYBb1jtu2zsnHvDv5lrjXMdm7qqJrxXG1rx7-sWVrl3mmAvQFqSKkjwZjRbHWOBrlo-iX2tIgQl9PrYRmUXzds&amp;__tn__=*NK-R\">#MuniNebaj<\/a><\/h3>\n\n\n\n<iframe src=\"https:\/\/www.facebook.com\/plugins\/post.php?href=https%3A%2F%2Fwww.facebook.com%2Fpermalink.php%3Fstory_fbid%3Dpfbid02Kt4RvjmU6bznWi3nnHNC7gTp7c77c6mQmhvS3MWXWWpfgBeSFknzHmvn6WWmMT7fl%26id%3D100064424092491&#038;show_text=true&#038;width=800\" width=\"800\" height=\"800\" style=\"border:none;overflow:hidden\" scrolling=\"no\" frameborder=\"0\" allowfullscreen=\"true\" allow=\"autoplay; clipboard-write; encrypted-media; picture-in-picture; web-share\"><\/iframe>\n\n\n\n<figure class=\"wp-block-image size-full is-resized\"><img  title=\"\" decoding=\"async\" src=\"https:\/\/municipalidaddenebaj.com\/wp-content\/uploads\/2024\/04\/image-40.png\"  alt=\"image-40 ENTREGA DE CREDENCIAL  AL CONCEJAL S\u00c9PTIMO\"  class=\"wp-image-28705\" style=\"width:1450px;height:auto\"\/><\/figure>\n","protected":false},"excerpt":{"rendered":"<p>La presidenta del #TSEGuatemala, Blanca Alfaro y el secretario general Mario Vel\u00e1squez, entregaron este d\u00eda&#8230;<\/p>\n","protected":false},"author":2,"featured_media":28706,"comment_status":"open","ping_status":"open","sticky":false,"template":"","format":"standard","meta":{"_eb_attr":"","_monsterinsights_skip_tracking":false,"_monsterinsights_sitenote_active":false,"_monsterinsights_sitenote_note":"","_monsterinsights_sitenote_category":0,"footnotes":""},"categories":[1],"tags":[],"class_list":["post-28704","post","type-post","status-publish","format-standard","has-post-thumbnail","hentry","category-uncategorized"],"featured_image_urls":{"full":["https:\/\/municipalidaddenebaj.com\/wp-content\/uploads\/2024\/04\/435673516_820792943411501_4352256202240725431_n.jpg",960,807,false],"thumbnail":["https:\/\/municipalidaddenebaj.com\/wp-content\/uploads\/2024\/04\/435673516_820792943411501_4352256202240725431_n-161x161.jpg",161,161,true],"medium":["https:\/\/municipalidaddenebaj.com\/wp-content\/uploads\/2024\/04\/435673516_820792943411501_4352256202240725431_n-350x294.jpg",350,294,true],"medium_large":["https:\/\/municipalidaddenebaj.com\/wp-content\/uploads\/2024\/04\/435673516_820792943411501_4352256202240725431_n-768x646.jpg",640,538,true],"large":["https:\/\/municipalidaddenebaj.com\/wp-content\/uploads\/2024\/04\/435673516_820792943411501_4352256202240725431_n.jpg",510,429,false],"ezd_searrch_thumb16x16":["https:\/\/municipalidaddenebaj.com\/wp-content\/uploads\/2024\/04\/435673516_820792943411501_4352256202240725431_n.jpg",16,13,false],"ezd_searrch_thumb50x50":["https:\/\/municipalidaddenebaj.com\/wp-content\/uploads\/2024\/04\/435673516_820792943411501_4352256202240725431_n.jpg",50,42,false],"1536x1536":["https:\/\/municipalidaddenebaj.com\/wp-content\/uploads\/2024\/04\/435673516_820792943411501_4352256202240725431_n.jpg",960,807,false],"2048x2048":["https:\/\/municipalidaddenebaj.com\/wp-content\/uploads\/2024\/04\/435673516_820792943411501_4352256202240725431_n.jpg",960,807,false],"covernews-featured":["https:\/\/municipalidaddenebaj.com\/wp-content\/uploads\/2024\/04\/435673516_820792943411501_4352256202240725431_n.jpg",960,807,false],"covernews-medium":["https:\/\/municipalidaddenebaj.com\/wp-content\/uploads\/2024\/04\/435673516_820792943411501_4352256202240725431_n.jpg",404,340,false],"woocommerce_thumbnail":["https:\/\/municipalidaddenebaj.com\/wp-content\/uploads\/2024\/04\/435673516_820792943411501_4352256202240725431_n-300x300.jpg",300,300,true],"woocommerce_single":["https:\/\/municipalidaddenebaj.com\/wp-content\/uploads\/2024\/04\/435673516_820792943411501_4352256202240725431_n-600x504.jpg",600,504,true],"woocommerce_gallery_thumbnail":["https:\/\/municipalidaddenebaj.com\/wp-content\/uploads\/2024\/04\/435673516_820792943411501_4352256202240725431_n-100x100.jpg",100,100,true]},"author_info":{"display_name":"Editor Editor","author_link":"https:\/\/municipalidaddenebaj.com\/?author=2"},"category_info":"<a href=\"https:\/\/municipalidaddenebaj.com\/?cat=1\" rel=\"category\">Uncategorized<\/a>","tag_info":"Uncategorized","comment_count":"0","_links":{"self":[{"href":"https:\/\/municipalidaddenebaj.com\/index.php?rest_route=\/wp\/v2\/posts\/28704","targetHints":{"allow":["GET"]}}],"collection":[{"href":"https:\/\/municipalidaddenebaj.com\/index.php?rest_route=\/wp\/v2\/posts"}],"about":[{"href":"https:\/\/municipalidaddenebaj.com\/index.php?rest_route=\/wp\/v2\/types\/post"}],"author":[{"embeddable":true,"href":"https:\/\/municipalidaddenebaj.com\/index.php?rest_route=\/wp\/v2\/users\/2"}],"replies":[{"embeddable":true,"href":"https:\/\/municipalidaddenebaj.com\/index.php?rest_route=%2Fwp%2Fv2%2Fcomments&post=28704"}],"version-history":[{"count":0,"href":"https:\/\/municipalidaddenebaj.com\/index.php?rest_route=\/wp\/v2\/posts\/28704\/revisions"}],"wp:featuredmedia":[{"embeddable":true,"href":"https:\/\/municipalidaddenebaj.com\/index.php?rest_route=\/wp\/v2\/media\/28706"}],"wp:attachment":[{"href":"https:\/\/municipalidaddenebaj.com\/index.php?rest_route=%2Fwp%2Fv2%2Fmedia&parent=28704"}],"wp:term":[{"taxonomy":"category","embeddable":true,"href":"https:\/\/municipalidaddenebaj.com\/index.php?rest_route=%2Fwp%2Fv2%2Fcategories&post=28704"},{"taxonomy":"post_tag","embeddable":true,"href":"https:\/\/municipalidaddenebaj.com\/index.php?rest_route=%2Fwp%2Fv2%2Ftags&post=28704"}],"curies":[{"name":"wp","href":"https:\/\/api.w.org\/{rel}","templated":true}]}}