{"id":28750,"date":"2024-04-15T14:59:25","date_gmt":"2024-04-15T14:59:25","guid":{"rendered":"https:\/\/municipalidaddenebaj.com\/?p=28750"},"modified":"2024-04-15T15:00:49","modified_gmt":"2024-04-15T15:00:49","slug":"inauguracion-muro-de-contencion-canton-las-violetas","status":"publish","type":"post","link":"https:\/\/municipalidaddenebaj.com\/?p=28750","title":{"rendered":"INAUGURACI\u00d3N (MURO DE CONTENCI\u00d3N CANT\u00d3N LAS VIOLETAS)."},"content":{"rendered":"\n<h3 class=\"wp-block-heading\"><mark style=\"background-color:rgba(0, 0, 0, 0)\" class=\"has-inline-color has-black-color\">Nuestro alcalde Municipal <a href=\"https:\/\/www.facebook.com\/profile.php?id=100065359905403&amp;__cft__[0]=AZXIbivHZ5lO7OLVD9jRKD4dQwTTgwzHTkhqloVs4T2xOPPSIcrKZhf0D3kWMDyhCrMlffghTqLffR6Ibcr7Xq04W1e9ioimUoO0c6Fu7Szo8JpYojd-HJDXaaJg3a6I2NpM6CcfNL3K3R1aRy_hpOGgcYebLm6ziRvHhz80l6iyUSKGD2cRDBeOtKcrGrnJS8E&amp;__tn__=-]K-R\">Ram\u00f3n Raymundo<\/a> y su Distinguido Concejo Inauguran muro de contenci\u00f3n destinada a contener alg\u00fan deslizamiento de la calle principal del Cant\u00f3n las Violetas que por mucho tiempo ha sido abandonada!<\/mark><\/h3>\n\n\n\n<h3 class=\"wp-block-heading\">Una ruta muy transitable que el d\u00eda de hoy se apertura.<\/h3>\n\n\n\n<h3 class=\"wp-block-heading\">#<img  title=\"\" decoding=\"async\" height=\"16\" width=\"16\"  alt=\"1f6a7 INAUGURACI\u00d3N (MURO DE CONTENCI\u00d3N CANT\u00d3N LAS VIOLETAS).\"  src=\"https:\/\/static.xx.fbcdn.net\/images\/emoji.php\/v9\/t1d\/1.5\/16\/1f6a7.png\"><\/h3>\n\n\n\n<h3 class=\"wp-block-heading\"><a href=\"https:\/\/www.facebook.com\/hashtag\/construyendofuturo?__eep__=6&amp;__cft__[0]=AZXIbivHZ5lO7OLVD9jRKD4dQwTTgwzHTkhqloVs4T2xOPPSIcrKZhf0D3kWMDyhCrMlffghTqLffR6Ibcr7Xq04W1e9ioimUoO0c6Fu7Szo8JpYojd-HJDXaaJg3a6I2NpM6CcfNL3K3R1aRy_hpOGgcYebLm6ziRvHhz80l6iyUSKGD2cRDBeOtKcrGrnJS8E&amp;__tn__=*NK-R\">#ConstruyendoFuturo<\/a><\/h3>\n\n\n\n<iframe src=\"https:\/\/www.facebook.com\/plugins\/post.php?href=https%3A%2F%2Fwww.facebook.com%2Fphoto.php%3Ffbid%3D821824586641670%26set%3Da.359717012852432%26type%3D3&#038;show_text=true&#038;width=900\" width=\"900\" height=\"900\" style=\"border:none;overflow:hidden\" scrolling=\"no\" frameborder=\"0\" allowfullscreen=\"true\" allow=\"autoplay; clipboard-write; encrypted-media; picture-in-picture; web-share\"><\/iframe>\n\n\n\n<figure class=\"wp-block-image size-full is-resized\"><img  title=\"\" decoding=\"async\" src=\"https:\/\/municipalidaddenebaj.com\/wp-content\/uploads\/2024\/04\/image-42.png\"  alt=\"image-42 INAUGURACI\u00d3N (MURO DE CONTENCI\u00d3N CANT\u00d3N LAS VIOLETAS).\"  class=\"wp-image-28751\" style=\"width:1450px;height:auto\"\/><\/figure>\n\n\n\n<p><\/p>\n","protected":false},"excerpt":{"rendered":"<p>Nuestro alcalde Municipal Ram\u00f3n Raymundo y su Distinguido Concejo Inauguran muro de contenci\u00f3n destinada a&#8230;<\/p>\n","protected":false},"author":2,"featured_media":28754,"comment_status":"open","ping_status":"open","sticky":false,"template":"","format":"standard","meta":{"_eb_attr":"","_monsterinsights_skip_tracking":false,"_monsterinsights_sitenote_active":false,"_monsterinsights_sitenote_note":"","_monsterinsights_sitenote_category":0,"footnotes":""},"categories":[1],"tags":[],"class_list":["post-28750","post","type-post","status-publish","format-standard","has-post-thumbnail","hentry","category-uncategorized"],"featured_image_urls":{"full":["https:\/\/municipalidaddenebaj.com\/wp-content\/uploads\/2024\/04\/438059861_821825586641570_5722912852226986205_n.jpg",1600,1066,false],"thumbnail":["https:\/\/municipalidaddenebaj.com\/wp-content\/uploads\/2024\/04\/438059861_821825586641570_5722912852226986205_n-161x161.jpg",161,161,true],"medium":["https:\/\/municipalidaddenebaj.com\/wp-content\/uploads\/2024\/04\/438059861_821825586641570_5722912852226986205_n-350x233.jpg",350,233,true],"medium_large":["https:\/\/municipalidaddenebaj.com\/wp-content\/uploads\/2024\/04\/438059861_821825586641570_5722912852226986205_n-768x512.jpg",640,427,true],"large":["https:\/\/municipalidaddenebaj.com\/wp-content\/uploads\/2024\/04\/438059861_821825586641570_5722912852226986205_n-1024x682.jpg",510,340,true],"ezd_searrch_thumb16x16":["https:\/\/municipalidaddenebaj.com\/wp-content\/uploads\/2024\/04\/438059861_821825586641570_5722912852226986205_n.jpg",16,11,false],"ezd_searrch_thumb50x50":["https:\/\/municipalidaddenebaj.com\/wp-content\/uploads\/2024\/04\/438059861_821825586641570_5722912852226986205_n.jpg",50,33,false],"1536x1536":["https:\/\/municipalidaddenebaj.com\/wp-content\/uploads\/2024\/04\/438059861_821825586641570_5722912852226986205_n-1536x1023.jpg",1536,1023,true],"2048x2048":["https:\/\/municipalidaddenebaj.com\/wp-content\/uploads\/2024\/04\/438059861_821825586641570_5722912852226986205_n.jpg",1600,1066,false],"covernews-featured":["https:\/\/municipalidaddenebaj.com\/wp-content\/uploads\/2024\/04\/438059861_821825586641570_5722912852226986205_n.jpg",1024,682,false],"covernews-medium":["https:\/\/municipalidaddenebaj.com\/wp-content\/uploads\/2024\/04\/438059861_821825586641570_5722912852226986205_n.jpg",510,340,false],"woocommerce_thumbnail":["https:\/\/municipalidaddenebaj.com\/wp-content\/uploads\/2024\/04\/438059861_821825586641570_5722912852226986205_n-300x300.jpg",300,300,true],"woocommerce_single":["https:\/\/municipalidaddenebaj.com\/wp-content\/uploads\/2024\/04\/438059861_821825586641570_5722912852226986205_n-600x400.jpg",600,400,true],"woocommerce_gallery_thumbnail":["https:\/\/municipalidaddenebaj.com\/wp-content\/uploads\/2024\/04\/438059861_821825586641570_5722912852226986205_n-100x100.jpg",100,100,true]},"author_info":{"display_name":"Editor Editor","author_link":"https:\/\/municipalidaddenebaj.com\/?author=2"},"category_info":"<a href=\"https:\/\/municipalidaddenebaj.com\/?cat=1\" rel=\"category\">Uncategorized<\/a>","tag_info":"Uncategorized","comment_count":"0","_links":{"self":[{"href":"https:\/\/municipalidaddenebaj.com\/index.php?rest_route=\/wp\/v2\/posts\/28750","targetHints":{"allow":["GET"]}}],"collection":[{"href":"https:\/\/municipalidaddenebaj.com\/index.php?rest_route=\/wp\/v2\/posts"}],"about":[{"href":"https:\/\/municipalidaddenebaj.com\/index.php?rest_route=\/wp\/v2\/types\/post"}],"author":[{"embeddable":true,"href":"https:\/\/municipalidaddenebaj.com\/index.php?rest_route=\/wp\/v2\/users\/2"}],"replies":[{"embeddable":true,"href":"https:\/\/municipalidaddenebaj.com\/index.php?rest_route=%2Fwp%2Fv2%2Fcomments&post=28750"}],"version-history":[{"count":0,"href":"https:\/\/municipalidaddenebaj.com\/index.php?rest_route=\/wp\/v2\/posts\/28750\/revisions"}],"wp:featuredmedia":[{"embeddable":true,"href":"https:\/\/municipalidaddenebaj.com\/index.php?rest_route=\/wp\/v2\/media\/28754"}],"wp:attachment":[{"href":"https:\/\/municipalidaddenebaj.com\/index.php?rest_route=%2Fwp%2Fv2%2Fmedia&parent=28750"}],"wp:term":[{"taxonomy":"category","embeddable":true,"href":"https:\/\/municipalidaddenebaj.com\/index.php?rest_route=%2Fwp%2Fv2%2Fcategories&post=28750"},{"taxonomy":"post_tag","embeddable":true,"href":"https:\/\/municipalidaddenebaj.com\/index.php?rest_route=%2Fwp%2Fv2%2Ftags&post=28750"}],"curies":[{"name":"wp","href":"https:\/\/api.w.org\/{rel}","templated":true}]}}