{"id":28756,"date":"2024-04-15T15:04:08","date_gmt":"2024-04-15T15:04:08","guid":{"rendered":"https:\/\/municipalidaddenebaj.com\/?p=28756"},"modified":"2024-04-15T15:04:10","modified_gmt":"2024-04-15T15:04:10","slug":"jornada-de-limpieza-3","status":"publish","type":"post","link":"https:\/\/municipalidaddenebaj.com\/?p=28756","title":{"rendered":"JORNADA DE LIMPIEZA."},"content":{"rendered":"\n<h3 class=\"wp-block-heading\">Presentamos el trabajo realizado por la Direcci\u00f3n Municipal de Servicios p\u00fablicos -DMSP- Esta semana!<\/h3>\n\n\n\n<h3 class=\"wp-block-heading\">Jornadas de limpieza diarias de los edificios municipales de: La planta, El Calvario, Parque San Jacinto y Estadio Municipal, con la finalidad de rescatar estos lugar para su uso adecuado.<\/h3>\n\n\n\n<h3 class=\"wp-block-heading\">As\u00ed tambi\u00e9n Limpieza de las cunetas en el cant\u00f3n simocol.<\/h3>\n\n\n\n<h3 class=\"wp-block-heading\">Se recomienda a la poblaci\u00f3n en general limpiar las cunetas frente su casa de habitaci\u00f3n ya que el personal de la municipalidad ya no se da basto por la gravedad de suciedad que contienen. !<\/h3>\n\n\n\n<iframe src=\"https:\/\/www.facebook.com\/plugins\/post.php?href=https%3A%2F%2Fwww.facebook.com%2Fphoto.php%3Ffbid%3D821924453298350%26set%3Da.359717012852432%26type%3D3&#038;show_text=true&#038;width=920\" width=\"920\" height=\"920\" style=\"border:none;overflow:hidden\" scrolling=\"no\" frameborder=\"0\" allowfullscreen=\"true\" allow=\"autoplay; clipboard-write; encrypted-media; picture-in-picture; web-share\"><\/iframe>\n\n\n\n<figure class=\"wp-block-image size-full is-resized\"><img  title=\"\" decoding=\"async\" src=\"https:\/\/municipalidaddenebaj.com\/wp-content\/uploads\/2024\/04\/image-43.png\"  alt=\"image-43 JORNADA DE LIMPIEZA.\"  class=\"wp-image-28757\" style=\"width:1450px;height:auto\"\/><\/figure>\n","protected":false},"excerpt":{"rendered":"<p>Presentamos el trabajo realizado por la Direcci\u00f3n Municipal de Servicios p\u00fablicos -DMSP- Esta semana! Jornadas&#8230;<\/p>\n","protected":false},"author":2,"featured_media":28758,"comment_status":"open","ping_status":"open","sticky":false,"template":"","format":"standard","meta":{"_eb_attr":"","_monsterinsights_skip_tracking":false,"_monsterinsights_sitenote_active":false,"_monsterinsights_sitenote_note":"","_monsterinsights_sitenote_category":0,"footnotes":""},"categories":[1],"tags":[],"class_list":["post-28756","post","type-post","status-publish","format-standard","has-post-thumbnail","hentry","category-uncategorized"],"featured_image_urls":{"full":["https:\/\/municipalidaddenebaj.com\/wp-content\/uploads\/2024\/04\/437529577_821925466631582_3709083187748156879_n.jpg",1200,1600,false],"thumbnail":["https:\/\/municipalidaddenebaj.com\/wp-content\/uploads\/2024\/04\/437529577_821925466631582_3709083187748156879_n-161x161.jpg",161,161,true],"medium":["https:\/\/municipalidaddenebaj.com\/wp-content\/uploads\/2024\/04\/437529577_821925466631582_3709083187748156879_n-263x350.jpg",263,350,true],"medium_large":["https:\/\/municipalidaddenebaj.com\/wp-content\/uploads\/2024\/04\/437529577_821925466631582_3709083187748156879_n-768x1024.jpg",640,853,true],"large":["https:\/\/municipalidaddenebaj.com\/wp-content\/uploads\/2024\/04\/437529577_821925466631582_3709083187748156879_n-768x1024.jpg",383,510,true],"ezd_searrch_thumb16x16":["https:\/\/municipalidaddenebaj.com\/wp-content\/uploads\/2024\/04\/437529577_821925466631582_3709083187748156879_n.jpg",12,16,false],"ezd_searrch_thumb50x50":["https:\/\/municipalidaddenebaj.com\/wp-content\/uploads\/2024\/04\/437529577_821925466631582_3709083187748156879_n.jpg",38,50,false],"1536x1536":["https:\/\/municipalidaddenebaj.com\/wp-content\/uploads\/2024\/04\/437529577_821925466631582_3709083187748156879_n-1152x1536.jpg",1152,1536,true],"2048x2048":["https:\/\/municipalidaddenebaj.com\/wp-content\/uploads\/2024\/04\/437529577_821925466631582_3709083187748156879_n.jpg",1200,1600,false],"covernews-featured":["https:\/\/municipalidaddenebaj.com\/wp-content\/uploads\/2024\/04\/437529577_821925466631582_3709083187748156879_n.jpg",1024,1365,false],"covernews-medium":["https:\/\/municipalidaddenebaj.com\/wp-content\/uploads\/2024\/04\/437529577_821925466631582_3709083187748156879_n.jpg",255,340,false],"woocommerce_thumbnail":["https:\/\/municipalidaddenebaj.com\/wp-content\/uploads\/2024\/04\/437529577_821925466631582_3709083187748156879_n-300x300.jpg",300,300,true],"woocommerce_single":["https:\/\/municipalidaddenebaj.com\/wp-content\/uploads\/2024\/04\/437529577_821925466631582_3709083187748156879_n-600x800.jpg",600,800,true],"woocommerce_gallery_thumbnail":["https:\/\/municipalidaddenebaj.com\/wp-content\/uploads\/2024\/04\/437529577_821925466631582_3709083187748156879_n-100x100.jpg",100,100,true]},"author_info":{"display_name":"Editor Editor","author_link":"https:\/\/municipalidaddenebaj.com\/?author=2"},"category_info":"<a href=\"https:\/\/municipalidaddenebaj.com\/?cat=1\" rel=\"category\">Uncategorized<\/a>","tag_info":"Uncategorized","comment_count":"0","_links":{"self":[{"href":"https:\/\/municipalidaddenebaj.com\/index.php?rest_route=\/wp\/v2\/posts\/28756","targetHints":{"allow":["GET"]}}],"collection":[{"href":"https:\/\/municipalidaddenebaj.com\/index.php?rest_route=\/wp\/v2\/posts"}],"about":[{"href":"https:\/\/municipalidaddenebaj.com\/index.php?rest_route=\/wp\/v2\/types\/post"}],"author":[{"embeddable":true,"href":"https:\/\/municipalidaddenebaj.com\/index.php?rest_route=\/wp\/v2\/users\/2"}],"replies":[{"embeddable":true,"href":"https:\/\/municipalidaddenebaj.com\/index.php?rest_route=%2Fwp%2Fv2%2Fcomments&post=28756"}],"version-history":[{"count":0,"href":"https:\/\/municipalidaddenebaj.com\/index.php?rest_route=\/wp\/v2\/posts\/28756\/revisions"}],"wp:featuredmedia":[{"embeddable":true,"href":"https:\/\/municipalidaddenebaj.com\/index.php?rest_route=\/wp\/v2\/media\/28758"}],"wp:attachment":[{"href":"https:\/\/municipalidaddenebaj.com\/index.php?rest_route=%2Fwp%2Fv2%2Fmedia&parent=28756"}],"wp:term":[{"taxonomy":"category","embeddable":true,"href":"https:\/\/municipalidaddenebaj.com\/index.php?rest_route=%2Fwp%2Fv2%2Fcategories&post=28756"},{"taxonomy":"post_tag","embeddable":true,"href":"https:\/\/municipalidaddenebaj.com\/index.php?rest_route=%2Fwp%2Fv2%2Ftags&post=28756"}],"curies":[{"name":"wp","href":"https:\/\/api.w.org\/{rel}","templated":true}]}}