{"id":28819,"date":"2024-04-15T23:20:13","date_gmt":"2024-04-15T23:20:13","guid":{"rendered":"https:\/\/municipalidaddenebaj.com\/?p=28819"},"modified":"2024-04-15T23:20:14","modified_gmt":"2024-04-15T23:20:14","slug":"mantenimiento-y-conservacion-vial","status":"publish","type":"post","link":"https:\/\/municipalidaddenebaj.com\/?p=28819","title":{"rendered":"MANTENIMIENTO Y CONSERVACI\u00d3N  VIAL"},"content":{"rendered":"\n<h3 class=\"wp-block-heading\"><strong>Inician trabajos de mantenimiento y conservaci\u00f3n vial en Cant\u00f3n Xecax, a traves de la Direcci\u00f3n Municipal de Caminos Urbano y Rural -DIMCUR, Por Gestiones del se\u00f1or Alcalde Municipal <a href=\"https:\/\/www.facebook.com\/profile.php?id=100065359905403&amp;__cft__[0]=AZUNg91X_djYIgNmjrinYwGBxUtluMxhU6zuaBLAhAWJijQZp_mmvugeAFdZ0AllIUQpQML2scgC4xhDOB7VlAXIGHxhf4cCfRAqNCTiNFiDL1k-AfBbyCLNWzN68Ysldv4Hk6tI6W2gj7oqNKrKtcHsFo6pmu0uBaV6Vsea8iTa2R1rr2NG3R1M7BuGVaDoKq0&amp;__tn__=-]K-R\">Ram\u00f3n Raymundo<\/a><\/strong><\/h3>\n\n\n\n<iframe src=\"https:\/\/www.facebook.com\/plugins\/post.php?href=https%3A%2F%2Fwww.facebook.com%2Fphoto.php%3Ffbid%3D823275716496557%26set%3Da.359717016185765%26type%3D3&#038;show_text=true&#038;width=920\" width=\"920\" height=\"920\" style=\"border:none;overflow:hidden\" scrolling=\"no\" frameborder=\"0\" allowfullscreen=\"true\" allow=\"autoplay; clipboard-write; encrypted-media; picture-in-picture; web-share\"><\/iframe>\n\n\n\n<figure class=\"wp-block-image size-full is-resized\"><img  title=\"\" decoding=\"async\" src=\"https:\/\/municipalidaddenebaj.com\/wp-content\/uploads\/2024\/04\/image-47.png\"  alt=\"image-47 MANTENIMIENTO Y CONSERVACI\u00d3N  VIAL\"  class=\"wp-image-28820\" style=\"width:1450px;height:auto\"\/><\/figure>\n","protected":false},"excerpt":{"rendered":"<p>Inician trabajos de mantenimiento y conservaci\u00f3n vial en Cant\u00f3n Xecax, a traves de la Direcci\u00f3n&#8230;<\/p>\n","protected":false},"author":2,"featured_media":28821,"comment_status":"open","ping_status":"open","sticky":false,"template":"","format":"standard","meta":{"_eb_attr":"","_monsterinsights_skip_tracking":false,"_monsterinsights_sitenote_active":false,"_monsterinsights_sitenote_note":"","_monsterinsights_sitenote_category":0,"footnotes":""},"categories":[1],"tags":[],"class_list":["post-28819","post","type-post","status-publish","format-standard","has-post-thumbnail","hentry","category-uncategorized"],"featured_image_urls":{"full":["https:\/\/municipalidaddenebaj.com\/wp-content\/uploads\/2024\/04\/437034367_823275626496566_206581554019608698_n.jpg",2048,1536,false],"thumbnail":["https:\/\/municipalidaddenebaj.com\/wp-content\/uploads\/2024\/04\/437034367_823275626496566_206581554019608698_n-161x161.jpg",161,161,true],"medium":["https:\/\/municipalidaddenebaj.com\/wp-content\/uploads\/2024\/04\/437034367_823275626496566_206581554019608698_n-350x263.jpg",350,263,true],"medium_large":["https:\/\/municipalidaddenebaj.com\/wp-content\/uploads\/2024\/04\/437034367_823275626496566_206581554019608698_n-768x576.jpg",640,480,true],"large":["https:\/\/municipalidaddenebaj.com\/wp-content\/uploads\/2024\/04\/437034367_823275626496566_206581554019608698_n-1024x768.jpg",510,383,true],"ezd_searrch_thumb16x16":["https:\/\/municipalidaddenebaj.com\/wp-content\/uploads\/2024\/04\/437034367_823275626496566_206581554019608698_n.jpg",16,12,false],"ezd_searrch_thumb50x50":["https:\/\/municipalidaddenebaj.com\/wp-content\/uploads\/2024\/04\/437034367_823275626496566_206581554019608698_n.jpg",50,38,false],"1536x1536":["https:\/\/municipalidaddenebaj.com\/wp-content\/uploads\/2024\/04\/437034367_823275626496566_206581554019608698_n-1536x1152.jpg",1536,1152,true],"2048x2048":["https:\/\/municipalidaddenebaj.com\/wp-content\/uploads\/2024\/04\/437034367_823275626496566_206581554019608698_n.jpg",2048,1536,false],"covernews-featured":["https:\/\/municipalidaddenebaj.com\/wp-content\/uploads\/2024\/04\/437034367_823275626496566_206581554019608698_n.jpg",1024,768,false],"covernews-medium":["https:\/\/municipalidaddenebaj.com\/wp-content\/uploads\/2024\/04\/437034367_823275626496566_206581554019608698_n.jpg",453,340,false],"woocommerce_thumbnail":["https:\/\/municipalidaddenebaj.com\/wp-content\/uploads\/2024\/04\/437034367_823275626496566_206581554019608698_n-300x300.jpg",300,300,true],"woocommerce_single":["https:\/\/municipalidaddenebaj.com\/wp-content\/uploads\/2024\/04\/437034367_823275626496566_206581554019608698_n-600x450.jpg",600,450,true],"woocommerce_gallery_thumbnail":["https:\/\/municipalidaddenebaj.com\/wp-content\/uploads\/2024\/04\/437034367_823275626496566_206581554019608698_n-100x100.jpg",100,100,true]},"author_info":{"display_name":"Editor Editor","author_link":"https:\/\/municipalidaddenebaj.com\/?author=2"},"category_info":"<a href=\"https:\/\/municipalidaddenebaj.com\/?cat=1\" rel=\"category\">Uncategorized<\/a>","tag_info":"Uncategorized","comment_count":"0","_links":{"self":[{"href":"https:\/\/municipalidaddenebaj.com\/index.php?rest_route=\/wp\/v2\/posts\/28819","targetHints":{"allow":["GET"]}}],"collection":[{"href":"https:\/\/municipalidaddenebaj.com\/index.php?rest_route=\/wp\/v2\/posts"}],"about":[{"href":"https:\/\/municipalidaddenebaj.com\/index.php?rest_route=\/wp\/v2\/types\/post"}],"author":[{"embeddable":true,"href":"https:\/\/municipalidaddenebaj.com\/index.php?rest_route=\/wp\/v2\/users\/2"}],"replies":[{"embeddable":true,"href":"https:\/\/municipalidaddenebaj.com\/index.php?rest_route=%2Fwp%2Fv2%2Fcomments&post=28819"}],"version-history":[{"count":0,"href":"https:\/\/municipalidaddenebaj.com\/index.php?rest_route=\/wp\/v2\/posts\/28819\/revisions"}],"wp:featuredmedia":[{"embeddable":true,"href":"https:\/\/municipalidaddenebaj.com\/index.php?rest_route=\/wp\/v2\/media\/28821"}],"wp:attachment":[{"href":"https:\/\/municipalidaddenebaj.com\/index.php?rest_route=%2Fwp%2Fv2%2Fmedia&parent=28819"}],"wp:term":[{"taxonomy":"category","embeddable":true,"href":"https:\/\/municipalidaddenebaj.com\/index.php?rest_route=%2Fwp%2Fv2%2Fcategories&post=28819"},{"taxonomy":"post_tag","embeddable":true,"href":"https:\/\/municipalidaddenebaj.com\/index.php?rest_route=%2Fwp%2Fv2%2Ftags&post=28819"}],"curies":[{"name":"wp","href":"https:\/\/api.w.org\/{rel}","templated":true}]}}