{"id":28861,"date":"2024-04-16T18:49:22","date_gmt":"2024-04-16T18:49:22","guid":{"rendered":"https:\/\/municipalidaddenebaj.com\/?p=28861"},"modified":"2024-04-16T18:49:23","modified_gmt":"2024-04-16T18:49:23","slug":"gastronomia","status":"publish","type":"post","link":"https:\/\/municipalidaddenebaj.com\/?p=28861","title":{"rendered":"GASTRONOM\u00cdA"},"content":{"rendered":"\n<h3 class=\"wp-block-heading\"><mark style=\"background-color:rgba(0, 0, 0, 0)\" class=\"has-inline-color has-black-color\">\u00a1Ven y disfruta de un exquisito platillo de Nuestro bello Municipio\u00a1<\/mark><\/h3>\n\n\n\n<h3 class=\"wp-block-heading\"><mark style=\"background-color:rgba(0, 0, 0, 0)\" class=\"has-inline-color has-black-color\">Evento Organizado por la <a href=\"https:\/\/www.facebook.com\/profile.php?id=100064424092491&amp;__cft__[0]=AZUdDkpQcH66FoeIV5IqxPyCwDb_HabNirlaCU2tWlf8P-EzbRGDmx9v-YZFQTXzhKJN0qvHc_xaVOqZeYwglh_wpWlqoOwZB8CHCBriP2q1QJvgoYDSuMdZQzQhnp6XTLYe09oA4RANXldIS7ptLmvz3pRA0D1a-03MT3DiPiDoEDPmRvlbmIVSUHE4Y8uXJqQ6nQNEYr0BOIoSscM96o0G&amp;__tn__=-]K-R\">Municipalidad de Nebaj<\/a>, bajo las gestiones del se\u00f1or alcalde Municipal <a href=\"https:\/\/www.facebook.com\/profile.php?id=100065359905403&amp;__cft__[0]=AZUdDkpQcH66FoeIV5IqxPyCwDb_HabNirlaCU2tWlf8P-EzbRGDmx9v-YZFQTXzhKJN0qvHc_xaVOqZeYwglh_wpWlqoOwZB8CHCBriP2q1QJvgoYDSuMdZQzQhnp6XTLYe09oA4RANXldIS7ptLmvz3pRA0D1a-03MT3DiPiDoEDPmRvlbmIVSUHE4Y8uXJqQ6nQNEYr0BOIoSscM96o0G&amp;__tn__=-]K-R\">Ram\u00f3n Raymundo<\/a> y honorable concejo, a trav\u00e9s de la Direcci\u00f3n Municipal de Asuntos Sociales y Econ\u00f3micos -DIMASEC-<\/mark><\/h3>\n\n\n\n<h3 class=\"wp-block-heading\"><a href=\"https:\/\/www.facebook.com\/hashtag\/gastronomia?__eep__=6&amp;__cft__[0]=AZUdDkpQcH66FoeIV5IqxPyCwDb_HabNirlaCU2tWlf8P-EzbRGDmx9v-YZFQTXzhKJN0qvHc_xaVOqZeYwglh_wpWlqoOwZB8CHCBriP2q1QJvgoYDSuMdZQzQhnp6XTLYe09oA4RANXldIS7ptLmvz3pRA0D1a-03MT3DiPiDoEDPmRvlbmIVSUHE4Y8uXJqQ6nQNEYr0BOIoSscM96o0G&amp;__tn__=*NK-R\"><mark style=\"background-color:rgba(0, 0, 0, 0);color:#550909\" class=\"has-inline-color\">#gastronomia<\/mark><\/a><a href=\"https:\/\/www.facebook.com\/hashtag\/construyendofuturo?__eep__=6&amp;__cft__[0]=AZUdDkpQcH66FoeIV5IqxPyCwDb_HabNirlaCU2tWlf8P-EzbRGDmx9v-YZFQTXzhKJN0qvHc_xaVOqZeYwglh_wpWlqoOwZB8CHCBriP2q1QJvgoYDSuMdZQzQhnp6XTLYe09oA4RANXldIS7ptLmvz3pRA0D1a-03MT3DiPiDoEDPmRvlbmIVSUHE4Y8uXJqQ6nQNEYr0BOIoSscM96o0G&amp;__tn__=*NK-R\"><mark style=\"background-color:rgba(0, 0, 0, 0);color:#550909\" class=\"has-inline-color\">#ConstruyendoFuturo<\/mark><\/a><\/h3>\n\n\n\n<figure class=\"wp-block-image size-full is-resized\"><img  title=\"\" decoding=\"async\" src=\"https:\/\/municipalidaddenebaj.com\/wp-content\/uploads\/2024\/04\/image-50.png\"  alt=\"image-50 GASTRONOM\u00cdA\"  class=\"wp-image-28863\" style=\"width:1450px;height:auto\"\/><\/figure>\n","protected":false},"excerpt":{"rendered":"<p>\u00a1Ven y disfruta de un exquisito platillo de Nuestro bello Municipio\u00a1 Evento Organizado por la&#8230;<\/p>\n","protected":false},"author":2,"featured_media":28862,"comment_status":"open","ping_status":"open","sticky":false,"template":"","format":"standard","meta":{"_eb_attr":"","_monsterinsights_skip_tracking":false,"_monsterinsights_sitenote_active":false,"_monsterinsights_sitenote_note":"","_monsterinsights_sitenote_category":0,"footnotes":""},"categories":[1],"tags":[],"class_list":["post-28861","post","type-post","status-publish","format-standard","has-post-thumbnail","hentry","category-uncategorized"],"featured_image_urls":{"full":["https:\/\/municipalidaddenebaj.com\/wp-content\/uploads\/2024\/04\/438979746_823844779772984_4797277501402908080_n.jpg",1236,1600,false],"thumbnail":["https:\/\/municipalidaddenebaj.com\/wp-content\/uploads\/2024\/04\/438979746_823844779772984_4797277501402908080_n-161x161.jpg",161,161,true],"medium":["https:\/\/municipalidaddenebaj.com\/wp-content\/uploads\/2024\/04\/438979746_823844779772984_4797277501402908080_n-270x350.jpg",270,350,true],"medium_large":["https:\/\/municipalidaddenebaj.com\/wp-content\/uploads\/2024\/04\/438979746_823844779772984_4797277501402908080_n-768x994.jpg",640,828,true],"large":["https:\/\/municipalidaddenebaj.com\/wp-content\/uploads\/2024\/04\/438979746_823844779772984_4797277501402908080_n-791x1024.jpg",394,510,true],"ezd_searrch_thumb16x16":["https:\/\/municipalidaddenebaj.com\/wp-content\/uploads\/2024\/04\/438979746_823844779772984_4797277501402908080_n.jpg",12,16,false],"ezd_searrch_thumb50x50":["https:\/\/municipalidaddenebaj.com\/wp-content\/uploads\/2024\/04\/438979746_823844779772984_4797277501402908080_n.jpg",39,50,false],"1536x1536":["https:\/\/municipalidaddenebaj.com\/wp-content\/uploads\/2024\/04\/438979746_823844779772984_4797277501402908080_n-1187x1536.jpg",1187,1536,true],"2048x2048":["https:\/\/municipalidaddenebaj.com\/wp-content\/uploads\/2024\/04\/438979746_823844779772984_4797277501402908080_n.jpg",1236,1600,false],"covernews-featured":["https:\/\/municipalidaddenebaj.com\/wp-content\/uploads\/2024\/04\/438979746_823844779772984_4797277501402908080_n.jpg",1024,1326,false],"covernews-medium":["https:\/\/municipalidaddenebaj.com\/wp-content\/uploads\/2024\/04\/438979746_823844779772984_4797277501402908080_n.jpg",263,340,false],"woocommerce_thumbnail":["https:\/\/municipalidaddenebaj.com\/wp-content\/uploads\/2024\/04\/438979746_823844779772984_4797277501402908080_n-300x300.jpg",300,300,true],"woocommerce_single":["https:\/\/municipalidaddenebaj.com\/wp-content\/uploads\/2024\/04\/438979746_823844779772984_4797277501402908080_n-600x777.jpg",600,777,true],"woocommerce_gallery_thumbnail":["https:\/\/municipalidaddenebaj.com\/wp-content\/uploads\/2024\/04\/438979746_823844779772984_4797277501402908080_n-100x100.jpg",100,100,true]},"author_info":{"display_name":"Editor Editor","author_link":"https:\/\/municipalidaddenebaj.com\/?author=2"},"category_info":"<a href=\"https:\/\/municipalidaddenebaj.com\/?cat=1\" rel=\"category\">Uncategorized<\/a>","tag_info":"Uncategorized","comment_count":"0","_links":{"self":[{"href":"https:\/\/municipalidaddenebaj.com\/index.php?rest_route=\/wp\/v2\/posts\/28861","targetHints":{"allow":["GET"]}}],"collection":[{"href":"https:\/\/municipalidaddenebaj.com\/index.php?rest_route=\/wp\/v2\/posts"}],"about":[{"href":"https:\/\/municipalidaddenebaj.com\/index.php?rest_route=\/wp\/v2\/types\/post"}],"author":[{"embeddable":true,"href":"https:\/\/municipalidaddenebaj.com\/index.php?rest_route=\/wp\/v2\/users\/2"}],"replies":[{"embeddable":true,"href":"https:\/\/municipalidaddenebaj.com\/index.php?rest_route=%2Fwp%2Fv2%2Fcomments&post=28861"}],"version-history":[{"count":0,"href":"https:\/\/municipalidaddenebaj.com\/index.php?rest_route=\/wp\/v2\/posts\/28861\/revisions"}],"wp:featuredmedia":[{"embeddable":true,"href":"https:\/\/municipalidaddenebaj.com\/index.php?rest_route=\/wp\/v2\/media\/28862"}],"wp:attachment":[{"href":"https:\/\/municipalidaddenebaj.com\/index.php?rest_route=%2Fwp%2Fv2%2Fmedia&parent=28861"}],"wp:term":[{"taxonomy":"category","embeddable":true,"href":"https:\/\/municipalidaddenebaj.com\/index.php?rest_route=%2Fwp%2Fv2%2Fcategories&post=28861"},{"taxonomy":"post_tag","embeddable":true,"href":"https:\/\/municipalidaddenebaj.com\/index.php?rest_route=%2Fwp%2Fv2%2Ftags&post=28861"}],"curies":[{"name":"wp","href":"https:\/\/api.w.org\/{rel}","templated":true}]}}