{"id":28865,"date":"2024-04-16T20:46:49","date_gmt":"2024-04-16T20:46:49","guid":{"rendered":"https:\/\/municipalidaddenebaj.com\/?p=28865"},"modified":"2024-04-16T20:46:56","modified_gmt":"2024-04-16T20:46:56","slug":"coordinacion-3","status":"publish","type":"post","link":"https:\/\/municipalidaddenebaj.com\/?p=28865","title":{"rendered":"COORDINACI\u00d3N"},"content":{"rendered":"\n<h2 class=\"wp-block-heading\"><mark style=\"background-color:rgba(0, 0, 0, 0)\" class=\"has-inline-color has-black-color\">El se\u00f1or alcalde municipal <a href=\"https:\/\/www.facebook.com\/profile.php?id=100065359905403&amp;__cft__[0]=AZVtiWbZg01Ixjqg71uLdStHc1-QACwaDqxNj1SE9wwd61L7ToIVM-sNJZRGlW8C6NGkI9k4z6OAEzmgCzLkiZBsqV2_gaXE0HmRjsdhhNEjBXm2-7B6csBSRgKvNmxXR2JgaUdm1f7OkKFNmk1vM8d3sQr5D6N1DemF7Ewbfnd_y2LOCt-bUNVNqAZjCBII7LwFGuJnpZlQn6U_NMnXCIiF&amp;__tn__=-]K-R\">Ram\u00f3n Raymundo<\/a> Coordinando rutas de trabajo para mejorar la calidad de la energ\u00eda el\u00e9ctrica con el Ministro de Energ\u00eda y Minas<\/mark><\/h2>\n\n\n\n<h2 class=\"wp-block-heading\"><a href=\"https:\/\/www.facebook.com\/hashtag\/pornebaj?__eep__=6&amp;__cft__[0]=AZVtiWbZg01Ixjqg71uLdStHc1-QACwaDqxNj1SE9wwd61L7ToIVM-sNJZRGlW8C6NGkI9k4z6OAEzmgCzLkiZBsqV2_gaXE0HmRjsdhhNEjBXm2-7B6csBSRgKvNmxXR2JgaUdm1f7OkKFNmk1vM8d3sQr5D6N1DemF7Ewbfnd_y2LOCt-bUNVNqAZjCBII7LwFGuJnpZlQn6U_NMnXCIiF&amp;__tn__=*NK-R\">#PorNebaj<\/a>.<a href=\"https:\/\/www.facebook.com\/hashtag\/construyendofuturo?__eep__=6&amp;__cft__[0]=AZVtiWbZg01Ixjqg71uLdStHc1-QACwaDqxNj1SE9wwd61L7ToIVM-sNJZRGlW8C6NGkI9k4z6OAEzmgCzLkiZBsqV2_gaXE0HmRjsdhhNEjBXm2-7B6csBSRgKvNmxXR2JgaUdm1f7OkKFNmk1vM8d3sQr5D6N1DemF7Ewbfnd_y2LOCt-bUNVNqAZjCBII7LwFGuJnpZlQn6U_NMnXCIiF&amp;__tn__=*NK-R\">#ConstruyendoFuturo<\/a><\/h2>\n\n\n\n<figure class=\"wp-block-image size-full is-resized\"><img  title=\"\" decoding=\"async\" src=\"https:\/\/municipalidaddenebaj.com\/wp-content\/uploads\/2024\/04\/image-51.png\"  alt=\"image-51 COORDINACI\u00d3N\"  class=\"wp-image-28866\" style=\"width:1450px;height:auto\"\/><\/figure>\n","protected":false},"excerpt":{"rendered":"<p>El se\u00f1or alcalde municipal Ram\u00f3n Raymundo Coordinando rutas de trabajo para mejorar la calidad de&#8230;<\/p>\n","protected":false},"author":2,"featured_media":28867,"comment_status":"open","ping_status":"open","sticky":false,"template":"","format":"standard","meta":{"_eb_attr":"","_monsterinsights_skip_tracking":false,"_monsterinsights_sitenote_active":false,"_monsterinsights_sitenote_note":"","_monsterinsights_sitenote_category":0,"footnotes":""},"categories":[1],"tags":[],"class_list":["post-28865","post","type-post","status-publish","format-standard","has-post-thumbnail","hentry","category-uncategorized"],"featured_image_urls":{"full":["https:\/\/municipalidaddenebaj.com\/wp-content\/uploads\/2024\/04\/438101810_823893406434788_6847056567709726701_n.jpg",1600,737,false],"thumbnail":["https:\/\/municipalidaddenebaj.com\/wp-content\/uploads\/2024\/04\/438101810_823893406434788_6847056567709726701_n-161x161.jpg",161,161,true],"medium":["https:\/\/municipalidaddenebaj.com\/wp-content\/uploads\/2024\/04\/438101810_823893406434788_6847056567709726701_n-350x161.jpg",350,161,true],"medium_large":["https:\/\/municipalidaddenebaj.com\/wp-content\/uploads\/2024\/04\/438101810_823893406434788_6847056567709726701_n-768x354.jpg",640,295,true],"large":["https:\/\/municipalidaddenebaj.com\/wp-content\/uploads\/2024\/04\/438101810_823893406434788_6847056567709726701_n-1024x472.jpg",510,235,true],"ezd_searrch_thumb16x16":["https:\/\/municipalidaddenebaj.com\/wp-content\/uploads\/2024\/04\/438101810_823893406434788_6847056567709726701_n.jpg",16,7,false],"ezd_searrch_thumb50x50":["https:\/\/municipalidaddenebaj.com\/wp-content\/uploads\/2024\/04\/438101810_823893406434788_6847056567709726701_n.jpg",50,23,false],"1536x1536":["https:\/\/municipalidaddenebaj.com\/wp-content\/uploads\/2024\/04\/438101810_823893406434788_6847056567709726701_n-1536x708.jpg",1536,708,true],"2048x2048":["https:\/\/municipalidaddenebaj.com\/wp-content\/uploads\/2024\/04\/438101810_823893406434788_6847056567709726701_n.jpg",1600,737,false],"covernews-featured":["https:\/\/municipalidaddenebaj.com\/wp-content\/uploads\/2024\/04\/438101810_823893406434788_6847056567709726701_n.jpg",1024,472,false],"covernews-medium":["https:\/\/municipalidaddenebaj.com\/wp-content\/uploads\/2024\/04\/438101810_823893406434788_6847056567709726701_n.jpg",540,249,false],"woocommerce_thumbnail":["https:\/\/municipalidaddenebaj.com\/wp-content\/uploads\/2024\/04\/438101810_823893406434788_6847056567709726701_n-300x300.jpg",300,300,true],"woocommerce_single":["https:\/\/municipalidaddenebaj.com\/wp-content\/uploads\/2024\/04\/438101810_823893406434788_6847056567709726701_n-600x276.jpg",600,276,true],"woocommerce_gallery_thumbnail":["https:\/\/municipalidaddenebaj.com\/wp-content\/uploads\/2024\/04\/438101810_823893406434788_6847056567709726701_n-100x100.jpg",100,100,true]},"author_info":{"display_name":"Editor Editor","author_link":"https:\/\/municipalidaddenebaj.com\/?author=2"},"category_info":"<a href=\"https:\/\/municipalidaddenebaj.com\/?cat=1\" rel=\"category\">Uncategorized<\/a>","tag_info":"Uncategorized","comment_count":"0","_links":{"self":[{"href":"https:\/\/municipalidaddenebaj.com\/index.php?rest_route=\/wp\/v2\/posts\/28865","targetHints":{"allow":["GET"]}}],"collection":[{"href":"https:\/\/municipalidaddenebaj.com\/index.php?rest_route=\/wp\/v2\/posts"}],"about":[{"href":"https:\/\/municipalidaddenebaj.com\/index.php?rest_route=\/wp\/v2\/types\/post"}],"author":[{"embeddable":true,"href":"https:\/\/municipalidaddenebaj.com\/index.php?rest_route=\/wp\/v2\/users\/2"}],"replies":[{"embeddable":true,"href":"https:\/\/municipalidaddenebaj.com\/index.php?rest_route=%2Fwp%2Fv2%2Fcomments&post=28865"}],"version-history":[{"count":0,"href":"https:\/\/municipalidaddenebaj.com\/index.php?rest_route=\/wp\/v2\/posts\/28865\/revisions"}],"wp:featuredmedia":[{"embeddable":true,"href":"https:\/\/municipalidaddenebaj.com\/index.php?rest_route=\/wp\/v2\/media\/28867"}],"wp:attachment":[{"href":"https:\/\/municipalidaddenebaj.com\/index.php?rest_route=%2Fwp%2Fv2%2Fmedia&parent=28865"}],"wp:term":[{"taxonomy":"category","embeddable":true,"href":"https:\/\/municipalidaddenebaj.com\/index.php?rest_route=%2Fwp%2Fv2%2Fcategories&post=28865"},{"taxonomy":"post_tag","embeddable":true,"href":"https:\/\/municipalidaddenebaj.com\/index.php?rest_route=%2Fwp%2Fv2%2Ftags&post=28865"}],"curies":[{"name":"wp","href":"https:\/\/api.w.org\/{rel}","templated":true}]}}