{"id":28917,"date":"2024-04-17T22:08:27","date_gmt":"2024-04-17T22:08:27","guid":{"rendered":"https:\/\/municipalidaddenebaj.com\/?p=28917"},"modified":"2024-04-17T22:08:33","modified_gmt":"2024-04-17T22:08:33","slug":"fortalecer-capacidades","status":"publish","type":"post","link":"https:\/\/municipalidaddenebaj.com\/?p=28917","title":{"rendered":"FORTALECER CAPACIDADES"},"content":{"rendered":"\n<h3 class=\"wp-block-heading\"><mark style=\"background-color:rgba(0, 0, 0, 0)\" class=\"has-inline-color has-black-color\">La Concejal IV Mar\u00eda P\u00e9rez, presidenta de la COMUSAN en representaci\u00f3n del se\u00f1or alcalde municipal <a href=\"https:\/\/www.facebook.com\/profile.php?id=100065359905403&amp;__cft__[0]=AZU4UcJj0p8Vr_6iEQ_1YwgKw1usmvHfHNa71hhVZ35sEpLOQNK0ZaQxQb38q38f8tFUiXItFAySehIx9_QbNGPmKMWdeUpawEW1ik4PSzUSULuUzCjmKf8bAylHdqAQnmiKJbj3VbpfcMJTnwl-Uzz6ICuFqaiJatgBWazhFLrhNImlHVMPd3s0yy9QqzFOkeI2VlM7hvx0Epb4WDsIen1O&amp;__tn__=-]K-R\">Ram\u00f3n Raymundo<\/a>, en el encuentro con el gobernador departamental con el objetivo de Fortalecer capacidades en la planificaci\u00f3n Multisectorial de intervenciones en seguridad alimentaria y nutricional de las COMUSAN Y CODESAN, en beneficio de nuestro municipio.<\/mark><\/h3>\n\n\n\n<iframe src=\"https:\/\/www.facebook.com\/plugins\/post.php?href=https%3A%2F%2Fwww.facebook.com%2Fphoto.php%3Ffbid%3D824524643038331%26set%3Da.359717016185765%26type%3D3&#038;show_text=true&#038;width=990\" width=\"990\" height=\"990\" style=\"border:none;overflow:hidden\" scrolling=\"no\" frameborder=\"0\" allowfullscreen=\"true\" allow=\"autoplay; clipboard-write; encrypted-media; picture-in-picture; web-share\"><\/iframe>\n\n\n\n<figure class=\"wp-block-image size-full is-resized\"><img  title=\"\" decoding=\"async\" src=\"https:\/\/municipalidaddenebaj.com\/wp-content\/uploads\/2024\/04\/image-56.png\"  alt=\"image-56 FORTALECER CAPACIDADES\"  class=\"wp-image-28918\" style=\"width:1450px;height:auto\"\/><\/figure>\n","protected":false},"excerpt":{"rendered":"<p>La Concejal IV Mar\u00eda P\u00e9rez, presidenta de la COMUSAN en representaci\u00f3n del se\u00f1or alcalde municipal&#8230;<\/p>\n","protected":false},"author":2,"featured_media":28919,"comment_status":"open","ping_status":"open","sticky":false,"template":"","format":"standard","meta":{"_eb_attr":"","_monsterinsights_skip_tracking":false,"_monsterinsights_sitenote_active":false,"_monsterinsights_sitenote_note":"","_monsterinsights_sitenote_category":0,"footnotes":""},"categories":[1],"tags":[],"class_list":["post-28917","post","type-post","status-publish","format-standard","has-post-thumbnail","hentry","category-uncategorized"],"featured_image_urls":{"full":["https:\/\/municipalidaddenebaj.com\/wp-content\/uploads\/2024\/04\/438899698_824524613038334_4226631108730903441_n.jpg",1448,1086,false],"thumbnail":["https:\/\/municipalidaddenebaj.com\/wp-content\/uploads\/2024\/04\/438899698_824524613038334_4226631108730903441_n-161x161.jpg",161,161,true],"medium":["https:\/\/municipalidaddenebaj.com\/wp-content\/uploads\/2024\/04\/438899698_824524613038334_4226631108730903441_n-350x263.jpg",350,263,true],"medium_large":["https:\/\/municipalidaddenebaj.com\/wp-content\/uploads\/2024\/04\/438899698_824524613038334_4226631108730903441_n-768x576.jpg",640,480,true],"large":["https:\/\/municipalidaddenebaj.com\/wp-content\/uploads\/2024\/04\/438899698_824524613038334_4226631108730903441_n-1024x768.jpg",510,383,true],"ezd_searrch_thumb16x16":["https:\/\/municipalidaddenebaj.com\/wp-content\/uploads\/2024\/04\/438899698_824524613038334_4226631108730903441_n.jpg",16,12,false],"ezd_searrch_thumb50x50":["https:\/\/municipalidaddenebaj.com\/wp-content\/uploads\/2024\/04\/438899698_824524613038334_4226631108730903441_n.jpg",50,38,false],"1536x1536":["https:\/\/municipalidaddenebaj.com\/wp-content\/uploads\/2024\/04\/438899698_824524613038334_4226631108730903441_n.jpg",1448,1086,false],"2048x2048":["https:\/\/municipalidaddenebaj.com\/wp-content\/uploads\/2024\/04\/438899698_824524613038334_4226631108730903441_n.jpg",1448,1086,false],"covernews-featured":["https:\/\/municipalidaddenebaj.com\/wp-content\/uploads\/2024\/04\/438899698_824524613038334_4226631108730903441_n.jpg",1024,768,false],"covernews-medium":["https:\/\/municipalidaddenebaj.com\/wp-content\/uploads\/2024\/04\/438899698_824524613038334_4226631108730903441_n.jpg",453,340,false],"woocommerce_thumbnail":["https:\/\/municipalidaddenebaj.com\/wp-content\/uploads\/2024\/04\/438899698_824524613038334_4226631108730903441_n-300x300.jpg",300,300,true],"woocommerce_single":["https:\/\/municipalidaddenebaj.com\/wp-content\/uploads\/2024\/04\/438899698_824524613038334_4226631108730903441_n-600x450.jpg",600,450,true],"woocommerce_gallery_thumbnail":["https:\/\/municipalidaddenebaj.com\/wp-content\/uploads\/2024\/04\/438899698_824524613038334_4226631108730903441_n-100x100.jpg",100,100,true]},"author_info":{"display_name":"Editor Editor","author_link":"https:\/\/municipalidaddenebaj.com\/?author=2"},"category_info":"<a href=\"https:\/\/municipalidaddenebaj.com\/?cat=1\" rel=\"category\">Uncategorized<\/a>","tag_info":"Uncategorized","comment_count":"0","_links":{"self":[{"href":"https:\/\/municipalidaddenebaj.com\/index.php?rest_route=\/wp\/v2\/posts\/28917","targetHints":{"allow":["GET"]}}],"collection":[{"href":"https:\/\/municipalidaddenebaj.com\/index.php?rest_route=\/wp\/v2\/posts"}],"about":[{"href":"https:\/\/municipalidaddenebaj.com\/index.php?rest_route=\/wp\/v2\/types\/post"}],"author":[{"embeddable":true,"href":"https:\/\/municipalidaddenebaj.com\/index.php?rest_route=\/wp\/v2\/users\/2"}],"replies":[{"embeddable":true,"href":"https:\/\/municipalidaddenebaj.com\/index.php?rest_route=%2Fwp%2Fv2%2Fcomments&post=28917"}],"version-history":[{"count":0,"href":"https:\/\/municipalidaddenebaj.com\/index.php?rest_route=\/wp\/v2\/posts\/28917\/revisions"}],"wp:featuredmedia":[{"embeddable":true,"href":"https:\/\/municipalidaddenebaj.com\/index.php?rest_route=\/wp\/v2\/media\/28919"}],"wp:attachment":[{"href":"https:\/\/municipalidaddenebaj.com\/index.php?rest_route=%2Fwp%2Fv2%2Fmedia&parent=28917"}],"wp:term":[{"taxonomy":"category","embeddable":true,"href":"https:\/\/municipalidaddenebaj.com\/index.php?rest_route=%2Fwp%2Fv2%2Fcategories&post=28917"},{"taxonomy":"post_tag","embeddable":true,"href":"https:\/\/municipalidaddenebaj.com\/index.php?rest_route=%2Fwp%2Fv2%2Ftags&post=28917"}],"curies":[{"name":"wp","href":"https:\/\/api.w.org\/{rel}","templated":true}]}}