{"id":28987,"date":"2024-04-18T21:25:09","date_gmt":"2024-04-18T21:25:09","guid":{"rendered":"https:\/\/municipalidaddenebaj.com\/?p=28987"},"modified":"2024-04-18T21:25:32","modified_gmt":"2024-04-18T21:25:32","slug":"reunion-mensual","status":"publish","type":"post","link":"https:\/\/municipalidaddenebaj.com\/?p=28987","title":{"rendered":"REUNI\u00d3N MENSUAL"},"content":{"rendered":"\n<h3 class=\"wp-block-heading\"><strong><mark style=\"background-color:rgba(0, 0, 0, 0)\" class=\"has-inline-color has-black-color\">Reuni\u00f3n mensual de Directores y Coordinadores del Ministerio de Salud P\u00fablica y Asistencia Social -MSPAS-, Organizaciones No gubernamentales, y la Mancomunidad Del Norte de Quich\u00e9 -MANORQ- para el abordaje de problem\u00e1ticas y necesidades en materia de salud a nivel municipal, presidida por el concejal II, Lic. Cornelio Benjam\u00edn Santiago Ceto, en representaci\u00f3n del Concejo Municipal.<\/mark><\/strong><\/h3>\n\n\n\n<h2 class=\"wp-block-heading\"><a href=\"https:\/\/www.facebook.com\/hashtag\/pornebaj?__eep__=6&amp;__cft__[0]=AZVn0O1D59fvKVwisJhfjZPuE6pcMbXYUR27Ioh9IeGj5D2TQz5_0-XBx_F-y0m9N6ZRyoAl6QnHEu8BtxFDYv4lc0bjrBqI8s_6D3_PfTClcwqnrgKDS0mUj_TatfySDBgy50_PO729avJhNMnEH9BqjpkQXt9huCQuMly46Jn-vsOhQojEPjHn7ZyYbuYvRAG-vsFVeMPb1aFNcnshbts4&amp;__tn__=*NK-R\">#PorNebaj<\/a><a href=\"https:\/\/www.facebook.com\/hashtag\/construyendofuturo?__eep__=6&amp;__cft__[0]=AZVn0O1D59fvKVwisJhfjZPuE6pcMbXYUR27Ioh9IeGj5D2TQz5_0-XBx_F-y0m9N6ZRyoAl6QnHEu8BtxFDYv4lc0bjrBqI8s_6D3_PfTClcwqnrgKDS0mUj_TatfySDBgy50_PO729avJhNMnEH9BqjpkQXt9huCQuMly46Jn-vsOhQojEPjHn7ZyYbuYvRAG-vsFVeMPb1aFNcnshbts4&amp;__tn__=*NK-R\">#ConstruyendoFuturo<\/a><\/h2>\n\n\n\n<iframe src=\"https:\/\/www.facebook.com\/plugins\/post.php?href=https%3A%2F%2Fwww.facebook.com%2Fphoto.php%3Ffbid%3D825128732977922%26set%3Da.359717016185765%26type%3D3&#038;show_text=true&#038;width=990\" width=\"990\" height=\"990\" style=\"border:none;overflow:hidden\" scrolling=\"no\" frameborder=\"0\" allowfullscreen=\"true\" allow=\"autoplay; clipboard-write; encrypted-media; picture-in-picture; web-share\"><\/iframe>\n\n\n\n<figure class=\"wp-block-image size-full is-resized\"><img  title=\"\" decoding=\"async\" src=\"https:\/\/municipalidaddenebaj.com\/wp-content\/uploads\/2024\/04\/image-59.png\"  alt=\"image-59 REUNI\u00d3N MENSUAL\"  class=\"wp-image-28988\" style=\"width:1450px;height:auto\"\/><\/figure>\n\n\n\n<p><\/p>\n\n\n\n<p><\/p>\n","protected":false},"excerpt":{"rendered":"<p>Reuni\u00f3n mensual de Directores y Coordinadores del Ministerio de Salud P\u00fablica y Asistencia Social -MSPAS-,&#8230;<\/p>\n","protected":false},"author":2,"featured_media":28989,"comment_status":"open","ping_status":"open","sticky":false,"template":"","format":"standard","meta":{"_eb_attr":"","_monsterinsights_skip_tracking":false,"_monsterinsights_sitenote_active":false,"_monsterinsights_sitenote_note":"","_monsterinsights_sitenote_category":0,"footnotes":""},"categories":[1],"tags":[],"class_list":["post-28987","post","type-post","status-publish","format-standard","has-post-thumbnail","hentry","category-uncategorized"],"featured_image_urls":{"full":["https:\/\/municipalidaddenebaj.com\/wp-content\/uploads\/2024\/04\/438960865_825128709644591_3238860960392276833_n.jpg",1080,1080,false],"thumbnail":["https:\/\/municipalidaddenebaj.com\/wp-content\/uploads\/2024\/04\/438960865_825128709644591_3238860960392276833_n-161x161.jpg",161,161,true],"medium":["https:\/\/municipalidaddenebaj.com\/wp-content\/uploads\/2024\/04\/438960865_825128709644591_3238860960392276833_n-350x350.jpg",350,350,true],"medium_large":["https:\/\/municipalidaddenebaj.com\/wp-content\/uploads\/2024\/04\/438960865_825128709644591_3238860960392276833_n-768x768.jpg",640,640,true],"large":["https:\/\/municipalidaddenebaj.com\/wp-content\/uploads\/2024\/04\/438960865_825128709644591_3238860960392276833_n-1024x1024.jpg",510,510,true],"ezd_searrch_thumb16x16":["https:\/\/municipalidaddenebaj.com\/wp-content\/uploads\/2024\/04\/438960865_825128709644591_3238860960392276833_n.jpg",16,16,false],"ezd_searrch_thumb50x50":["https:\/\/municipalidaddenebaj.com\/wp-content\/uploads\/2024\/04\/438960865_825128709644591_3238860960392276833_n.jpg",50,50,false],"1536x1536":["https:\/\/municipalidaddenebaj.com\/wp-content\/uploads\/2024\/04\/438960865_825128709644591_3238860960392276833_n.jpg",1080,1080,false],"2048x2048":["https:\/\/municipalidaddenebaj.com\/wp-content\/uploads\/2024\/04\/438960865_825128709644591_3238860960392276833_n.jpg",1080,1080,false],"covernews-featured":["https:\/\/municipalidaddenebaj.com\/wp-content\/uploads\/2024\/04\/438960865_825128709644591_3238860960392276833_n.jpg",1024,1024,false],"covernews-medium":["https:\/\/municipalidaddenebaj.com\/wp-content\/uploads\/2024\/04\/438960865_825128709644591_3238860960392276833_n.jpg",340,340,false],"woocommerce_thumbnail":["https:\/\/municipalidaddenebaj.com\/wp-content\/uploads\/2024\/04\/438960865_825128709644591_3238860960392276833_n-300x300.jpg",300,300,true],"woocommerce_single":["https:\/\/municipalidaddenebaj.com\/wp-content\/uploads\/2024\/04\/438960865_825128709644591_3238860960392276833_n-600x600.jpg",600,600,true],"woocommerce_gallery_thumbnail":["https:\/\/municipalidaddenebaj.com\/wp-content\/uploads\/2024\/04\/438960865_825128709644591_3238860960392276833_n-100x100.jpg",100,100,true]},"author_info":{"display_name":"Editor Editor","author_link":"https:\/\/municipalidaddenebaj.com\/?author=2"},"category_info":"<a href=\"https:\/\/municipalidaddenebaj.com\/?cat=1\" rel=\"category\">Uncategorized<\/a>","tag_info":"Uncategorized","comment_count":"0","_links":{"self":[{"href":"https:\/\/municipalidaddenebaj.com\/index.php?rest_route=\/wp\/v2\/posts\/28987","targetHints":{"allow":["GET"]}}],"collection":[{"href":"https:\/\/municipalidaddenebaj.com\/index.php?rest_route=\/wp\/v2\/posts"}],"about":[{"href":"https:\/\/municipalidaddenebaj.com\/index.php?rest_route=\/wp\/v2\/types\/post"}],"author":[{"embeddable":true,"href":"https:\/\/municipalidaddenebaj.com\/index.php?rest_route=\/wp\/v2\/users\/2"}],"replies":[{"embeddable":true,"href":"https:\/\/municipalidaddenebaj.com\/index.php?rest_route=%2Fwp%2Fv2%2Fcomments&post=28987"}],"version-history":[{"count":0,"href":"https:\/\/municipalidaddenebaj.com\/index.php?rest_route=\/wp\/v2\/posts\/28987\/revisions"}],"wp:featuredmedia":[{"embeddable":true,"href":"https:\/\/municipalidaddenebaj.com\/index.php?rest_route=\/wp\/v2\/media\/28989"}],"wp:attachment":[{"href":"https:\/\/municipalidaddenebaj.com\/index.php?rest_route=%2Fwp%2Fv2%2Fmedia&parent=28987"}],"wp:term":[{"taxonomy":"category","embeddable":true,"href":"https:\/\/municipalidaddenebaj.com\/index.php?rest_route=%2Fwp%2Fv2%2Fcategories&post=28987"},{"taxonomy":"post_tag","embeddable":true,"href":"https:\/\/municipalidaddenebaj.com\/index.php?rest_route=%2Fwp%2Fv2%2Ftags&post=28987"}],"curies":[{"name":"wp","href":"https:\/\/api.w.org\/{rel}","templated":true}]}}