{"id":29028,"date":"2024-04-19T18:33:33","date_gmt":"2024-04-19T18:33:33","guid":{"rendered":"https:\/\/municipalidaddenebaj.com\/?p=29028"},"modified":"2024-04-19T18:33:34","modified_gmt":"2024-04-19T18:33:34","slug":"segunda-sesion-de-capacitacion","status":"publish","type":"post","link":"https:\/\/municipalidaddenebaj.com\/?p=29028","title":{"rendered":"SEGUNDA SESI\u00d3N DE CAPACITACI\u00d3N"},"content":{"rendered":"\n<h3 class=\"wp-block-heading\"><strong><mark style=\"background-color:rgba(0, 0, 0, 0)\" class=\"has-inline-color has-black-color\">La <a href=\"https:\/\/www.facebook.com\/profile.php?id=100064424092491&amp;__cft__[0]=AZVQkAuQB3-yxiSawrgR_K0Yb1r7tx1a78WtW86VQjQilH6l3C5ooP-QXE5VxG3P0PTk5WsxkDngYYI5tKauO9a5cDTLtkgRb6Z3tUBfCPcLoScI8uFF2ueBogzKPG5guO3ZavmXzMPdJMMDUpXLwIjgXQUydiGy8MtDuKGAq-qt5DymTGsD6jsND28NI1EY75zu-4BYEO631VHyyN6W3anN&amp;__tn__=-]K-R\">Municipalidad de Nebaj<\/a> , a trav\u00e9s de la Oficina de Cuencas bajo la Direcci\u00f3n Municipal de Ordenamiento Territorial -DIMOT- con apoyo de Fundaci\u00f3n CALMECAC y PROINNOVA-POPOYAN llevaron a cabo la segunda sesi\u00f3n de capacitaci\u00f3n de MANEJO Y CONSERVACI\u00d3N DE SUELOS Y AGUA que va dirijido a Consejos de Microcuencas de la Microcuenca del rio Sichel y del rio la Planta.<\/mark><\/strong><\/h3>\n\n\n\n<h3 class=\"wp-block-heading\"><a href=\"https:\/\/www.facebook.com\/hashtag\/pornebaj?__eep__=6&amp;__cft__[0]=AZVQkAuQB3-yxiSawrgR_K0Yb1r7tx1a78WtW86VQjQilH6l3C5ooP-QXE5VxG3P0PTk5WsxkDngYYI5tKauO9a5cDTLtkgRb6Z3tUBfCPcLoScI8uFF2ueBogzKPG5guO3ZavmXzMPdJMMDUpXLwIjgXQUydiGy8MtDuKGAq-qt5DymTGsD6jsND28NI1EY75zu-4BYEO631VHyyN6W3anN&amp;__tn__=*NK-R\">#PorNebaj<\/a><\/h3>\n\n\n\n<iframe src=\"https:\/\/www.facebook.com\/plugins\/post.php?href=https%3A%2F%2Fwww.facebook.com%2Fphoto.php%3Ffbid%3D825690732921722%26set%3Da.359717012852432%26type%3D3&#038;show_text=true&#038;width=990\" width=\"990\" height=\"990\" style=\"border:none;overflow:hidden\" scrolling=\"no\" frameborder=\"0\" allowfullscreen=\"true\" allow=\"autoplay; clipboard-write; encrypted-media; picture-in-picture; web-share\"><\/iframe>\n\n\n\n<figure class=\"wp-block-image size-full is-resized\"><img  title=\"\" decoding=\"async\" src=\"https:\/\/municipalidaddenebaj.com\/wp-content\/uploads\/2024\/04\/image-66.png\"  alt=\"image-66 SEGUNDA SESI\u00d3N DE CAPACITACI\u00d3N\"  class=\"wp-image-29029\" style=\"width:1450px;height:auto\"\/><\/figure>\n","protected":false},"excerpt":{"rendered":"<p>La Municipalidad de Nebaj , a trav\u00e9s de la Oficina de Cuencas bajo la Direcci\u00f3n&#8230;<\/p>\n","protected":false},"author":2,"featured_media":29030,"comment_status":"open","ping_status":"open","sticky":false,"template":"","format":"standard","meta":{"_eb_attr":"","_monsterinsights_skip_tracking":false,"_monsterinsights_sitenote_active":false,"_monsterinsights_sitenote_note":"","_monsterinsights_sitenote_category":0,"footnotes":""},"categories":[1],"tags":[],"class_list":["post-29028","post","type-post","status-publish","format-standard","has-post-thumbnail","hentry","category-uncategorized"],"featured_image_urls":{"full":["https:\/\/municipalidaddenebaj.com\/wp-content\/uploads\/2024\/04\/437134292_825691149588347_5541363368381614578_n.jpg",1080,1080,false],"thumbnail":["https:\/\/municipalidaddenebaj.com\/wp-content\/uploads\/2024\/04\/437134292_825691149588347_5541363368381614578_n-161x161.jpg",161,161,true],"medium":["https:\/\/municipalidaddenebaj.com\/wp-content\/uploads\/2024\/04\/437134292_825691149588347_5541363368381614578_n-350x350.jpg",350,350,true],"medium_large":["https:\/\/municipalidaddenebaj.com\/wp-content\/uploads\/2024\/04\/437134292_825691149588347_5541363368381614578_n-768x768.jpg",640,640,true],"large":["https:\/\/municipalidaddenebaj.com\/wp-content\/uploads\/2024\/04\/437134292_825691149588347_5541363368381614578_n-1024x1024.jpg",510,510,true],"ezd_searrch_thumb16x16":["https:\/\/municipalidaddenebaj.com\/wp-content\/uploads\/2024\/04\/437134292_825691149588347_5541363368381614578_n.jpg",16,16,false],"ezd_searrch_thumb50x50":["https:\/\/municipalidaddenebaj.com\/wp-content\/uploads\/2024\/04\/437134292_825691149588347_5541363368381614578_n.jpg",50,50,false],"1536x1536":["https:\/\/municipalidaddenebaj.com\/wp-content\/uploads\/2024\/04\/437134292_825691149588347_5541363368381614578_n.jpg",1080,1080,false],"2048x2048":["https:\/\/municipalidaddenebaj.com\/wp-content\/uploads\/2024\/04\/437134292_825691149588347_5541363368381614578_n.jpg",1080,1080,false],"covernews-featured":["https:\/\/municipalidaddenebaj.com\/wp-content\/uploads\/2024\/04\/437134292_825691149588347_5541363368381614578_n.jpg",1024,1024,false],"covernews-medium":["https:\/\/municipalidaddenebaj.com\/wp-content\/uploads\/2024\/04\/437134292_825691149588347_5541363368381614578_n.jpg",340,340,false],"woocommerce_thumbnail":["https:\/\/municipalidaddenebaj.com\/wp-content\/uploads\/2024\/04\/437134292_825691149588347_5541363368381614578_n-300x300.jpg",300,300,true],"woocommerce_single":["https:\/\/municipalidaddenebaj.com\/wp-content\/uploads\/2024\/04\/437134292_825691149588347_5541363368381614578_n-600x600.jpg",600,600,true],"woocommerce_gallery_thumbnail":["https:\/\/municipalidaddenebaj.com\/wp-content\/uploads\/2024\/04\/437134292_825691149588347_5541363368381614578_n-100x100.jpg",100,100,true]},"author_info":{"display_name":"Editor Editor","author_link":"https:\/\/municipalidaddenebaj.com\/?author=2"},"category_info":"<a href=\"https:\/\/municipalidaddenebaj.com\/?cat=1\" rel=\"category\">Uncategorized<\/a>","tag_info":"Uncategorized","comment_count":"0","_links":{"self":[{"href":"https:\/\/municipalidaddenebaj.com\/index.php?rest_route=\/wp\/v2\/posts\/29028","targetHints":{"allow":["GET"]}}],"collection":[{"href":"https:\/\/municipalidaddenebaj.com\/index.php?rest_route=\/wp\/v2\/posts"}],"about":[{"href":"https:\/\/municipalidaddenebaj.com\/index.php?rest_route=\/wp\/v2\/types\/post"}],"author":[{"embeddable":true,"href":"https:\/\/municipalidaddenebaj.com\/index.php?rest_route=\/wp\/v2\/users\/2"}],"replies":[{"embeddable":true,"href":"https:\/\/municipalidaddenebaj.com\/index.php?rest_route=%2Fwp%2Fv2%2Fcomments&post=29028"}],"version-history":[{"count":0,"href":"https:\/\/municipalidaddenebaj.com\/index.php?rest_route=\/wp\/v2\/posts\/29028\/revisions"}],"wp:featuredmedia":[{"embeddable":true,"href":"https:\/\/municipalidaddenebaj.com\/index.php?rest_route=\/wp\/v2\/media\/29030"}],"wp:attachment":[{"href":"https:\/\/municipalidaddenebaj.com\/index.php?rest_route=%2Fwp%2Fv2%2Fmedia&parent=29028"}],"wp:term":[{"taxonomy":"category","embeddable":true,"href":"https:\/\/municipalidaddenebaj.com\/index.php?rest_route=%2Fwp%2Fv2%2Fcategories&post=29028"},{"taxonomy":"post_tag","embeddable":true,"href":"https:\/\/municipalidaddenebaj.com\/index.php?rest_route=%2Fwp%2Fv2%2Ftags&post=29028"}],"curies":[{"name":"wp","href":"https:\/\/api.w.org\/{rel}","templated":true}]}}