{"id":29036,"date":"2024-04-19T21:59:24","date_gmt":"2024-04-19T21:59:24","guid":{"rendered":"https:\/\/municipalidaddenebaj.com\/?p=29036"},"modified":"2024-04-19T21:59:26","modified_gmt":"2024-04-19T21:59:26","slug":"inauguracion-del-proyecto-denominado-agua-potable","status":"publish","type":"post","link":"https:\/\/municipalidaddenebaj.com\/?p=29036","title":{"rendered":"INAUGURACI\u00d3N  DEL PROYECTO DENOMINADO AGUA POTABLE"},"content":{"rendered":"\n<h2 class=\"wp-block-heading\"><mark style=\"background-color:rgba(0, 0, 0, 0)\" class=\"has-inline-color has-black-color\">El Se\u00f1or Alcalde Municipal <a href=\"https:\/\/www.facebook.com\/profile.php?id=100065359905403&amp;__cft__[0]=AZXHfKjfJwkbTqUg9CbAuAylWq9LCGGRLuRMhWoTd3p0G5uvzUjWfVptnG7d0XmVyU9BCCmRNuXEErlfkZe4IKbBXljmwKYHdUUCXh93vwi4FMah3jJVI4DqKab2PhDqMt1Hc0UxsDGyxNDc4ym3fb6hXrjfxThxAZXyrtoXGmEveQcXjy_XbXUl47jL-PcrFIsfkhCdd2IaPFoiMPcb9c5T&amp;__tn__=-]K-R\">Ram\u00f3n Raymundo<\/a>, Inaugura introducci\u00f3n de agua potable en la aldea Vipecbalam, proyecto ejecutado entre el Consejo Departamental de Desarrollo Quich\u00e9 y La <a href=\"https:\/\/www.facebook.com\/profile.php?id=100064424092491&amp;__cft__[0]=AZXHfKjfJwkbTqUg9CbAuAylWq9LCGGRLuRMhWoTd3p0G5uvzUjWfVptnG7d0XmVyU9BCCmRNuXEErlfkZe4IKbBXljmwKYHdUUCXh93vwi4FMah3jJVI4DqKab2PhDqMt1Hc0UxsDGyxNDc4ym3fb6hXrjfxThxAZXyrtoXGmEveQcXjy_XbXUl47jL-PcrFIsfkhCdd2IaPFoiMPcb9c5T&amp;__tn__=-]K-R\">Municipalidad de Nebaj<\/a>.<\/mark><\/h2>\n\n\n\n<h2 class=\"wp-block-heading\"><a href=\"https:\/\/www.facebook.com\/hashtag\/construyendofuturo?__eep__=6&amp;__cft__[0]=AZXHfKjfJwkbTqUg9CbAuAylWq9LCGGRLuRMhWoTd3p0G5uvzUjWfVptnG7d0XmVyU9BCCmRNuXEErlfkZe4IKbBXljmwKYHdUUCXh93vwi4FMah3jJVI4DqKab2PhDqMt1Hc0UxsDGyxNDc4ym3fb6hXrjfxThxAZXyrtoXGmEveQcXjy_XbXUl47jL-PcrFIsfkhCdd2IaPFoiMPcb9c5T&amp;__tn__=*NK-R\">#ConstruyendoFuturo<\/a><\/h2>\n\n\n\n<iframe src=\"https:\/\/www.facebook.com\/plugins\/post.php?href=https%3A%2F%2Fwww.facebook.com%2Fphoto.php%3Ffbid%3D825813966242732%26set%3Da.359717012852432%26type%3D3&#038;show_text=true&#038;width=990\" width=\"990\" height=\"990\" style=\"border:none;overflow:hidden\" scrolling=\"no\" frameborder=\"0\" allowfullscreen=\"true\" allow=\"autoplay; clipboard-write; encrypted-media; picture-in-picture; web-share\"><\/iframe>\n\n\n\n<figure class=\"wp-block-image size-full is-resized\"><img  title=\"\" decoding=\"async\" src=\"https:\/\/municipalidaddenebaj.com\/wp-content\/uploads\/2024\/04\/image-68.png\"  alt=\"image-68 INAUGURACI\u00d3N  DEL PROYECTO DENOMINADO AGUA POTABLE\"  class=\"wp-image-29037\" style=\"width:1450px;height:auto\"\/><\/figure>\n","protected":false},"excerpt":{"rendered":"<p>El Se\u00f1or Alcalde Municipal Ram\u00f3n Raymundo, Inaugura introducci\u00f3n de agua potable en la aldea Vipecbalam,&#8230;<\/p>\n","protected":false},"author":2,"featured_media":29038,"comment_status":"open","ping_status":"open","sticky":false,"template":"","format":"standard","meta":{"_eb_attr":"","_monsterinsights_skip_tracking":false,"_monsterinsights_sitenote_active":false,"_monsterinsights_sitenote_note":"","_monsterinsights_sitenote_category":0,"footnotes":""},"categories":[1],"tags":[],"class_list":["post-29036","post","type-post","status-publish","format-standard","has-post-thumbnail","hentry","category-uncategorized"],"featured_image_urls":{"full":["https:\/\/municipalidaddenebaj.com\/wp-content\/uploads\/2024\/04\/437497364_825814632909332_6436530851280114354_n.jpg",1280,853,false],"thumbnail":["https:\/\/municipalidaddenebaj.com\/wp-content\/uploads\/2024\/04\/437497364_825814632909332_6436530851280114354_n-161x161.jpg",161,161,true],"medium":["https:\/\/municipalidaddenebaj.com\/wp-content\/uploads\/2024\/04\/437497364_825814632909332_6436530851280114354_n-350x233.jpg",350,233,true],"medium_large":["https:\/\/municipalidaddenebaj.com\/wp-content\/uploads\/2024\/04\/437497364_825814632909332_6436530851280114354_n-768x512.jpg",640,427,true],"large":["https:\/\/municipalidaddenebaj.com\/wp-content\/uploads\/2024\/04\/437497364_825814632909332_6436530851280114354_n-1024x682.jpg",510,340,true],"ezd_searrch_thumb16x16":["https:\/\/municipalidaddenebaj.com\/wp-content\/uploads\/2024\/04\/437497364_825814632909332_6436530851280114354_n.jpg",16,11,false],"ezd_searrch_thumb50x50":["https:\/\/municipalidaddenebaj.com\/wp-content\/uploads\/2024\/04\/437497364_825814632909332_6436530851280114354_n.jpg",50,33,false],"1536x1536":["https:\/\/municipalidaddenebaj.com\/wp-content\/uploads\/2024\/04\/437497364_825814632909332_6436530851280114354_n.jpg",1280,853,false],"2048x2048":["https:\/\/municipalidaddenebaj.com\/wp-content\/uploads\/2024\/04\/437497364_825814632909332_6436530851280114354_n.jpg",1280,853,false],"covernews-featured":["https:\/\/municipalidaddenebaj.com\/wp-content\/uploads\/2024\/04\/437497364_825814632909332_6436530851280114354_n.jpg",1024,682,false],"covernews-medium":["https:\/\/municipalidaddenebaj.com\/wp-content\/uploads\/2024\/04\/437497364_825814632909332_6436530851280114354_n.jpg",510,340,false],"woocommerce_thumbnail":["https:\/\/municipalidaddenebaj.com\/wp-content\/uploads\/2024\/04\/437497364_825814632909332_6436530851280114354_n-300x300.jpg",300,300,true],"woocommerce_single":["https:\/\/municipalidaddenebaj.com\/wp-content\/uploads\/2024\/04\/437497364_825814632909332_6436530851280114354_n-600x400.jpg",600,400,true],"woocommerce_gallery_thumbnail":["https:\/\/municipalidaddenebaj.com\/wp-content\/uploads\/2024\/04\/437497364_825814632909332_6436530851280114354_n-100x100.jpg",100,100,true]},"author_info":{"display_name":"Editor Editor","author_link":"https:\/\/municipalidaddenebaj.com\/?author=2"},"category_info":"<a href=\"https:\/\/municipalidaddenebaj.com\/?cat=1\" rel=\"category\">Uncategorized<\/a>","tag_info":"Uncategorized","comment_count":"0","_links":{"self":[{"href":"https:\/\/municipalidaddenebaj.com\/index.php?rest_route=\/wp\/v2\/posts\/29036","targetHints":{"allow":["GET"]}}],"collection":[{"href":"https:\/\/municipalidaddenebaj.com\/index.php?rest_route=\/wp\/v2\/posts"}],"about":[{"href":"https:\/\/municipalidaddenebaj.com\/index.php?rest_route=\/wp\/v2\/types\/post"}],"author":[{"embeddable":true,"href":"https:\/\/municipalidaddenebaj.com\/index.php?rest_route=\/wp\/v2\/users\/2"}],"replies":[{"embeddable":true,"href":"https:\/\/municipalidaddenebaj.com\/index.php?rest_route=%2Fwp%2Fv2%2Fcomments&post=29036"}],"version-history":[{"count":0,"href":"https:\/\/municipalidaddenebaj.com\/index.php?rest_route=\/wp\/v2\/posts\/29036\/revisions"}],"wp:featuredmedia":[{"embeddable":true,"href":"https:\/\/municipalidaddenebaj.com\/index.php?rest_route=\/wp\/v2\/media\/29038"}],"wp:attachment":[{"href":"https:\/\/municipalidaddenebaj.com\/index.php?rest_route=%2Fwp%2Fv2%2Fmedia&parent=29036"}],"wp:term":[{"taxonomy":"category","embeddable":true,"href":"https:\/\/municipalidaddenebaj.com\/index.php?rest_route=%2Fwp%2Fv2%2Fcategories&post=29036"},{"taxonomy":"post_tag","embeddable":true,"href":"https:\/\/municipalidaddenebaj.com\/index.php?rest_route=%2Fwp%2Fv2%2Ftags&post=29036"}],"curies":[{"name":"wp","href":"https:\/\/api.w.org\/{rel}","templated":true}]}}