{"id":29053,"date":"2024-04-22T20:59:25","date_gmt":"2024-04-22T20:59:25","guid":{"rendered":"https:\/\/municipalidaddenebaj.com\/?p=29053"},"modified":"2024-04-22T20:59:26","modified_gmt":"2024-04-22T20:59:26","slug":"feria-de-gastronomia-ixil","status":"publish","type":"post","link":"https:\/\/municipalidaddenebaj.com\/?p=29053","title":{"rendered":"FERIA DE GASTRONOM\u00cdA  IXIL"},"content":{"rendered":"\n<h3 class=\"wp-block-heading\"><mark style=\"background-color:rgba(0, 0, 0, 0)\" class=\"has-inline-color has-black-color\">Lanzamiento de la Feria de Gastronom\u00eda Ixil, evento impulsado por el Sr. Alcalde Municipal <a href=\"https:\/\/www.facebook.com\/profile.php?id=100065359905403&amp;__cft__[0]=AZVItKC1VZZ5tWb3hhq8Yd4QNBAv55bIr8Oy6SmHkuNd1xSoORX5sTqYAFuIJCTT3nb_71ptAz5u2YdW49xBGj81sQL2hC58HtBZeF7lxaTEAFVISSp8VDntMk3vVQ4ujAPHCUcIofRMtMZRKyGWwoYVe_rOz80eekd2SnoH_51JruwyTkD8IY58HCZOTaWCnshEaPWUTE2Wc-BeTiM7rdYo&amp;__tn__=-]K-R\">Ram\u00f3n Raymundo<\/a> y Honorable concejo, a trav\u00e9s de la Direcci\u00f3n Municipal de Asuntos Sociales y Econ\u00f3micos. -DIMASEC-.<\/mark><\/h3>\n\n\n\n<h3 class=\"wp-block-heading\"><mark style=\"background-color:rgba(0, 0, 0, 0)\" class=\"has-inline-color has-black-color\">Con el objetivo de rescatar nuestra cultura y platillos tradicionales.<\/mark><\/h3>\n\n\n\n<h3 class=\"wp-block-heading\"><mark style=\"background-color:rgba(0, 0, 0, 0)\" class=\"has-inline-color has-black-color\">El se\u00f1or alcalde municipal mencion\u00f3 que la feria se realizar\u00e1 cada cuatro semanas, haciendo la cordial invitaci\u00f3n a toda la poblaci\u00f3n.<\/mark><\/h3>\n\n\n\n<h3 class=\"wp-block-heading\"><a href=\"https:\/\/www.facebook.com\/hashtag\/construyendofuturo?__eep__=6&amp;__cft__[0]=AZVItKC1VZZ5tWb3hhq8Yd4QNBAv55bIr8Oy6SmHkuNd1xSoORX5sTqYAFuIJCTT3nb_71ptAz5u2YdW49xBGj81sQL2hC58HtBZeF7lxaTEAFVISSp8VDntMk3vVQ4ujAPHCUcIofRMtMZRKyGWwoYVe_rOz80eekd2SnoH_51JruwyTkD8IY58HCZOTaWCnshEaPWUTE2Wc-BeTiM7rdYo&amp;__tn__=*NK-R\">#ConstruyendoFuturo<\/a><\/h3>\n\n\n\n<iframe src=\"https:\/\/www.facebook.com\/plugins\/post.php?href=https%3A%2F%2Fwww.facebook.com%2Fphoto.php%3Ffbid%3D826413999516062%26set%3Da.359717012852432%26type%3D3&#038;show_text=true&#038;width=990&#038;is_preview=true\" width=\"990\" height=\"990\" style=\"border:none;overflow:hidden\" scrolling=\"no\" frameborder=\"0\" allowfullscreen=\"true\" allow=\"autoplay; clipboard-write; encrypted-media; picture-in-picture; web-share\"><\/iframe>\n\n\n\n<figure class=\"wp-block-image size-full is-resized\"><img  title=\"\" decoding=\"async\" src=\"https:\/\/municipalidaddenebaj.com\/wp-content\/uploads\/2024\/04\/image-71.png\"  alt=\"image-71 FERIA DE GASTRONOM\u00cdA  IXIL\"  class=\"wp-image-29055\" style=\"width:1450px;height:auto\"\/><\/figure>\n","protected":false},"excerpt":{"rendered":"<p>Lanzamiento de la Feria de Gastronom\u00eda Ixil, evento impulsado por el Sr. Alcalde Municipal Ram\u00f3n&#8230;<\/p>\n","protected":false},"author":2,"featured_media":29054,"comment_status":"open","ping_status":"open","sticky":false,"template":"","format":"standard","meta":{"_eb_attr":"","_monsterinsights_skip_tracking":false,"_monsterinsights_sitenote_active":false,"_monsterinsights_sitenote_note":"","_monsterinsights_sitenote_category":0,"footnotes":""},"categories":[1],"tags":[],"class_list":["post-29053","post","type-post","status-publish","format-standard","has-post-thumbnail","hentry","category-uncategorized"],"featured_image_urls":{"full":["https:\/\/municipalidaddenebaj.com\/wp-content\/uploads\/2024\/04\/438060377_826415106182618_3405676100597636256_n.jpg",1280,853,false],"thumbnail":["https:\/\/municipalidaddenebaj.com\/wp-content\/uploads\/2024\/04\/438060377_826415106182618_3405676100597636256_n-161x161.jpg",161,161,true],"medium":["https:\/\/municipalidaddenebaj.com\/wp-content\/uploads\/2024\/04\/438060377_826415106182618_3405676100597636256_n-350x233.jpg",350,233,true],"medium_large":["https:\/\/municipalidaddenebaj.com\/wp-content\/uploads\/2024\/04\/438060377_826415106182618_3405676100597636256_n-768x512.jpg",640,427,true],"large":["https:\/\/municipalidaddenebaj.com\/wp-content\/uploads\/2024\/04\/438060377_826415106182618_3405676100597636256_n-1024x682.jpg",510,340,true],"ezd_searrch_thumb16x16":["https:\/\/municipalidaddenebaj.com\/wp-content\/uploads\/2024\/04\/438060377_826415106182618_3405676100597636256_n.jpg",16,11,false],"ezd_searrch_thumb50x50":["https:\/\/municipalidaddenebaj.com\/wp-content\/uploads\/2024\/04\/438060377_826415106182618_3405676100597636256_n.jpg",50,33,false],"1536x1536":["https:\/\/municipalidaddenebaj.com\/wp-content\/uploads\/2024\/04\/438060377_826415106182618_3405676100597636256_n.jpg",1280,853,false],"2048x2048":["https:\/\/municipalidaddenebaj.com\/wp-content\/uploads\/2024\/04\/438060377_826415106182618_3405676100597636256_n.jpg",1280,853,false],"covernews-featured":["https:\/\/municipalidaddenebaj.com\/wp-content\/uploads\/2024\/04\/438060377_826415106182618_3405676100597636256_n.jpg",1024,682,false],"covernews-medium":["https:\/\/municipalidaddenebaj.com\/wp-content\/uploads\/2024\/04\/438060377_826415106182618_3405676100597636256_n.jpg",510,340,false],"woocommerce_thumbnail":["https:\/\/municipalidaddenebaj.com\/wp-content\/uploads\/2024\/04\/438060377_826415106182618_3405676100597636256_n-300x300.jpg",300,300,true],"woocommerce_single":["https:\/\/municipalidaddenebaj.com\/wp-content\/uploads\/2024\/04\/438060377_826415106182618_3405676100597636256_n-600x400.jpg",600,400,true],"woocommerce_gallery_thumbnail":["https:\/\/municipalidaddenebaj.com\/wp-content\/uploads\/2024\/04\/438060377_826415106182618_3405676100597636256_n-100x100.jpg",100,100,true]},"author_info":{"display_name":"Editor Editor","author_link":"https:\/\/municipalidaddenebaj.com\/?author=2"},"category_info":"<a href=\"https:\/\/municipalidaddenebaj.com\/?cat=1\" rel=\"category\">Uncategorized<\/a>","tag_info":"Uncategorized","comment_count":"0","_links":{"self":[{"href":"https:\/\/municipalidaddenebaj.com\/index.php?rest_route=\/wp\/v2\/posts\/29053","targetHints":{"allow":["GET"]}}],"collection":[{"href":"https:\/\/municipalidaddenebaj.com\/index.php?rest_route=\/wp\/v2\/posts"}],"about":[{"href":"https:\/\/municipalidaddenebaj.com\/index.php?rest_route=\/wp\/v2\/types\/post"}],"author":[{"embeddable":true,"href":"https:\/\/municipalidaddenebaj.com\/index.php?rest_route=\/wp\/v2\/users\/2"}],"replies":[{"embeddable":true,"href":"https:\/\/municipalidaddenebaj.com\/index.php?rest_route=%2Fwp%2Fv2%2Fcomments&post=29053"}],"version-history":[{"count":0,"href":"https:\/\/municipalidaddenebaj.com\/index.php?rest_route=\/wp\/v2\/posts\/29053\/revisions"}],"wp:featuredmedia":[{"embeddable":true,"href":"https:\/\/municipalidaddenebaj.com\/index.php?rest_route=\/wp\/v2\/media\/29054"}],"wp:attachment":[{"href":"https:\/\/municipalidaddenebaj.com\/index.php?rest_route=%2Fwp%2Fv2%2Fmedia&parent=29053"}],"wp:term":[{"taxonomy":"category","embeddable":true,"href":"https:\/\/municipalidaddenebaj.com\/index.php?rest_route=%2Fwp%2Fv2%2Fcategories&post=29053"},{"taxonomy":"post_tag","embeddable":true,"href":"https:\/\/municipalidaddenebaj.com\/index.php?rest_route=%2Fwp%2Fv2%2Ftags&post=29053"}],"curies":[{"name":"wp","href":"https:\/\/api.w.org\/{rel}","templated":true}]}}