{"id":29274,"date":"2024-04-25T23:01:56","date_gmt":"2024-04-25T23:01:56","guid":{"rendered":"https:\/\/municipalidaddenebaj.com\/?p=29274"},"modified":"2024-04-25T23:13:36","modified_gmt":"2024-04-25T23:13:36","slug":"conmemoracion-dia-mundial-de-la-madre-tierra","status":"publish","type":"post","link":"https:\/\/municipalidaddenebaj.com\/?p=29274","title":{"rendered":"CONMEMORACI\u00d3N  D\u00cdA MUNDIAL DE  LA MADRE TIERRA."},"content":{"rendered":"\n<h3 class=\"wp-block-heading\"><mark style=\"background-color:rgba(0, 0, 0, 0)\" class=\"has-inline-color has-black-color\">La Direcci\u00f3n Municipal de la Ni\u00f1ez, Adolescencia y Juventud<\/mark><\/h3>\n\n\n\n<h3 class=\"wp-block-heading\"><mark style=\"background-color:rgba(0, 0, 0, 0)\" class=\"has-inline-color has-black-color\">-DIMUNAJ- conmemoran el d\u00eda mundial de la tierra donde los principales protagonistas son los ni\u00f1os y las ni\u00f1as con un llamado para que actuemos hoy y salvemos el ma\u00f1ana; esto en coordinaci\u00f3n con Save The Childred de Guatemala.<\/mark><\/h3>\n\n\n\n<h3 class=\"wp-block-heading\"><a href=\"https:\/\/www.facebook.com\/hashtag\/construyendofuturo?__eep__=6&amp;__cft__[0]=AZU0LahJTdIpYEWof7LiflpwdgZkZRrznK76T7mY6TjDn1nYRmBrb-JsuV8f0g7s9jErenpeQgTo440pPiyPv-BKp-0X9GVpHmh-OaOjA2X-Y1tCZvjIroUpEMrT-Qm5ZUb6ctl43uwktOK36TYyf_ztMhj79MOXVTl7T51k2__yWEMWFOzlUCDua_XUIavAp9TYTJJRtZ2cNatuso9ELIbB&amp;__tn__=*NK-R\">#ConstruyendoFuturo<\/a><a href=\"https:\/\/www.facebook.com\/hashtag\/muninebaj?__eep__=6&amp;__cft__[0]=AZU0LahJTdIpYEWof7LiflpwdgZkZRrznK76T7mY6TjDn1nYRmBrb-JsuV8f0g7s9jErenpeQgTo440pPiyPv-BKp-0X9GVpHmh-OaOjA2X-Y1tCZvjIroUpEMrT-Qm5ZUb6ctl43uwktOK36TYyf_ztMhj79MOXVTl7T51k2__yWEMWFOzlUCDua_XUIavAp9TYTJJRtZ2cNatuso9ELIbB&amp;__tn__=*NK-R\">#MuniNebaj<\/a><a href=\"https:\/\/www.facebook.com\/hashtag\/save_children_guatemala?__eep__=6&amp;__cft__[0]=AZU0LahJTdIpYEWof7LiflpwdgZkZRrznK76T7mY6TjDn1nYRmBrb-JsuV8f0g7s9jErenpeQgTo440pPiyPv-BKp-0X9GVpHmh-OaOjA2X-Y1tCZvjIroUpEMrT-Qm5ZUb6ctl43uwktOK36TYyf_ztMhj79MOXVTl7T51k2__yWEMWFOzlUCDua_XUIavAp9TYTJJRtZ2cNatuso9ELIbB&amp;__tn__=*NK-R\">#Save_Children_Guatemala<\/a><\/h3>\n\n\n\n<iframe src=\"https:\/\/www.facebook.com\/plugins\/post.php?href=https%3A%2F%2Fwww.facebook.com%2Fphoto.php%3Ffbid%3D829594455864683%26set%3Da.359717016185765%26type%3D3&#038;show_text=true&#038;width=980&#038;is_preview=true\" width=\"980\" height=\"980\" style=\"border:none;overflow:hidden\" scrolling=\"no\" frameborder=\"0\" allowfullscreen=\"true\" allow=\"autoplay; clipboard-write; encrypted-media; picture-in-picture; web-share\"><\/iframe>\n\n\n\n<figure class=\"wp-block-image size-full is-resized\"><img  title=\"\" decoding=\"async\" src=\"https:\/\/municipalidaddenebaj.com\/wp-content\/uploads\/2024\/04\/image-85.png\"  alt=\"image-85 CONMEMORACI\u00d3N  D\u00cdA MUNDIAL DE  LA MADRE TIERRA.\"  class=\"wp-image-29275\" style=\"width:1450px;height:auto\"\/><\/figure>\n","protected":false},"excerpt":{"rendered":"<p>La Direcci\u00f3n Municipal de la Ni\u00f1ez, Adolescencia y Juventud -DIMUNAJ- conmemoran el d\u00eda mundial de&#8230;<\/p>\n","protected":false},"author":2,"featured_media":29290,"comment_status":"open","ping_status":"open","sticky":false,"template":"","format":"standard","meta":{"_eb_attr":"","_monsterinsights_skip_tracking":false,"_monsterinsights_sitenote_active":false,"_monsterinsights_sitenote_note":"","_monsterinsights_sitenote_category":0,"footnotes":""},"categories":[1],"tags":[],"class_list":["post-29274","post","type-post","status-publish","format-standard","has-post-thumbnail","hentry","category-uncategorized"],"featured_image_urls":{"full":["https:\/\/municipalidaddenebaj.com\/wp-content\/uploads\/2024\/04\/438808622_829594822531313_7011502906618707819_n.jpg",1080,1080,false],"thumbnail":["https:\/\/municipalidaddenebaj.com\/wp-content\/uploads\/2024\/04\/438808622_829594822531313_7011502906618707819_n-161x161.jpg",161,161,true],"medium":["https:\/\/municipalidaddenebaj.com\/wp-content\/uploads\/2024\/04\/438808622_829594822531313_7011502906618707819_n-350x350.jpg",350,350,true],"medium_large":["https:\/\/municipalidaddenebaj.com\/wp-content\/uploads\/2024\/04\/438808622_829594822531313_7011502906618707819_n-768x768.jpg",640,640,true],"large":["https:\/\/municipalidaddenebaj.com\/wp-content\/uploads\/2024\/04\/438808622_829594822531313_7011502906618707819_n-1024x1024.jpg",510,510,true],"ezd_searrch_thumb16x16":["https:\/\/municipalidaddenebaj.com\/wp-content\/uploads\/2024\/04\/438808622_829594822531313_7011502906618707819_n.jpg",16,16,false],"ezd_searrch_thumb50x50":["https:\/\/municipalidaddenebaj.com\/wp-content\/uploads\/2024\/04\/438808622_829594822531313_7011502906618707819_n.jpg",50,50,false],"1536x1536":["https:\/\/municipalidaddenebaj.com\/wp-content\/uploads\/2024\/04\/438808622_829594822531313_7011502906618707819_n.jpg",1080,1080,false],"2048x2048":["https:\/\/municipalidaddenebaj.com\/wp-content\/uploads\/2024\/04\/438808622_829594822531313_7011502906618707819_n.jpg",1080,1080,false],"covernews-featured":["https:\/\/municipalidaddenebaj.com\/wp-content\/uploads\/2024\/04\/438808622_829594822531313_7011502906618707819_n.jpg",1024,1024,false],"covernews-medium":["https:\/\/municipalidaddenebaj.com\/wp-content\/uploads\/2024\/04\/438808622_829594822531313_7011502906618707819_n.jpg",340,340,false],"woocommerce_thumbnail":["https:\/\/municipalidaddenebaj.com\/wp-content\/uploads\/2024\/04\/438808622_829594822531313_7011502906618707819_n-300x300.jpg",300,300,true],"woocommerce_single":["https:\/\/municipalidaddenebaj.com\/wp-content\/uploads\/2024\/04\/438808622_829594822531313_7011502906618707819_n-600x600.jpg",600,600,true],"woocommerce_gallery_thumbnail":["https:\/\/municipalidaddenebaj.com\/wp-content\/uploads\/2024\/04\/438808622_829594822531313_7011502906618707819_n-100x100.jpg",100,100,true]},"author_info":{"display_name":"Editor Editor","author_link":"https:\/\/municipalidaddenebaj.com\/?author=2"},"category_info":"<a href=\"https:\/\/municipalidaddenebaj.com\/?cat=1\" rel=\"category\">Uncategorized<\/a>","tag_info":"Uncategorized","comment_count":"0","_links":{"self":[{"href":"https:\/\/municipalidaddenebaj.com\/index.php?rest_route=\/wp\/v2\/posts\/29274","targetHints":{"allow":["GET"]}}],"collection":[{"href":"https:\/\/municipalidaddenebaj.com\/index.php?rest_route=\/wp\/v2\/posts"}],"about":[{"href":"https:\/\/municipalidaddenebaj.com\/index.php?rest_route=\/wp\/v2\/types\/post"}],"author":[{"embeddable":true,"href":"https:\/\/municipalidaddenebaj.com\/index.php?rest_route=\/wp\/v2\/users\/2"}],"replies":[{"embeddable":true,"href":"https:\/\/municipalidaddenebaj.com\/index.php?rest_route=%2Fwp%2Fv2%2Fcomments&post=29274"}],"version-history":[{"count":0,"href":"https:\/\/municipalidaddenebaj.com\/index.php?rest_route=\/wp\/v2\/posts\/29274\/revisions"}],"wp:featuredmedia":[{"embeddable":true,"href":"https:\/\/municipalidaddenebaj.com\/index.php?rest_route=\/wp\/v2\/media\/29290"}],"wp:attachment":[{"href":"https:\/\/municipalidaddenebaj.com\/index.php?rest_route=%2Fwp%2Fv2%2Fmedia&parent=29274"}],"wp:term":[{"taxonomy":"category","embeddable":true,"href":"https:\/\/municipalidaddenebaj.com\/index.php?rest_route=%2Fwp%2Fv2%2Fcategories&post=29274"},{"taxonomy":"post_tag","embeddable":true,"href":"https:\/\/municipalidaddenebaj.com\/index.php?rest_route=%2Fwp%2Fv2%2Ftags&post=29274"}],"curies":[{"name":"wp","href":"https:\/\/api.w.org\/{rel}","templated":true}]}}