{"id":29285,"date":"2024-04-25T23:10:12","date_gmt":"2024-04-25T23:10:12","guid":{"rendered":"https:\/\/municipalidaddenebaj.com\/?p=29285"},"modified":"2024-04-25T23:10:14","modified_gmt":"2024-04-25T23:10:14","slug":"limpieza-en-el-casco-urbano","status":"publish","type":"post","link":"https:\/\/municipalidaddenebaj.com\/?p=29285","title":{"rendered":"LIMPIEZA EN EL CASCO URBANO."},"content":{"rendered":"\n<h3 class=\"wp-block-heading\"><mark style=\"background-color:rgba(0, 0, 0, 0)\" class=\"has-inline-color has-black-color\">La <a href=\"https:\/\/www.facebook.com\/profile.php?id=100064424092491&amp;__cft__[0]=AZW_DnjOtnO7GaTQtbDqBAcdwExcEl4MF9PjM4GVX3VAv_PgN1b_sLyaLza3_lazS93zkYG4nfOrdAwDI3zvN2gvToKVhUxINQ70kO-x2FdJG3eskIigqzxY2Tr6zNqvpd2wWZoKBw36aHAHCwrHz8v7fsFpAN-_6cWmTtc8SyMYKTtpzriZr7IfIk1yUmRP8IF3p2zcBQzVwEqJtCbbbQ_l&amp;__tn__=-]K-R\">Municipalidad de Nebaj<\/a> contin\u00faa con los trabajos de limpieza en el casco urbano del Municipio, a trav\u00e9s de la Direcci\u00f3n Municipal de Agua y Saneamiento -DIMAS- acciones que persisten bajo las gestiones del se\u00f1or Alcalde Municipal <a href=\"https:\/\/www.facebook.com\/profile.php?id=100065359905403&amp;__cft__[0]=AZW_DnjOtnO7GaTQtbDqBAcdwExcEl4MF9PjM4GVX3VAv_PgN1b_sLyaLza3_lazS93zkYG4nfOrdAwDI3zvN2gvToKVhUxINQ70kO-x2FdJG3eskIigqzxY2Tr6zNqvpd2wWZoKBw36aHAHCwrHz8v7fsFpAN-_6cWmTtc8SyMYKTtpzriZr7IfIk1yUmRP8IF3p2zcBQzVwEqJtCbbbQ_l&amp;__tn__=-]K-R\">Ram\u00f3n Raymundo<\/a> y honorable concejo<\/mark><\/h3>\n\n\n\n<h2 class=\"wp-block-heading\"><a href=\"https:\/\/www.facebook.com\/hashtag\/pornebaj?__eep__=6&amp;__cft__[0]=AZW_DnjOtnO7GaTQtbDqBAcdwExcEl4MF9PjM4GVX3VAv_PgN1b_sLyaLza3_lazS93zkYG4nfOrdAwDI3zvN2gvToKVhUxINQ70kO-x2FdJG3eskIigqzxY2Tr6zNqvpd2wWZoKBw36aHAHCwrHz8v7fsFpAN-_6cWmTtc8SyMYKTtpzriZr7IfIk1yUmRP8IF3p2zcBQzVwEqJtCbbbQ_l&amp;__tn__=*NK-R\">#PorNebaj<\/a><\/h2>\n\n\n\n<iframe src=\"https:\/\/www.facebook.com\/plugins\/post.php?href=https%3A%2F%2Fwww.facebook.com%2Fphoto.php%3Ffbid%3D829790062511789%26set%3Da.359717012852432%26type%3D3&#038;show_text=true&#038;width=980&#038;is_preview=true\" width=\"980\" height=\"980\" style=\"border:none;overflow:hidden\" scrolling=\"no\" frameborder=\"0\" allowfullscreen=\"true\" allow=\"autoplay; clipboard-write; encrypted-media; picture-in-picture; web-share\"><\/iframe>\n\n\n\n<figure class=\"wp-block-image size-full is-resized\"><img  title=\"\" decoding=\"async\" src=\"https:\/\/municipalidaddenebaj.com\/wp-content\/uploads\/2024\/04\/image-88.png\"  alt=\"image-88 LIMPIEZA EN EL CASCO URBANO.\"  class=\"wp-image-29286\" style=\"width:1450px;height:auto\"\/><\/figure>\n","protected":false},"excerpt":{"rendered":"<p>La Municipalidad de Nebaj contin\u00faa con los trabajos de limpieza en el casco urbano del&#8230;<\/p>\n","protected":false},"author":2,"featured_media":29287,"comment_status":"open","ping_status":"open","sticky":false,"template":"","format":"standard","meta":{"_eb_attr":"","_monsterinsights_skip_tracking":false,"_monsterinsights_sitenote_active":false,"_monsterinsights_sitenote_note":"","_monsterinsights_sitenote_category":0,"footnotes":""},"categories":[1],"tags":[],"class_list":["post-29285","post","type-post","status-publish","format-standard","has-post-thumbnail","hentry","category-uncategorized"],"featured_image_urls":{"full":["https:\/\/municipalidaddenebaj.com\/wp-content\/uploads\/2024\/04\/437152329_829790239178438_1884035319784929085_n.jpg",1080,1080,false],"thumbnail":["https:\/\/municipalidaddenebaj.com\/wp-content\/uploads\/2024\/04\/437152329_829790239178438_1884035319784929085_n-161x161.jpg",161,161,true],"medium":["https:\/\/municipalidaddenebaj.com\/wp-content\/uploads\/2024\/04\/437152329_829790239178438_1884035319784929085_n-350x350.jpg",350,350,true],"medium_large":["https:\/\/municipalidaddenebaj.com\/wp-content\/uploads\/2024\/04\/437152329_829790239178438_1884035319784929085_n-768x768.jpg",640,640,true],"large":["https:\/\/municipalidaddenebaj.com\/wp-content\/uploads\/2024\/04\/437152329_829790239178438_1884035319784929085_n-1024x1024.jpg",510,510,true],"ezd_searrch_thumb16x16":["https:\/\/municipalidaddenebaj.com\/wp-content\/uploads\/2024\/04\/437152329_829790239178438_1884035319784929085_n.jpg",16,16,false],"ezd_searrch_thumb50x50":["https:\/\/municipalidaddenebaj.com\/wp-content\/uploads\/2024\/04\/437152329_829790239178438_1884035319784929085_n.jpg",50,50,false],"1536x1536":["https:\/\/municipalidaddenebaj.com\/wp-content\/uploads\/2024\/04\/437152329_829790239178438_1884035319784929085_n.jpg",1080,1080,false],"2048x2048":["https:\/\/municipalidaddenebaj.com\/wp-content\/uploads\/2024\/04\/437152329_829790239178438_1884035319784929085_n.jpg",1080,1080,false],"covernews-featured":["https:\/\/municipalidaddenebaj.com\/wp-content\/uploads\/2024\/04\/437152329_829790239178438_1884035319784929085_n.jpg",1024,1024,false],"covernews-medium":["https:\/\/municipalidaddenebaj.com\/wp-content\/uploads\/2024\/04\/437152329_829790239178438_1884035319784929085_n.jpg",340,340,false],"woocommerce_thumbnail":["https:\/\/municipalidaddenebaj.com\/wp-content\/uploads\/2024\/04\/437152329_829790239178438_1884035319784929085_n-300x300.jpg",300,300,true],"woocommerce_single":["https:\/\/municipalidaddenebaj.com\/wp-content\/uploads\/2024\/04\/437152329_829790239178438_1884035319784929085_n-600x600.jpg",600,600,true],"woocommerce_gallery_thumbnail":["https:\/\/municipalidaddenebaj.com\/wp-content\/uploads\/2024\/04\/437152329_829790239178438_1884035319784929085_n-100x100.jpg",100,100,true]},"author_info":{"display_name":"Editor Editor","author_link":"https:\/\/municipalidaddenebaj.com\/?author=2"},"category_info":"<a href=\"https:\/\/municipalidaddenebaj.com\/?cat=1\" rel=\"category\">Uncategorized<\/a>","tag_info":"Uncategorized","comment_count":"0","_links":{"self":[{"href":"https:\/\/municipalidaddenebaj.com\/index.php?rest_route=\/wp\/v2\/posts\/29285","targetHints":{"allow":["GET"]}}],"collection":[{"href":"https:\/\/municipalidaddenebaj.com\/index.php?rest_route=\/wp\/v2\/posts"}],"about":[{"href":"https:\/\/municipalidaddenebaj.com\/index.php?rest_route=\/wp\/v2\/types\/post"}],"author":[{"embeddable":true,"href":"https:\/\/municipalidaddenebaj.com\/index.php?rest_route=\/wp\/v2\/users\/2"}],"replies":[{"embeddable":true,"href":"https:\/\/municipalidaddenebaj.com\/index.php?rest_route=%2Fwp%2Fv2%2Fcomments&post=29285"}],"version-history":[{"count":0,"href":"https:\/\/municipalidaddenebaj.com\/index.php?rest_route=\/wp\/v2\/posts\/29285\/revisions"}],"wp:featuredmedia":[{"embeddable":true,"href":"https:\/\/municipalidaddenebaj.com\/index.php?rest_route=\/wp\/v2\/media\/29287"}],"wp:attachment":[{"href":"https:\/\/municipalidaddenebaj.com\/index.php?rest_route=%2Fwp%2Fv2%2Fmedia&parent=29285"}],"wp:term":[{"taxonomy":"category","embeddable":true,"href":"https:\/\/municipalidaddenebaj.com\/index.php?rest_route=%2Fwp%2Fv2%2Fcategories&post=29285"},{"taxonomy":"post_tag","embeddable":true,"href":"https:\/\/municipalidaddenebaj.com\/index.php?rest_route=%2Fwp%2Fv2%2Ftags&post=29285"}],"curies":[{"name":"wp","href":"https:\/\/api.w.org\/{rel}","templated":true}]}}