{"id":29299,"date":"2024-04-26T15:51:33","date_gmt":"2024-04-26T15:51:33","guid":{"rendered":"https:\/\/municipalidaddenebaj.com\/?p=29299"},"modified":"2024-04-26T15:52:24","modified_gmt":"2024-04-26T15:52:24","slug":"29299","status":"publish","type":"post","link":"https:\/\/municipalidaddenebaj.com\/?p=29299","title":{"rendered":"ACCIONES DE CONTROL A INCENDIO PARRAMOS CHIQUITO."},"content":{"rendered":"\n<h3 class=\"wp-block-heading\"><mark style=\"background-color:rgba(0, 0, 0, 0)\" class=\"has-inline-color has-black-color\">La <a href=\"https:\/\/www.facebook.com\/profile.php?id=100064424092491&amp;__cft__[0]=AZV7QSnTDL2AmdzZSJ7m0nAzBLPDxHyUqNZzXKsbZsylHUhLmmVvm-gQjnd_Anq1YRTechZMPFLugDmQKMz43yAVL8k8h0QXyOpdTteQHKPzLmcrREHT9SjwlySNlQ35FKG9NZccwX_SQLrfnyZvKzX2FbVSO54T6IfRcBfjT9t9T4a42tSHPieagPKwpLosSvvZV80b2T42oJy-ozmVuagn&amp;__tn__=-]K-R\">Municipalidad de Nebaj<\/a> , a trav\u00e9s de la Brigada Municipal, t\u00e9cnicos de la Direcci\u00f3n Municipal de Ordenamiento Territorial -DIMOT-, Elementos de la Polic\u00eda Municipal, L\u00edderes y vecinos de la comunidad de Parramos Chiquito, en horas de la ma\u00f1ana el d\u00eda de hoy, realizan acciones de control al incendio que se dio en el lugar denominado \u00abTu Xamal\u00e1\u00bb en jurisdicci\u00f3n de dicha comunidad.<\/mark><\/h3>\n\n\n\n<h3 class=\"wp-block-heading\"><mark style=\"background-color:rgba(0, 0, 0, 0)\" class=\"has-inline-color has-black-color\">El Se\u00f1or Alcalde Municipal <a href=\"https:\/\/www.facebook.com\/profile.php?id=100065359905403&amp;__cft__[0]=AZV7QSnTDL2AmdzZSJ7m0nAzBLPDxHyUqNZzXKsbZsylHUhLmmVvm-gQjnd_Anq1YRTechZMPFLugDmQKMz43yAVL8k8h0QXyOpdTteQHKPzLmcrREHT9SjwlySNlQ35FKG9NZccwX_SQLrfnyZvKzX2FbVSO54T6IfRcBfjT9t9T4a42tSHPieagPKwpLosSvvZV80b2T42oJy-ozmVuagn&amp;__tn__=-]K-R\">Ram\u00f3n Raymundo<\/a> y su honorable Concejo, recomiendan a la poblaci\u00f3n mantener las medidas necesarias para que no se den mas incendios.<\/mark><\/h3>\n\n\n\n<h3 class=\"wp-block-heading\"><a href=\"https:\/\/www.facebook.com\/hashtag\/pornebaj?__eep__=6&amp;__cft__[0]=AZV7QSnTDL2AmdzZSJ7m0nAzBLPDxHyUqNZzXKsbZsylHUhLmmVvm-gQjnd_Anq1YRTechZMPFLugDmQKMz43yAVL8k8h0QXyOpdTteQHKPzLmcrREHT9SjwlySNlQ35FKG9NZccwX_SQLrfnyZvKzX2FbVSO54T6IfRcBfjT9t9T4a42tSHPieagPKwpLosSvvZV80b2T42oJy-ozmVuagn&amp;__tn__=*NK-R\">#PorNebaj<\/a><\/h3>\n\n\n\n<iframe src=\"https:\/\/www.facebook.com\/plugins\/post.php?href=https%3A%2F%2Fwww.facebook.com%2Fphoto.php%3Ffbid%3D830238049133657%26set%3Da.359717012852432%26type%3D3&#038;show_text=true&#038;width=980&#038;is_preview=true\" width=\"980\" height=\"980\" style=\"border:none;overflow:hidden\" scrolling=\"no\" frameborder=\"0\" allowfullscreen=\"true\" allow=\"autoplay; clipboard-write; encrypted-media; picture-in-picture; web-share\"><\/iframe>\n\n\n\n<figure class=\"wp-block-image size-full is-resized\"><img  title=\"\" decoding=\"async\" src=\"https:\/\/municipalidaddenebaj.com\/wp-content\/uploads\/2024\/04\/image-91.png\"  alt=\"image-91 ACCIONES DE CONTROL A INCENDIO PARRAMOS CHIQUITO.\"  class=\"wp-image-29300\" style=\"width:1450px;height:auto\"\/><\/figure>\n","protected":false},"excerpt":{"rendered":"<p>La Municipalidad de Nebaj , a trav\u00e9s de la Brigada Municipal, t\u00e9cnicos de la Direcci\u00f3n&#8230;<\/p>\n","protected":false},"author":2,"featured_media":29301,"comment_status":"open","ping_status":"open","sticky":false,"template":"","format":"standard","meta":{"_eb_attr":"","_monsterinsights_skip_tracking":false,"_monsterinsights_sitenote_active":false,"_monsterinsights_sitenote_note":"","_monsterinsights_sitenote_category":0,"footnotes":""},"categories":[1],"tags":[],"class_list":["post-29299","post","type-post","status-publish","format-standard","has-post-thumbnail","hentry","category-uncategorized"],"featured_image_urls":{"full":["https:\/\/municipalidaddenebaj.com\/wp-content\/uploads\/2024\/04\/438087667_830238519133610_7920001629189944605_n.jpg",1080,1080,false],"thumbnail":["https:\/\/municipalidaddenebaj.com\/wp-content\/uploads\/2024\/04\/438087667_830238519133610_7920001629189944605_n-161x161.jpg",161,161,true],"medium":["https:\/\/municipalidaddenebaj.com\/wp-content\/uploads\/2024\/04\/438087667_830238519133610_7920001629189944605_n-350x350.jpg",350,350,true],"medium_large":["https:\/\/municipalidaddenebaj.com\/wp-content\/uploads\/2024\/04\/438087667_830238519133610_7920001629189944605_n-768x768.jpg",640,640,true],"large":["https:\/\/municipalidaddenebaj.com\/wp-content\/uploads\/2024\/04\/438087667_830238519133610_7920001629189944605_n-1024x1024.jpg",510,510,true],"ezd_searrch_thumb16x16":["https:\/\/municipalidaddenebaj.com\/wp-content\/uploads\/2024\/04\/438087667_830238519133610_7920001629189944605_n.jpg",16,16,false],"ezd_searrch_thumb50x50":["https:\/\/municipalidaddenebaj.com\/wp-content\/uploads\/2024\/04\/438087667_830238519133610_7920001629189944605_n.jpg",50,50,false],"1536x1536":["https:\/\/municipalidaddenebaj.com\/wp-content\/uploads\/2024\/04\/438087667_830238519133610_7920001629189944605_n.jpg",1080,1080,false],"2048x2048":["https:\/\/municipalidaddenebaj.com\/wp-content\/uploads\/2024\/04\/438087667_830238519133610_7920001629189944605_n.jpg",1080,1080,false],"covernews-featured":["https:\/\/municipalidaddenebaj.com\/wp-content\/uploads\/2024\/04\/438087667_830238519133610_7920001629189944605_n.jpg",1024,1024,false],"covernews-medium":["https:\/\/municipalidaddenebaj.com\/wp-content\/uploads\/2024\/04\/438087667_830238519133610_7920001629189944605_n.jpg",340,340,false],"woocommerce_thumbnail":["https:\/\/municipalidaddenebaj.com\/wp-content\/uploads\/2024\/04\/438087667_830238519133610_7920001629189944605_n-300x300.jpg",300,300,true],"woocommerce_single":["https:\/\/municipalidaddenebaj.com\/wp-content\/uploads\/2024\/04\/438087667_830238519133610_7920001629189944605_n-600x600.jpg",600,600,true],"woocommerce_gallery_thumbnail":["https:\/\/municipalidaddenebaj.com\/wp-content\/uploads\/2024\/04\/438087667_830238519133610_7920001629189944605_n-100x100.jpg",100,100,true]},"author_info":{"display_name":"Editor Editor","author_link":"https:\/\/municipalidaddenebaj.com\/?author=2"},"category_info":"<a href=\"https:\/\/municipalidaddenebaj.com\/?cat=1\" rel=\"category\">Uncategorized<\/a>","tag_info":"Uncategorized","comment_count":"0","_links":{"self":[{"href":"https:\/\/municipalidaddenebaj.com\/index.php?rest_route=\/wp\/v2\/posts\/29299","targetHints":{"allow":["GET"]}}],"collection":[{"href":"https:\/\/municipalidaddenebaj.com\/index.php?rest_route=\/wp\/v2\/posts"}],"about":[{"href":"https:\/\/municipalidaddenebaj.com\/index.php?rest_route=\/wp\/v2\/types\/post"}],"author":[{"embeddable":true,"href":"https:\/\/municipalidaddenebaj.com\/index.php?rest_route=\/wp\/v2\/users\/2"}],"replies":[{"embeddable":true,"href":"https:\/\/municipalidaddenebaj.com\/index.php?rest_route=%2Fwp%2Fv2%2Fcomments&post=29299"}],"version-history":[{"count":0,"href":"https:\/\/municipalidaddenebaj.com\/index.php?rest_route=\/wp\/v2\/posts\/29299\/revisions"}],"wp:featuredmedia":[{"embeddable":true,"href":"https:\/\/municipalidaddenebaj.com\/index.php?rest_route=\/wp\/v2\/media\/29301"}],"wp:attachment":[{"href":"https:\/\/municipalidaddenebaj.com\/index.php?rest_route=%2Fwp%2Fv2%2Fmedia&parent=29299"}],"wp:term":[{"taxonomy":"category","embeddable":true,"href":"https:\/\/municipalidaddenebaj.com\/index.php?rest_route=%2Fwp%2Fv2%2Fcategories&post=29299"},{"taxonomy":"post_tag","embeddable":true,"href":"https:\/\/municipalidaddenebaj.com\/index.php?rest_route=%2Fwp%2Fv2%2Ftags&post=29299"}],"curies":[{"name":"wp","href":"https:\/\/api.w.org\/{rel}","templated":true}]}}