{"id":29315,"date":"2024-04-26T17:13:05","date_gmt":"2024-04-26T17:13:05","guid":{"rendered":"https:\/\/municipalidaddenebaj.com\/?p=29315"},"modified":"2024-04-26T17:13:07","modified_gmt":"2024-04-26T17:13:07","slug":"entrega-de-materiales-aldea-salquil-grande","status":"publish","type":"post","link":"https:\/\/municipalidaddenebaj.com\/?p=29315","title":{"rendered":"ENTREGA DE MATERIALES ALDEA SALQUIL GRANDE"},"content":{"rendered":"\n<h3 class=\"wp-block-heading\"><mark style=\"background-color:rgba(0, 0, 0, 0)\" class=\"has-inline-color has-black-color\">Por Gestiones del se\u00f1or Alcalde Municipal <a href=\"https:\/\/www.facebook.com\/profile.php?id=100065359905403&amp;__cft__[0]=AZVX9aqFZGEsGMa9DWn4bknf0cT3Vadq2go3BlHTnpmzU-9bGZYt4YQo6VSnW7K8rfnRkD9rqN_ur5XBJN2dUmYdKTEIg8lvF0IYxUaYoo9zSKAHc2jesVbC1JA5JGIN1gj6pD-LcfTUAjVKESmc1wJz6r-IpmdamWlKdzSGJ2wc0z3Zs5Yl45LZ4YJopTl5-6hLqCRb5K62tUo3gCpMQtcf&amp;__tn__=-]K-R\">Ram\u00f3n Raymundo<\/a> y honorable concejo, se entreg\u00f3 apoyo de materiales de construcci\u00f3n y tuberias, para la ampliaci\u00f3n del sistema de alcantarillado sanitario de la aldea salquil grande previo al arribo del asfaldo de Nebaj a salquil grande.<\/mark><\/h3>\n\n\n\n<h2 class=\"wp-block-heading\"><a href=\"https:\/\/www.facebook.com\/hashtag\/construyendofuturo?__eep__=6&amp;__cft__[0]=AZVX9aqFZGEsGMa9DWn4bknf0cT3Vadq2go3BlHTnpmzU-9bGZYt4YQo6VSnW7K8rfnRkD9rqN_ur5XBJN2dUmYdKTEIg8lvF0IYxUaYoo9zSKAHc2jesVbC1JA5JGIN1gj6pD-LcfTUAjVKESmc1wJz6r-IpmdamWlKdzSGJ2wc0z3Zs5Yl45LZ4YJopTl5-6hLqCRb5K62tUo3gCpMQtcf&amp;__tn__=*NK-R\">#ConstruyendoFuturo<\/a><a href=\"https:\/\/www.facebook.com\/hashtag\/pornebaj?__eep__=6&amp;__cft__[0]=AZVX9aqFZGEsGMa9DWn4bknf0cT3Vadq2go3BlHTnpmzU-9bGZYt4YQo6VSnW7K8rfnRkD9rqN_ur5XBJN2dUmYdKTEIg8lvF0IYxUaYoo9zSKAHc2jesVbC1JA5JGIN1gj6pD-LcfTUAjVKESmc1wJz6r-IpmdamWlKdzSGJ2wc0z3Zs5Yl45LZ4YJopTl5-6hLqCRb5K62tUo3gCpMQtcf&amp;__tn__=*NK-R\">#PorNebaj<\/a><\/h2>\n\n\n\n<iframe src=\"https:\/\/www.facebook.com\/plugins\/post.php?href=https%3A%2F%2Fwww.facebook.com%2Fphoto.php%3Ffbid%3D830286065795522%26set%3Da.359717012852432%26type%3D3&#038;show_text=true&#038;width=980&#038;is_preview=true\" width=\"980\" height=\"980\" style=\"border:none;overflow:hidden\" scrolling=\"no\" frameborder=\"0\" allowfullscreen=\"true\" allow=\"autoplay; clipboard-write; encrypted-media; picture-in-picture; web-share\"><\/iframe>\n\n\n\n<figure class=\"wp-block-image size-full is-resized\"><img  title=\"\" decoding=\"async\" src=\"https:\/\/municipalidaddenebaj.com\/wp-content\/uploads\/2024\/04\/image-92.png\"  alt=\"image-92 ENTREGA DE MATERIALES ALDEA SALQUIL GRANDE\"  class=\"wp-image-29316\" style=\"width:1450px;height:auto\"\/><\/figure>\n","protected":false},"excerpt":{"rendered":"<p>Por Gestiones del se\u00f1or Alcalde Municipal Ram\u00f3n Raymundo y honorable concejo, se entreg\u00f3 apoyo de&#8230;<\/p>\n","protected":false},"author":2,"featured_media":29317,"comment_status":"open","ping_status":"open","sticky":false,"template":"","format":"standard","meta":{"_eb_attr":"","_monsterinsights_skip_tracking":false,"_monsterinsights_sitenote_active":false,"_monsterinsights_sitenote_note":"","_monsterinsights_sitenote_category":0,"footnotes":""},"categories":[1],"tags":[],"class_list":["post-29315","post","type-post","status-publish","format-standard","has-post-thumbnail","hentry","category-uncategorized"],"featured_image_urls":{"full":["https:\/\/municipalidaddenebaj.com\/wp-content\/uploads\/2024\/04\/438082068_830286429128819_4965627556635472829_n.jpg",1600,1200,false],"thumbnail":["https:\/\/municipalidaddenebaj.com\/wp-content\/uploads\/2024\/04\/438082068_830286429128819_4965627556635472829_n-161x161.jpg",161,161,true],"medium":["https:\/\/municipalidaddenebaj.com\/wp-content\/uploads\/2024\/04\/438082068_830286429128819_4965627556635472829_n-350x263.jpg",350,263,true],"medium_large":["https:\/\/municipalidaddenebaj.com\/wp-content\/uploads\/2024\/04\/438082068_830286429128819_4965627556635472829_n-768x576.jpg",640,480,true],"large":["https:\/\/municipalidaddenebaj.com\/wp-content\/uploads\/2024\/04\/438082068_830286429128819_4965627556635472829_n-1024x768.jpg",510,383,true],"ezd_searrch_thumb16x16":["https:\/\/municipalidaddenebaj.com\/wp-content\/uploads\/2024\/04\/438082068_830286429128819_4965627556635472829_n.jpg",16,12,false],"ezd_searrch_thumb50x50":["https:\/\/municipalidaddenebaj.com\/wp-content\/uploads\/2024\/04\/438082068_830286429128819_4965627556635472829_n.jpg",50,38,false],"1536x1536":["https:\/\/municipalidaddenebaj.com\/wp-content\/uploads\/2024\/04\/438082068_830286429128819_4965627556635472829_n-1536x1152.jpg",1536,1152,true],"2048x2048":["https:\/\/municipalidaddenebaj.com\/wp-content\/uploads\/2024\/04\/438082068_830286429128819_4965627556635472829_n.jpg",1600,1200,false],"covernews-featured":["https:\/\/municipalidaddenebaj.com\/wp-content\/uploads\/2024\/04\/438082068_830286429128819_4965627556635472829_n.jpg",1024,768,false],"covernews-medium":["https:\/\/municipalidaddenebaj.com\/wp-content\/uploads\/2024\/04\/438082068_830286429128819_4965627556635472829_n.jpg",453,340,false],"woocommerce_thumbnail":["https:\/\/municipalidaddenebaj.com\/wp-content\/uploads\/2024\/04\/438082068_830286429128819_4965627556635472829_n-300x300.jpg",300,300,true],"woocommerce_single":["https:\/\/municipalidaddenebaj.com\/wp-content\/uploads\/2024\/04\/438082068_830286429128819_4965627556635472829_n-600x450.jpg",600,450,true],"woocommerce_gallery_thumbnail":["https:\/\/municipalidaddenebaj.com\/wp-content\/uploads\/2024\/04\/438082068_830286429128819_4965627556635472829_n-100x100.jpg",100,100,true]},"author_info":{"display_name":"Editor Editor","author_link":"https:\/\/municipalidaddenebaj.com\/?author=2"},"category_info":"<a href=\"https:\/\/municipalidaddenebaj.com\/?cat=1\" rel=\"category\">Uncategorized<\/a>","tag_info":"Uncategorized","comment_count":"0","_links":{"self":[{"href":"https:\/\/municipalidaddenebaj.com\/index.php?rest_route=\/wp\/v2\/posts\/29315","targetHints":{"allow":["GET"]}}],"collection":[{"href":"https:\/\/municipalidaddenebaj.com\/index.php?rest_route=\/wp\/v2\/posts"}],"about":[{"href":"https:\/\/municipalidaddenebaj.com\/index.php?rest_route=\/wp\/v2\/types\/post"}],"author":[{"embeddable":true,"href":"https:\/\/municipalidaddenebaj.com\/index.php?rest_route=\/wp\/v2\/users\/2"}],"replies":[{"embeddable":true,"href":"https:\/\/municipalidaddenebaj.com\/index.php?rest_route=%2Fwp%2Fv2%2Fcomments&post=29315"}],"version-history":[{"count":0,"href":"https:\/\/municipalidaddenebaj.com\/index.php?rest_route=\/wp\/v2\/posts\/29315\/revisions"}],"wp:featuredmedia":[{"embeddable":true,"href":"https:\/\/municipalidaddenebaj.com\/index.php?rest_route=\/wp\/v2\/media\/29317"}],"wp:attachment":[{"href":"https:\/\/municipalidaddenebaj.com\/index.php?rest_route=%2Fwp%2Fv2%2Fmedia&parent=29315"}],"wp:term":[{"taxonomy":"category","embeddable":true,"href":"https:\/\/municipalidaddenebaj.com\/index.php?rest_route=%2Fwp%2Fv2%2Fcategories&post=29315"},{"taxonomy":"post_tag","embeddable":true,"href":"https:\/\/municipalidaddenebaj.com\/index.php?rest_route=%2Fwp%2Fv2%2Ftags&post=29315"}],"curies":[{"name":"wp","href":"https:\/\/api.w.org\/{rel}","templated":true}]}}