{"id":29352,"date":"2024-04-29T15:33:29","date_gmt":"2024-04-29T15:33:29","guid":{"rendered":"https:\/\/municipalidaddenebaj.com\/?p=29352"},"modified":"2024-04-29T15:33:30","modified_gmt":"2024-04-29T15:33:30","slug":"encuentros-con-representantes-de-comites-de-salud-comunitarios","status":"publish","type":"post","link":"https:\/\/municipalidaddenebaj.com\/?p=29352","title":{"rendered":"ENCUENTROS  CON REPRESENTANTES  DE COMIT\u00c9S  DE SALUD COMUNITARIOS."},"content":{"rendered":"\n<h3 class=\"wp-block-heading\"><mark style=\"background-color:rgba(0, 0, 0, 0)\" class=\"has-inline-color has-black-color\">La Salud es prioridad para el gobierno municipal y el Alcalde <a href=\"https:\/\/www.facebook.com\/profile.php?id=100065359905403&amp;__cft__[0]=AZWbQY2CLwmDAKS0-oaNNwHPy9jJuiLG9Cv923Ub5rRvYAzHHVBTzDsF9LPx52c1mdkL3igOtut0Uogpm7gLIs0SJ5aivt_uypR2EzAUHngdDP3htlmbe5Sdude0Mb560-AuHyVsnaxZmYllUwBb0qbc2yka5vLe7WAonLEFx8u1keeWljP1P4plmZvW4Def8zFUBPNk2NlqJDqDr-4q5GKH&amp;__tn__=-]K-R\">Ram\u00f3n Raymundo<\/a>,<\/mark><\/h3>\n\n\n\n<h3 class=\"wp-block-heading\"><mark style=\"background-color:rgba(0, 0, 0, 0)\" class=\"has-inline-color has-black-color\">Desde la presidencia de la Comisi\u00f3n de Salud, se realizan encuentros con representantes de los comit\u00e9s comunitarios de salud, para intercambiar informaci\u00f3n sobre la situaci\u00f3n actual y construir alternativas para transformar la realidad <\/mark><img  title=\"\" decoding=\"async\" height=\"16\" width=\"16\" src=\"https:\/\/static.xx.fbcdn.net\/images\/emoji.php\/v9\/te2\/1\/16\/270d.png\"  alt=\"270d ENCUENTROS  CON REPRESENTANTES  DE COMIT\u00c9S  DE SALUD COMUNITARIOS.\" ><\/h3>\n\n\n\n<h3 class=\"wp-block-heading\"><a href=\"https:\/\/www.facebook.com\/hashtag\/construyendofuturo?__eep__=6&amp;__cft__[0]=AZWbQY2CLwmDAKS0-oaNNwHPy9jJuiLG9Cv923Ub5rRvYAzHHVBTzDsF9LPx52c1mdkL3igOtut0Uogpm7gLIs0SJ5aivt_uypR2EzAUHngdDP3htlmbe5Sdude0Mb560-AuHyVsnaxZmYllUwBb0qbc2yka5vLe7WAonLEFx8u1keeWljP1P4plmZvW4Def8zFUBPNk2NlqJDqDr-4q5GKH&amp;__tn__=*NK-R\">#ConstruyendoFuturo<\/a><a href=\"https:\/\/www.facebook.com\/hashtag\/pornebaj?__eep__=6&amp;__cft__[0]=AZWbQY2CLwmDAKS0-oaNNwHPy9jJuiLG9Cv923Ub5rRvYAzHHVBTzDsF9LPx52c1mdkL3igOtut0Uogpm7gLIs0SJ5aivt_uypR2EzAUHngdDP3htlmbe5Sdude0Mb560-AuHyVsnaxZmYllUwBb0qbc2yka5vLe7WAonLEFx8u1keeWljP1P4plmZvW4Def8zFUBPNk2NlqJDqDr-4q5GKH&amp;__tn__=*NK-R\">#PorNebaj<\/a><\/h3>\n\n\n\n<iframe src=\"https:\/\/www.facebook.com\/plugins\/post.php?href=https%3A%2F%2Fwww.facebook.com%2Fphoto.php%3Ffbid%3D831034465720682%26set%3Da.359717012852432%26type%3D3&#038;show_text=true&#038;width=970&#038;is_preview=true\" width=\"970\" height=\"970\" style=\"border:none;overflow:hidden\" scrolling=\"no\" frameborder=\"0\" allowfullscreen=\"true\" allow=\"autoplay; clipboard-write; encrypted-media; picture-in-picture; web-share\"><\/iframe>\n\n\n\n<figure class=\"wp-block-image size-full is-resized\"><img  title=\"\" decoding=\"async\" src=\"https:\/\/municipalidaddenebaj.com\/wp-content\/uploads\/2024\/04\/image-97.png\"  alt=\"image-97 ENCUENTROS  CON REPRESENTANTES  DE COMIT\u00c9S  DE SALUD COMUNITARIOS.\"  class=\"wp-image-29353\" style=\"width:1450px;height:auto\"\/><\/figure>\n","protected":false},"excerpt":{"rendered":"<p>La Salud es prioridad para el gobierno municipal y el Alcalde Ram\u00f3n Raymundo, Desde la&#8230;<\/p>\n","protected":false},"author":2,"featured_media":29354,"comment_status":"open","ping_status":"open","sticky":false,"template":"","format":"standard","meta":{"_eb_attr":"","_monsterinsights_skip_tracking":false,"_monsterinsights_sitenote_active":false,"_monsterinsights_sitenote_note":"","_monsterinsights_sitenote_category":0,"footnotes":""},"categories":[1],"tags":[],"class_list":["post-29352","post","type-post","status-publish","format-standard","has-post-thumbnail","hentry","category-uncategorized"],"featured_image_urls":{"full":["https:\/\/municipalidaddenebaj.com\/wp-content\/uploads\/2024\/04\/438078151_831034939053968_8514639104664677129_n.jpg",1152,864,false],"thumbnail":["https:\/\/municipalidaddenebaj.com\/wp-content\/uploads\/2024\/04\/438078151_831034939053968_8514639104664677129_n-161x161.jpg",161,161,true],"medium":["https:\/\/municipalidaddenebaj.com\/wp-content\/uploads\/2024\/04\/438078151_831034939053968_8514639104664677129_n-350x263.jpg",350,263,true],"medium_large":["https:\/\/municipalidaddenebaj.com\/wp-content\/uploads\/2024\/04\/438078151_831034939053968_8514639104664677129_n-768x576.jpg",640,480,true],"large":["https:\/\/municipalidaddenebaj.com\/wp-content\/uploads\/2024\/04\/438078151_831034939053968_8514639104664677129_n-1024x768.jpg",510,383,true],"ezd_searrch_thumb16x16":["https:\/\/municipalidaddenebaj.com\/wp-content\/uploads\/2024\/04\/438078151_831034939053968_8514639104664677129_n.jpg",16,12,false],"ezd_searrch_thumb50x50":["https:\/\/municipalidaddenebaj.com\/wp-content\/uploads\/2024\/04\/438078151_831034939053968_8514639104664677129_n.jpg",50,38,false],"1536x1536":["https:\/\/municipalidaddenebaj.com\/wp-content\/uploads\/2024\/04\/438078151_831034939053968_8514639104664677129_n.jpg",1152,864,false],"2048x2048":["https:\/\/municipalidaddenebaj.com\/wp-content\/uploads\/2024\/04\/438078151_831034939053968_8514639104664677129_n.jpg",1152,864,false],"covernews-featured":["https:\/\/municipalidaddenebaj.com\/wp-content\/uploads\/2024\/04\/438078151_831034939053968_8514639104664677129_n.jpg",1024,768,false],"covernews-medium":["https:\/\/municipalidaddenebaj.com\/wp-content\/uploads\/2024\/04\/438078151_831034939053968_8514639104664677129_n.jpg",453,340,false],"woocommerce_thumbnail":["https:\/\/municipalidaddenebaj.com\/wp-content\/uploads\/2024\/04\/438078151_831034939053968_8514639104664677129_n-300x300.jpg",300,300,true],"woocommerce_single":["https:\/\/municipalidaddenebaj.com\/wp-content\/uploads\/2024\/04\/438078151_831034939053968_8514639104664677129_n-600x450.jpg",600,450,true],"woocommerce_gallery_thumbnail":["https:\/\/municipalidaddenebaj.com\/wp-content\/uploads\/2024\/04\/438078151_831034939053968_8514639104664677129_n-100x100.jpg",100,100,true]},"author_info":{"display_name":"Editor Editor","author_link":"https:\/\/municipalidaddenebaj.com\/?author=2"},"category_info":"<a href=\"https:\/\/municipalidaddenebaj.com\/?cat=1\" rel=\"category\">Uncategorized<\/a>","tag_info":"Uncategorized","comment_count":"0","_links":{"self":[{"href":"https:\/\/municipalidaddenebaj.com\/index.php?rest_route=\/wp\/v2\/posts\/29352","targetHints":{"allow":["GET"]}}],"collection":[{"href":"https:\/\/municipalidaddenebaj.com\/index.php?rest_route=\/wp\/v2\/posts"}],"about":[{"href":"https:\/\/municipalidaddenebaj.com\/index.php?rest_route=\/wp\/v2\/types\/post"}],"author":[{"embeddable":true,"href":"https:\/\/municipalidaddenebaj.com\/index.php?rest_route=\/wp\/v2\/users\/2"}],"replies":[{"embeddable":true,"href":"https:\/\/municipalidaddenebaj.com\/index.php?rest_route=%2Fwp%2Fv2%2Fcomments&post=29352"}],"version-history":[{"count":0,"href":"https:\/\/municipalidaddenebaj.com\/index.php?rest_route=\/wp\/v2\/posts\/29352\/revisions"}],"wp:featuredmedia":[{"embeddable":true,"href":"https:\/\/municipalidaddenebaj.com\/index.php?rest_route=\/wp\/v2\/media\/29354"}],"wp:attachment":[{"href":"https:\/\/municipalidaddenebaj.com\/index.php?rest_route=%2Fwp%2Fv2%2Fmedia&parent=29352"}],"wp:term":[{"taxonomy":"category","embeddable":true,"href":"https:\/\/municipalidaddenebaj.com\/index.php?rest_route=%2Fwp%2Fv2%2Fcategories&post=29352"},{"taxonomy":"post_tag","embeddable":true,"href":"https:\/\/municipalidaddenebaj.com\/index.php?rest_route=%2Fwp%2Fv2%2Ftags&post=29352"}],"curies":[{"name":"wp","href":"https:\/\/api.w.org\/{rel}","templated":true}]}}