{"id":29621,"date":"2024-05-02T18:48:13","date_gmt":"2024-05-02T18:48:13","guid":{"rendered":"https:\/\/municipalidaddenebaj.com\/?p=29621"},"modified":"2024-05-02T21:43:41","modified_gmt":"2024-05-02T21:43:41","slug":"levantamiento-topografico","status":"publish","type":"post","link":"https:\/\/municipalidaddenebaj.com\/?p=29621","title":{"rendered":"LEVANTAMIENTO TOPOGR\u00c1FICO"},"content":{"rendered":"\n<h3 class=\"wp-block-heading\"><mark style=\"background-color:rgba(0, 0, 0, 0)\" class=\"has-inline-color has-black-color\">La administraci\u00f3n del se\u00f1or Alcalde Municipal, <a href=\"https:\/\/www.facebook.com\/profile.php?id=100065359905403&amp;__cft__[0]=AZU-qxpuh2ncpXozOJHho2dXmb7asY5RpHVdVRiTgiMdhprvTrPpmViYiLbdSqq1GLG9HwLjM04A3ISvI0mwm0LVtyLnfRdxtt0mcq1U6F1Z5BOQjqpkKLv0kdPm6QzpV1Gv8p4zy6KrlkOnXuheSrNmGlvuvcoA7XQsXHc0d8EzPw76DntWKs_FTw_KP12zhk9RjpbEGHNVvK5Cj044-AN7&amp;__tn__=-]K-R\">Ram\u00f3n Raymundo<\/a>, a trav\u00e9s de la Direcci\u00f3n Municipal de Ordenamiento Territorial, en coordinaci\u00f3n con el catedr\u00e1tico Ing. Humberto Rivera Santiago, en el marco de la apertura y la formaci\u00f3n acad\u00e9mica de estudiantes de la Carrera de Ingenier\u00eda en Sistemas de Producci\u00f3n Agr\u00edcola del Centro Universitario de Quich\u00e9, de la Universidad de San Carlos de Guatemala \u2013CUSACQ-, sede municipal de Nebaj, establecieron una Red de Apoyo Catastral, donde realizaron sus pr\u00e1cticas en la instalaci\u00f3n de una red de amarre catastral y el levantamiento topogr\u00e1fico de cuatro predios municipales con equipo de precisi\u00f3n sofisticado<\/mark>.<\/h3>\n\n\n\n<h3 class=\"wp-block-heading\"><a href=\"https:\/\/www.facebook.com\/hashtag\/construyendofuturo?__eep__=6&amp;__cft__[0]=AZU-qxpuh2ncpXozOJHho2dXmb7asY5RpHVdVRiTgiMdhprvTrPpmViYiLbdSqq1GLG9HwLjM04A3ISvI0mwm0LVtyLnfRdxtt0mcq1U6F1Z5BOQjqpkKLv0kdPm6QzpV1Gv8p4zy6KrlkOnXuheSrNmGlvuvcoA7XQsXHc0d8EzPw76DntWKs_FTw_KP12zhk9RjpbEGHNVvK5Cj044-AN7&amp;__tn__=*NK-R\"><mark style=\"background-color:rgba(0, 0, 0, 0);color:#530c0c\" class=\"has-inline-color\">#ConstruyendoFuturo<\/mark><\/a><\/h3>\n\n\n\n<iframe src=\"https:\/\/www.facebook.com\/plugins\/post.php?href=https%3A%2F%2Fwww.facebook.com%2Fphoto.php%3Ffbid%3D834411642049631%26set%3Da.359717012852432%26type%3D3&#038;show_text=true&#038;width=780&#038;is_preview=true\" width=\"780\" height=\"780\" style=\"border:none;overflow:hidden\" scrolling=\"no\" frameborder=\"0\" allowfullscreen=\"true\" allow=\"autoplay; clipboard-write; encrypted-media; picture-in-picture; web-share\"><\/iframe>\n\n\n\n<figure class=\"wp-block-image size-full is-resized\"><img  title=\"\" decoding=\"async\" src=\"https:\/\/municipalidaddenebaj.com\/wp-content\/uploads\/2024\/05\/image-5.png\"  alt=\"image-5 LEVANTAMIENTO TOPOGR\u00c1FICO\"  class=\"wp-image-29622\" style=\"width:1450px;height:auto\"\/><\/figure>\n","protected":false},"excerpt":{"rendered":"<p>La administraci\u00f3n del se\u00f1or Alcalde Municipal, Ram\u00f3n Raymundo, a trav\u00e9s de la Direcci\u00f3n Municipal de&#8230;<\/p>\n","protected":false},"author":2,"featured_media":29671,"comment_status":"open","ping_status":"open","sticky":false,"template":"","format":"standard","meta":{"_eb_attr":"","_monsterinsights_skip_tracking":false,"_monsterinsights_sitenote_active":false,"_monsterinsights_sitenote_note":"","_monsterinsights_sitenote_category":0,"footnotes":""},"categories":[1],"tags":[],"class_list":["post-29621","post","type-post","status-publish","format-standard","has-post-thumbnail","hentry","category-uncategorized"],"featured_image_urls":{"full":["https:\/\/municipalidaddenebaj.com\/wp-content\/uploads\/2024\/05\/438101352_834412172049578_8408318807101936987_n.jpg",1080,1080,false],"thumbnail":["https:\/\/municipalidaddenebaj.com\/wp-content\/uploads\/2024\/05\/438101352_834412172049578_8408318807101936987_n-161x161.jpg",161,161,true],"medium":["https:\/\/municipalidaddenebaj.com\/wp-content\/uploads\/2024\/05\/438101352_834412172049578_8408318807101936987_n-350x350.jpg",350,350,true],"medium_large":["https:\/\/municipalidaddenebaj.com\/wp-content\/uploads\/2024\/05\/438101352_834412172049578_8408318807101936987_n-768x768.jpg",640,640,true],"large":["https:\/\/municipalidaddenebaj.com\/wp-content\/uploads\/2024\/05\/438101352_834412172049578_8408318807101936987_n-1024x1024.jpg",510,510,true],"ezd_searrch_thumb16x16":["https:\/\/municipalidaddenebaj.com\/wp-content\/uploads\/2024\/05\/438101352_834412172049578_8408318807101936987_n.jpg",16,16,false],"ezd_searrch_thumb50x50":["https:\/\/municipalidaddenebaj.com\/wp-content\/uploads\/2024\/05\/438101352_834412172049578_8408318807101936987_n.jpg",50,50,false],"1536x1536":["https:\/\/municipalidaddenebaj.com\/wp-content\/uploads\/2024\/05\/438101352_834412172049578_8408318807101936987_n.jpg",1080,1080,false],"2048x2048":["https:\/\/municipalidaddenebaj.com\/wp-content\/uploads\/2024\/05\/438101352_834412172049578_8408318807101936987_n.jpg",1080,1080,false],"covernews-featured":["https:\/\/municipalidaddenebaj.com\/wp-content\/uploads\/2024\/05\/438101352_834412172049578_8408318807101936987_n.jpg",1024,1024,false],"covernews-medium":["https:\/\/municipalidaddenebaj.com\/wp-content\/uploads\/2024\/05\/438101352_834412172049578_8408318807101936987_n.jpg",340,340,false],"woocommerce_thumbnail":["https:\/\/municipalidaddenebaj.com\/wp-content\/uploads\/2024\/05\/438101352_834412172049578_8408318807101936987_n-300x300.jpg",300,300,true],"woocommerce_single":["https:\/\/municipalidaddenebaj.com\/wp-content\/uploads\/2024\/05\/438101352_834412172049578_8408318807101936987_n-600x600.jpg",600,600,true],"woocommerce_gallery_thumbnail":["https:\/\/municipalidaddenebaj.com\/wp-content\/uploads\/2024\/05\/438101352_834412172049578_8408318807101936987_n-100x100.jpg",100,100,true]},"author_info":{"display_name":"Editor Editor","author_link":"https:\/\/municipalidaddenebaj.com\/?author=2"},"category_info":"<a href=\"https:\/\/municipalidaddenebaj.com\/?cat=1\" rel=\"category\">Uncategorized<\/a>","tag_info":"Uncategorized","comment_count":"0","_links":{"self":[{"href":"https:\/\/municipalidaddenebaj.com\/index.php?rest_route=\/wp\/v2\/posts\/29621","targetHints":{"allow":["GET"]}}],"collection":[{"href":"https:\/\/municipalidaddenebaj.com\/index.php?rest_route=\/wp\/v2\/posts"}],"about":[{"href":"https:\/\/municipalidaddenebaj.com\/index.php?rest_route=\/wp\/v2\/types\/post"}],"author":[{"embeddable":true,"href":"https:\/\/municipalidaddenebaj.com\/index.php?rest_route=\/wp\/v2\/users\/2"}],"replies":[{"embeddable":true,"href":"https:\/\/municipalidaddenebaj.com\/index.php?rest_route=%2Fwp%2Fv2%2Fcomments&post=29621"}],"version-history":[{"count":0,"href":"https:\/\/municipalidaddenebaj.com\/index.php?rest_route=\/wp\/v2\/posts\/29621\/revisions"}],"wp:featuredmedia":[{"embeddable":true,"href":"https:\/\/municipalidaddenebaj.com\/index.php?rest_route=\/wp\/v2\/media\/29671"}],"wp:attachment":[{"href":"https:\/\/municipalidaddenebaj.com\/index.php?rest_route=%2Fwp%2Fv2%2Fmedia&parent=29621"}],"wp:term":[{"taxonomy":"category","embeddable":true,"href":"https:\/\/municipalidaddenebaj.com\/index.php?rest_route=%2Fwp%2Fv2%2Fcategories&post=29621"},{"taxonomy":"post_tag","embeddable":true,"href":"https:\/\/municipalidaddenebaj.com\/index.php?rest_route=%2Fwp%2Fv2%2Ftags&post=29621"}],"curies":[{"name":"wp","href":"https:\/\/api.w.org\/{rel}","templated":true}]}}