{"id":29935,"date":"2024-05-07T22:55:08","date_gmt":"2024-05-07T22:55:08","guid":{"rendered":"https:\/\/municipalidaddenebaj.com\/?p=29935"},"modified":"2024-05-07T22:55:10","modified_gmt":"2024-05-07T22:55:10","slug":"trabajos-de-mejoramiento-red-vial-tu-jolom","status":"publish","type":"post","link":"https:\/\/municipalidaddenebaj.com\/?p=29935","title":{"rendered":"TRABAJOS DE MEJORAMIENTO RED VIAL TU JOLOM"},"content":{"rendered":"\n<h3 class=\"wp-block-heading\">\u00a1Los trabajos contin\u00faan! <img  title=\"\" decoding=\"async\" height=\"16\" width=\"16\"  alt=\"1f69c TRABAJOS DE MEJORAMIENTO RED VIAL TU JOLOM\"  src=\"https:\/\/static.xx.fbcdn.net\/images\/emoji.php\/v9\/t18\/1\/16\/1f69c.png\"><\/h3>\n\n\n\n<h3 class=\"wp-block-heading\"><mark style=\"background-color:rgba(0, 0, 0, 0)\" class=\"has-inline-color has-black-color\">El Alcalde Municipal <a href=\"https:\/\/www.facebook.com\/profile.php?id=100065359905403&amp;__cft__[0]=AZUkmWf7dl2zwlzmmSeFdelQn5VOQyY6JLVeakYCmiH3BWIxKy_opiClpEcJ1ExcHsJvCu_6G1HADk-BaGseKPOBUGcd-Xw7FR_MQA2NdhLsLf9AYJ87Ygl3QNS6AG7NMYGL2fg7UNo4tjoJSgtlucAwUjdQDZoW2qsX6aykbhcJfN73paeB5otQuTRUlh8Sm_xtKMO_tsGEfGFDV94qWnSZ&amp;__tn__=-]K-R\">Ram\u00f3n Raymundo<\/a> y Honorable Concejo Municipal a trav\u00e9s de la Direcci\u00f3n Municipal de Caminos Urbano y Rural -DIMCUR- contin\u00faa con los trabajos de mejoramiento y conservaci\u00f3n de la red vial en la aldea Tu Jolom, en el Municipio de Nebaj, en coordinaci\u00f3n con los l\u00edderes comunitarios de dicha comunidad.<\/mark><\/h3>\n\n\n\n<h3 class=\"wp-block-heading\"><a href=\"https:\/\/www.facebook.com\/hashtag\/construyendofuturo?__eep__=6&amp;__cft__[0]=AZUkmWf7dl2zwlzmmSeFdelQn5VOQyY6JLVeakYCmiH3BWIxKy_opiClpEcJ1ExcHsJvCu_6G1HADk-BaGseKPOBUGcd-Xw7FR_MQA2NdhLsLf9AYJ87Ygl3QNS6AG7NMYGL2fg7UNo4tjoJSgtlucAwUjdQDZoW2qsX6aykbhcJfN73paeB5otQuTRUlh8Sm_xtKMO_tsGEfGFDV94qWnSZ&amp;__tn__=*NK-R\">#ConstruyendoFuturo<\/a><\/h3>\n\n\n\n<h3 class=\"wp-block-heading\"><a href=\"https:\/\/www.facebook.com\/hashtag\/elnuevonebaj?__eep__=6&amp;__cft__[0]=AZUkmWf7dl2zwlzmmSeFdelQn5VOQyY6JLVeakYCmiH3BWIxKy_opiClpEcJ1ExcHsJvCu_6G1HADk-BaGseKPOBUGcd-Xw7FR_MQA2NdhLsLf9AYJ87Ygl3QNS6AG7NMYGL2fg7UNo4tjoJSgtlucAwUjdQDZoW2qsX6aykbhcJfN73paeB5otQuTRUlh8Sm_xtKMO_tsGEfGFDV94qWnSZ&amp;__tn__=*NK-R\">#ElNuevoNebaj<\/a><\/h3>\n\n\n\n<iframe src=\"https:\/\/www.facebook.com\/plugins\/post.php?href=https%3A%2F%2Fwww.facebook.com%2Fphoto.php%3Ffbid%3D837789428378519%26set%3Da.359717012852432%26type%3D3&#038;show_text=true&#038;width=990&#038;is_preview=true\" width=\"990\" height=\"990\" style=\"border:none;overflow:hidden\" scrolling=\"no\" frameborder=\"0\" allowfullscreen=\"true\" allow=\"autoplay; clipboard-write; encrypted-media; picture-in-picture; web-share\"><\/iframe>\n\n\n\n<figure class=\"wp-block-image size-full is-resized\"><img  title=\"\" decoding=\"async\" src=\"https:\/\/municipalidaddenebaj.com\/wp-content\/uploads\/2024\/05\/image-8.png\"  alt=\"image-8 TRABAJOS DE MEJORAMIENTO RED VIAL TU JOLOM\"  class=\"wp-image-29936\" style=\"width:1450px;height:auto\"\/><\/figure>\n","protected":false},"excerpt":{"rendered":"<p>\u00a1Los trabajos contin\u00faan! El Alcalde Municipal Ram\u00f3n Raymundo y Honorable Concejo Municipal a trav\u00e9s de&#8230;<\/p>\n","protected":false},"author":2,"featured_media":29937,"comment_status":"open","ping_status":"open","sticky":false,"template":"","format":"standard","meta":{"_eb_attr":"","_monsterinsights_skip_tracking":false,"_monsterinsights_sitenote_active":false,"_monsterinsights_sitenote_note":"","_monsterinsights_sitenote_category":0,"footnotes":""},"categories":[1],"tags":[],"class_list":["post-29935","post","type-post","status-publish","format-standard","has-post-thumbnail","hentry","category-uncategorized"],"featured_image_urls":{"full":["https:\/\/municipalidaddenebaj.com\/wp-content\/uploads\/2024\/05\/441159750_837790018378460_2833837734636550062_n.jpg",1080,1080,false],"thumbnail":["https:\/\/municipalidaddenebaj.com\/wp-content\/uploads\/2024\/05\/441159750_837790018378460_2833837734636550062_n-161x161.jpg",161,161,true],"medium":["https:\/\/municipalidaddenebaj.com\/wp-content\/uploads\/2024\/05\/441159750_837790018378460_2833837734636550062_n-350x350.jpg",350,350,true],"medium_large":["https:\/\/municipalidaddenebaj.com\/wp-content\/uploads\/2024\/05\/441159750_837790018378460_2833837734636550062_n-768x768.jpg",640,640,true],"large":["https:\/\/municipalidaddenebaj.com\/wp-content\/uploads\/2024\/05\/441159750_837790018378460_2833837734636550062_n-1024x1024.jpg",510,510,true],"ezd_searrch_thumb16x16":["https:\/\/municipalidaddenebaj.com\/wp-content\/uploads\/2024\/05\/441159750_837790018378460_2833837734636550062_n.jpg",16,16,false],"ezd_searrch_thumb50x50":["https:\/\/municipalidaddenebaj.com\/wp-content\/uploads\/2024\/05\/441159750_837790018378460_2833837734636550062_n.jpg",50,50,false],"1536x1536":["https:\/\/municipalidaddenebaj.com\/wp-content\/uploads\/2024\/05\/441159750_837790018378460_2833837734636550062_n.jpg",1080,1080,false],"2048x2048":["https:\/\/municipalidaddenebaj.com\/wp-content\/uploads\/2024\/05\/441159750_837790018378460_2833837734636550062_n.jpg",1080,1080,false],"covernews-featured":["https:\/\/municipalidaddenebaj.com\/wp-content\/uploads\/2024\/05\/441159750_837790018378460_2833837734636550062_n-1024x1024.jpg",1024,1024,true],"covernews-medium":["https:\/\/municipalidaddenebaj.com\/wp-content\/uploads\/2024\/05\/441159750_837790018378460_2833837734636550062_n-540x340.jpg",540,340,true],"woocommerce_thumbnail":["https:\/\/municipalidaddenebaj.com\/wp-content\/uploads\/2024\/05\/441159750_837790018378460_2833837734636550062_n-300x300.jpg",300,300,true],"woocommerce_single":["https:\/\/municipalidaddenebaj.com\/wp-content\/uploads\/2024\/05\/441159750_837790018378460_2833837734636550062_n-600x600.jpg",600,600,true],"woocommerce_gallery_thumbnail":["https:\/\/municipalidaddenebaj.com\/wp-content\/uploads\/2024\/05\/441159750_837790018378460_2833837734636550062_n-100x100.jpg",100,100,true]},"author_info":{"display_name":"Editor Editor","author_link":"https:\/\/municipalidaddenebaj.com\/?author=2"},"category_info":"<a href=\"https:\/\/municipalidaddenebaj.com\/?cat=1\" rel=\"category\">Uncategorized<\/a>","tag_info":"Uncategorized","comment_count":"0","_links":{"self":[{"href":"https:\/\/municipalidaddenebaj.com\/index.php?rest_route=\/wp\/v2\/posts\/29935","targetHints":{"allow":["GET"]}}],"collection":[{"href":"https:\/\/municipalidaddenebaj.com\/index.php?rest_route=\/wp\/v2\/posts"}],"about":[{"href":"https:\/\/municipalidaddenebaj.com\/index.php?rest_route=\/wp\/v2\/types\/post"}],"author":[{"embeddable":true,"href":"https:\/\/municipalidaddenebaj.com\/index.php?rest_route=\/wp\/v2\/users\/2"}],"replies":[{"embeddable":true,"href":"https:\/\/municipalidaddenebaj.com\/index.php?rest_route=%2Fwp%2Fv2%2Fcomments&post=29935"}],"version-history":[{"count":0,"href":"https:\/\/municipalidaddenebaj.com\/index.php?rest_route=\/wp\/v2\/posts\/29935\/revisions"}],"wp:featuredmedia":[{"embeddable":true,"href":"https:\/\/municipalidaddenebaj.com\/index.php?rest_route=\/wp\/v2\/media\/29937"}],"wp:attachment":[{"href":"https:\/\/municipalidaddenebaj.com\/index.php?rest_route=%2Fwp%2Fv2%2Fmedia&parent=29935"}],"wp:term":[{"taxonomy":"category","embeddable":true,"href":"https:\/\/municipalidaddenebaj.com\/index.php?rest_route=%2Fwp%2Fv2%2Fcategories&post=29935"},{"taxonomy":"post_tag","embeddable":true,"href":"https:\/\/municipalidaddenebaj.com\/index.php?rest_route=%2Fwp%2Fv2%2Ftags&post=29935"}],"curies":[{"name":"wp","href":"https:\/\/api.w.org\/{rel}","templated":true}]}}