{"id":30448,"date":"2024-05-09T23:06:23","date_gmt":"2024-05-09T23:06:23","guid":{"rendered":"https:\/\/municipalidaddenebaj.com\/?p=30448"},"modified":"2024-05-09T23:06:25","modified_gmt":"2024-05-09T23:06:25","slug":"seguridad-alimentaria-y-nutricional","status":"publish","type":"post","link":"https:\/\/municipalidaddenebaj.com\/?p=30448","title":{"rendered":"SEGURIDAD ALIMENTARIA  Y NUTRICIONAL."},"content":{"rendered":"\n<h3 class=\"wp-block-heading\"><mark style=\"background-color:rgba(0, 0, 0, 0)\" class=\"has-inline-color has-black-color\">Nuestro municipio AVANZA en la ruta de construir m\u00e1s y mejores condiciones para la Seguridad Alimentaria y Nutricional.<\/mark><\/h3>\n\n\n\n<h3 class=\"wp-block-heading\"><mark style=\"background-color:rgba(0, 0, 0, 0)\" class=\"has-inline-color has-black-color\">El d\u00eda de hoy en el marco de la COMUSAN, se cont\u00f3 con la visita y participaci\u00f3n de la Dra. Mireya Palmieria, secretaria de la<\/mark> <a href=\"https:\/\/www.facebook.com\/Sesangt?__cft__[0]=AZVTeuAKDxkEPY4PJDIPIm9B1QSvlPUx14Nu36kA1T8ejdb9XLKqW66tIccXWJzmHe_Fw5qE8RGIPhWPcqAMpKXsFx1zeAiW0DW3ywvgqLeeDV-U5VpLBApD7Yeoqe3RbVJVGkJawizPmBXuWI2nwVoo8axID4JfyFV4IW5abcS9ogtO-PZTlbC2e5kKIqqFESmISOOsoSS7qUliX7iha0Uf&amp;__tn__=-]K-R\">Secretar\u00eda de Seguridad Alimentaria y Nutricional-SESAN<\/a> <mark style=\"background-color:rgba(0, 0, 0, 0)\" class=\"has-inline-color has-black-color\">c\u00f3mo resultado de las gestiones del se\u00f1or Alcalde Municipal <\/mark><a href=\"https:\/\/www.facebook.com\/profile.php?id=100065359905403&amp;__cft__[0]=AZVTeuAKDxkEPY4PJDIPIm9B1QSvlPUx14Nu36kA1T8ejdb9XLKqW66tIccXWJzmHe_Fw5qE8RGIPhWPcqAMpKXsFx1zeAiW0DW3ywvgqLeeDV-U5VpLBApD7Yeoqe3RbVJVGkJawizPmBXuWI2nwVoo8axID4JfyFV4IW5abcS9ogtO-PZTlbC2e5kKIqqFESmISOOsoSS7qUliX7iha0Uf&amp;__tn__=-]K-R\">Ram\u00f3n Raymundo<\/a>.<\/h3>\n\n\n\n<h3 class=\"wp-block-heading\"><a href=\"https:\/\/www.facebook.com\/hashtag\/pornebaj?__eep__=6&amp;__cft__[0]=AZVTeuAKDxkEPY4PJDIPIm9B1QSvlPUx14Nu36kA1T8ejdb9XLKqW66tIccXWJzmHe_Fw5qE8RGIPhWPcqAMpKXsFx1zeAiW0DW3ywvgqLeeDV-U5VpLBApD7Yeoqe3RbVJVGkJawizPmBXuWI2nwVoo8axID4JfyFV4IW5abcS9ogtO-PZTlbC2e5kKIqqFESmISOOsoSS7qUliX7iha0Uf&amp;__tn__=*NK-R\">#PorNebaj<\/a><\/h3>\n\n\n\n<iframe src=\"https:\/\/www.facebook.com\/plugins\/post.php?href=https%3A%2F%2Fwww.facebook.com%2Fphoto.php%3Ffbid%3D839143308243131%26set%3Da.359717012852432%26type%3D3&#038;show_text=true&#038;width=990&#038;is_preview=true\" width=\"990\" height=\"990\" style=\"border:none;overflow:hidden\" scrolling=\"no\" frameborder=\"0\" allowfullscreen=\"true\" allow=\"autoplay; clipboard-write; encrypted-media; picture-in-picture; web-share\"><\/iframe>\n\n\n\n<figure class=\"wp-block-image size-full is-resized\"><img  title=\"\" decoding=\"async\" src=\"https:\/\/municipalidaddenebaj.com\/wp-content\/uploads\/2024\/05\/image-15.png\"  alt=\"image-15 SEGURIDAD ALIMENTARIA  Y NUTRICIONAL.\"  class=\"wp-image-30449\" style=\"width:1450px;height:auto\"\/><\/figure>\n","protected":false},"excerpt":{"rendered":"<p>Nuestro municipio AVANZA en la ruta de construir m\u00e1s y mejores condiciones para la Seguridad&#8230;<\/p>\n","protected":false},"author":2,"featured_media":30450,"comment_status":"open","ping_status":"open","sticky":false,"template":"","format":"standard","meta":{"_eb_attr":"","_monsterinsights_skip_tracking":false,"_monsterinsights_sitenote_active":false,"_monsterinsights_sitenote_note":"","_monsterinsights_sitenote_category":0,"footnotes":""},"categories":[1],"tags":[],"class_list":["post-30448","post","type-post","status-publish","format-standard","has-post-thumbnail","hentry","category-uncategorized"],"featured_image_urls":{"full":["https:\/\/municipalidaddenebaj.com\/wp-content\/uploads\/2024\/05\/441951779_839143511576444_3198393933672726435_n.jpg",1488,992,false],"thumbnail":["https:\/\/municipalidaddenebaj.com\/wp-content\/uploads\/2024\/05\/441951779_839143511576444_3198393933672726435_n-161x161.jpg",161,161,true],"medium":["https:\/\/municipalidaddenebaj.com\/wp-content\/uploads\/2024\/05\/441951779_839143511576444_3198393933672726435_n-350x233.jpg",350,233,true],"medium_large":["https:\/\/municipalidaddenebaj.com\/wp-content\/uploads\/2024\/05\/441951779_839143511576444_3198393933672726435_n-768x512.jpg",640,427,true],"large":["https:\/\/municipalidaddenebaj.com\/wp-content\/uploads\/2024\/05\/441951779_839143511576444_3198393933672726435_n-1024x683.jpg",510,340,true],"ezd_searrch_thumb16x16":["https:\/\/municipalidaddenebaj.com\/wp-content\/uploads\/2024\/05\/441951779_839143511576444_3198393933672726435_n.jpg",16,11,false],"ezd_searrch_thumb50x50":["https:\/\/municipalidaddenebaj.com\/wp-content\/uploads\/2024\/05\/441951779_839143511576444_3198393933672726435_n.jpg",50,33,false],"1536x1536":["https:\/\/municipalidaddenebaj.com\/wp-content\/uploads\/2024\/05\/441951779_839143511576444_3198393933672726435_n.jpg",1488,992,false],"2048x2048":["https:\/\/municipalidaddenebaj.com\/wp-content\/uploads\/2024\/05\/441951779_839143511576444_3198393933672726435_n.jpg",1488,992,false],"covernews-featured":["https:\/\/municipalidaddenebaj.com\/wp-content\/uploads\/2024\/05\/441951779_839143511576444_3198393933672726435_n-1024x683.jpg",1024,683,true],"covernews-medium":["https:\/\/municipalidaddenebaj.com\/wp-content\/uploads\/2024\/05\/441951779_839143511576444_3198393933672726435_n-540x340.jpg",540,340,true],"woocommerce_thumbnail":["https:\/\/municipalidaddenebaj.com\/wp-content\/uploads\/2024\/05\/441951779_839143511576444_3198393933672726435_n-300x300.jpg",300,300,true],"woocommerce_single":["https:\/\/municipalidaddenebaj.com\/wp-content\/uploads\/2024\/05\/441951779_839143511576444_3198393933672726435_n-600x400.jpg",600,400,true],"woocommerce_gallery_thumbnail":["https:\/\/municipalidaddenebaj.com\/wp-content\/uploads\/2024\/05\/441951779_839143511576444_3198393933672726435_n-100x100.jpg",100,100,true]},"author_info":{"display_name":"Editor Editor","author_link":"https:\/\/municipalidaddenebaj.com\/?author=2"},"category_info":"<a href=\"https:\/\/municipalidaddenebaj.com\/?cat=1\" rel=\"category\">Uncategorized<\/a>","tag_info":"Uncategorized","comment_count":"0","_links":{"self":[{"href":"https:\/\/municipalidaddenebaj.com\/index.php?rest_route=\/wp\/v2\/posts\/30448","targetHints":{"allow":["GET"]}}],"collection":[{"href":"https:\/\/municipalidaddenebaj.com\/index.php?rest_route=\/wp\/v2\/posts"}],"about":[{"href":"https:\/\/municipalidaddenebaj.com\/index.php?rest_route=\/wp\/v2\/types\/post"}],"author":[{"embeddable":true,"href":"https:\/\/municipalidaddenebaj.com\/index.php?rest_route=\/wp\/v2\/users\/2"}],"replies":[{"embeddable":true,"href":"https:\/\/municipalidaddenebaj.com\/index.php?rest_route=%2Fwp%2Fv2%2Fcomments&post=30448"}],"version-history":[{"count":0,"href":"https:\/\/municipalidaddenebaj.com\/index.php?rest_route=\/wp\/v2\/posts\/30448\/revisions"}],"wp:featuredmedia":[{"embeddable":true,"href":"https:\/\/municipalidaddenebaj.com\/index.php?rest_route=\/wp\/v2\/media\/30450"}],"wp:attachment":[{"href":"https:\/\/municipalidaddenebaj.com\/index.php?rest_route=%2Fwp%2Fv2%2Fmedia&parent=30448"}],"wp:term":[{"taxonomy":"category","embeddable":true,"href":"https:\/\/municipalidaddenebaj.com\/index.php?rest_route=%2Fwp%2Fv2%2Fcategories&post=30448"},{"taxonomy":"post_tag","embeddable":true,"href":"https:\/\/municipalidaddenebaj.com\/index.php?rest_route=%2Fwp%2Fv2%2Ftags&post=30448"}],"curies":[{"name":"wp","href":"https:\/\/api.w.org\/{rel}","templated":true}]}}