{"id":30884,"date":"2024-05-15T22:34:35","date_gmt":"2024-05-15T22:34:35","guid":{"rendered":"https:\/\/municipalidaddenebaj.com\/?p=30884"},"modified":"2024-05-15T22:34:37","modified_gmt":"2024-05-15T22:34:37","slug":"capacitacion-con-el-tema-reforestacion","status":"publish","type":"post","link":"https:\/\/municipalidaddenebaj.com\/?p=30884","title":{"rendered":"CAPACITACI\u00d3N  CON EL TEMA \u00abREFORESTACI\u00d3N\u00bb"},"content":{"rendered":"\n<h3 class=\"wp-block-heading\"><mark style=\"background-color:rgba(0, 0, 0, 0)\" class=\"has-inline-color has-black-color\">En el marco de la apertura institucional y el buen gobierno, DIMASEC con el respaldo del Sr. Alcalde <a href=\"https:\/\/www.facebook.com\/profile.php?id=100065359905403&amp;__cft__[0]=AZUtzz1RyFGMMViQ4sGXixe_H5CBTUMKESB10u_KkQSnCZDYy-GQGHw-Gc7k1rm86nzADCs4CSI_viO7iKBpJTGRSrIoI8GMiL2Enwa4kUGuaZRKOq4B0sSOEZlnaGVHkXlITtJDkSiL-MP5VvrlDC859x5ZISJdplmfMOx5nkiElS3sjzcRar502fzoHxoy9uc7bcgtVHj2uQL12oxShbGT&amp;__tn__=-]K-R\">Ram\u00f3n Raymundo<\/a> , se realiza capacitaci\u00f3n con el tema \u00abReforestaci\u00f3n\u00bb junto a estudiantes de la carrera de 6to. Perito Contador en sus secciones \u00abA\u00bb y \u00abB\u00bb del Instituto Mixto Diversificado Ixil IMDI, derivado a los incendios forestales que han prevalicido en el Municipio.<\/mark><\/h3>\n\n\n\n<h3 class=\"wp-block-heading\"><mark style=\"background-color:rgba(0, 0, 0, 0)\" class=\"has-inline-color has-black-color\">As\u00ed mismo incentivando a la poblaci\u00f3n a la reforestaci\u00f3n y cuidado de nuestros bosques.<\/mark><\/h3>\n\n\n\n<h3 class=\"wp-block-heading\"><a href=\"https:\/\/www.facebook.com\/hashtag\/construyendofuturo?__eep__=6&amp;__cft__[0]=AZUtzz1RyFGMMViQ4sGXixe_H5CBTUMKESB10u_KkQSnCZDYy-GQGHw-Gc7k1rm86nzADCs4CSI_viO7iKBpJTGRSrIoI8GMiL2Enwa4kUGuaZRKOq4B0sSOEZlnaGVHkXlITtJDkSiL-MP5VvrlDC859x5ZISJdplmfMOx5nkiElS3sjzcRar502fzoHxoy9uc7bcgtVHj2uQL12oxShbGT&amp;__tn__=*NK-R\">#ConstruyendoFuturo<\/a><\/h3>\n\n\n\n<iframe src=\"https:\/\/www.facebook.com\/plugins\/post.php?href=https%3A%2F%2Fwww.facebook.com%2Fphoto.php%3Ffbid%3D842878137869648%26set%3Da.359717012852432%26type%3D3&#038;show_text=true&#038;width=990&#038;is_preview=true\" width=\"990\" height=\"990\" style=\"border:none;overflow:hidden\" scrolling=\"no\" frameborder=\"0\" allowfullscreen=\"true\" allow=\"autoplay; clipboard-write; encrypted-media; picture-in-picture; web-share\"><\/iframe>\n\n\n\n<figure class=\"wp-block-image size-full is-resized\"><img  title=\"\" decoding=\"async\" src=\"https:\/\/municipalidaddenebaj.com\/wp-content\/uploads\/2024\/05\/image-18.png\"  alt=\"image-18 CAPACITACI\u00d3N  CON EL TEMA &quot;REFORESTACI\u00d3N&quot;\"  class=\"wp-image-30885\" style=\"width:1450px;height:auto\"\/><\/figure>\n","protected":false},"excerpt":{"rendered":"<p>En el marco de la apertura institucional y el buen gobierno, DIMASEC con el respaldo&#8230;<\/p>\n","protected":false},"author":2,"featured_media":30886,"comment_status":"open","ping_status":"open","sticky":false,"template":"","format":"standard","meta":{"_eb_attr":"","_monsterinsights_skip_tracking":false,"_monsterinsights_sitenote_active":false,"_monsterinsights_sitenote_note":"","_monsterinsights_sitenote_category":0,"footnotes":""},"categories":[1],"tags":[],"class_list":["post-30884","post","type-post","status-publish","format-standard","has-post-thumbnail","hentry","category-uncategorized"],"featured_image_urls":{"full":["https:\/\/municipalidaddenebaj.com\/wp-content\/uploads\/2024\/05\/441166004_842878501202945_8416960194492221037_n.jpg",1080,1080,false],"thumbnail":["https:\/\/municipalidaddenebaj.com\/wp-content\/uploads\/2024\/05\/441166004_842878501202945_8416960194492221037_n-161x161.jpg",161,161,true],"medium":["https:\/\/municipalidaddenebaj.com\/wp-content\/uploads\/2024\/05\/441166004_842878501202945_8416960194492221037_n-350x350.jpg",350,350,true],"medium_large":["https:\/\/municipalidaddenebaj.com\/wp-content\/uploads\/2024\/05\/441166004_842878501202945_8416960194492221037_n-768x768.jpg",640,640,true],"large":["https:\/\/municipalidaddenebaj.com\/wp-content\/uploads\/2024\/05\/441166004_842878501202945_8416960194492221037_n-1024x1024.jpg",510,510,true],"ezd_searrch_thumb16x16":["https:\/\/municipalidaddenebaj.com\/wp-content\/uploads\/2024\/05\/441166004_842878501202945_8416960194492221037_n.jpg",16,16,false],"ezd_searrch_thumb50x50":["https:\/\/municipalidaddenebaj.com\/wp-content\/uploads\/2024\/05\/441166004_842878501202945_8416960194492221037_n.jpg",50,50,false],"1536x1536":["https:\/\/municipalidaddenebaj.com\/wp-content\/uploads\/2024\/05\/441166004_842878501202945_8416960194492221037_n.jpg",1080,1080,false],"2048x2048":["https:\/\/municipalidaddenebaj.com\/wp-content\/uploads\/2024\/05\/441166004_842878501202945_8416960194492221037_n.jpg",1080,1080,false],"covernews-featured":["https:\/\/municipalidaddenebaj.com\/wp-content\/uploads\/2024\/05\/441166004_842878501202945_8416960194492221037_n-1024x1024.jpg",1024,1024,true],"covernews-medium":["https:\/\/municipalidaddenebaj.com\/wp-content\/uploads\/2024\/05\/441166004_842878501202945_8416960194492221037_n-540x340.jpg",540,340,true],"woocommerce_thumbnail":["https:\/\/municipalidaddenebaj.com\/wp-content\/uploads\/2024\/05\/441166004_842878501202945_8416960194492221037_n-300x300.jpg",300,300,true],"woocommerce_single":["https:\/\/municipalidaddenebaj.com\/wp-content\/uploads\/2024\/05\/441166004_842878501202945_8416960194492221037_n-600x600.jpg",600,600,true],"woocommerce_gallery_thumbnail":["https:\/\/municipalidaddenebaj.com\/wp-content\/uploads\/2024\/05\/441166004_842878501202945_8416960194492221037_n-100x100.jpg",100,100,true]},"author_info":{"display_name":"Editor Editor","author_link":"https:\/\/municipalidaddenebaj.com\/?author=2"},"category_info":"<a href=\"https:\/\/municipalidaddenebaj.com\/?cat=1\" rel=\"category\">Uncategorized<\/a>","tag_info":"Uncategorized","comment_count":"0","_links":{"self":[{"href":"https:\/\/municipalidaddenebaj.com\/index.php?rest_route=\/wp\/v2\/posts\/30884","targetHints":{"allow":["GET"]}}],"collection":[{"href":"https:\/\/municipalidaddenebaj.com\/index.php?rest_route=\/wp\/v2\/posts"}],"about":[{"href":"https:\/\/municipalidaddenebaj.com\/index.php?rest_route=\/wp\/v2\/types\/post"}],"author":[{"embeddable":true,"href":"https:\/\/municipalidaddenebaj.com\/index.php?rest_route=\/wp\/v2\/users\/2"}],"replies":[{"embeddable":true,"href":"https:\/\/municipalidaddenebaj.com\/index.php?rest_route=%2Fwp%2Fv2%2Fcomments&post=30884"}],"version-history":[{"count":0,"href":"https:\/\/municipalidaddenebaj.com\/index.php?rest_route=\/wp\/v2\/posts\/30884\/revisions"}],"wp:featuredmedia":[{"embeddable":true,"href":"https:\/\/municipalidaddenebaj.com\/index.php?rest_route=\/wp\/v2\/media\/30886"}],"wp:attachment":[{"href":"https:\/\/municipalidaddenebaj.com\/index.php?rest_route=%2Fwp%2Fv2%2Fmedia&parent=30884"}],"wp:term":[{"taxonomy":"category","embeddable":true,"href":"https:\/\/municipalidaddenebaj.com\/index.php?rest_route=%2Fwp%2Fv2%2Fcategories&post=30884"},{"taxonomy":"post_tag","embeddable":true,"href":"https:\/\/municipalidaddenebaj.com\/index.php?rest_route=%2Fwp%2Fv2%2Ftags&post=30884"}],"curies":[{"name":"wp","href":"https:\/\/api.w.org\/{rel}","templated":true}]}}