{"id":30899,"date":"2024-05-16T20:03:55","date_gmt":"2024-05-16T20:03:55","guid":{"rendered":"https:\/\/municipalidaddenebaj.com\/?p=30899"},"modified":"2024-05-16T20:03:57","modified_gmt":"2024-05-16T20:03:57","slug":"gastronomia-ixil","status":"publish","type":"post","link":"https:\/\/municipalidaddenebaj.com\/?p=30899","title":{"rendered":"GASTRONOM\u00cdA IXIL."},"content":{"rendered":"\n<h3 class=\"wp-block-heading\"><mark style=\"background-color:rgba(0, 0, 0, 0)\" class=\"has-inline-color has-black-color\">\u00a1Gastronom\u00eda Ixil! <\/mark><img  title=\"\" decoding=\"async\" height=\"16\" width=\"16\" src=\"https:\/\/static.xx.fbcdn.net\/images\/emoji.php\/v9\/tb4\/1\/16\/1f958.png\"  alt=\"1f958 GASTRONOM\u00cdA IXIL.\" ><\/h3>\n\n\n\n<h3 class=\"wp-block-heading\"><mark style=\"background-color:rgba(0, 0, 0, 0)\" class=\"has-inline-color has-black-color\">El Sr. Alcalde Municipal <a href=\"https:\/\/www.facebook.com\/profile.php?id=100065359905403&amp;__cft__[0]=AZUQYp9e-TLxTmjOyMWJwxYdjOU4IXQfcgyQeER5WPH2LsAS0AN00B4d1Ga3v79VTesHWpNy1vWMMQwt-iYMG4TFb0wi4S6FWkZPgEtGlutvvGLcTW9MGSms0CDWwhMi3cxwi_nIB2PCWI7Aul5RKAx5yS1iGnvUb5tXcDb0vr1ICgi33YG4XDfAcUtmpvp9S5KaMmYzOERbluleaTyAO5HK&amp;__tn__=-]K-R\">Ram\u00f3n Raymundo<\/a> y su honorable Concejo Municipal a trav\u00e9s de la Coordinaci\u00f3n para el Fomento del Comercio, Turismo y Cultura bajo la Direcci\u00f3n Municipal de Asuntos Sociales y Econ\u00f3micos -DIMASEC-, realiza la cordial invitaci\u00f3n a participar en la segunda edici\u00f3n de la Feria de Gastronom\u00eda Ixil que se realizar\u00e1 este s\u00e1bado 18 de mayo en el Parque Central de nuestro Municipio.<\/mark><\/h3>\n\n\n\n<h3 class=\"wp-block-heading\"><mark style=\"background-color:rgba(0, 0, 0, 0)\" class=\"has-inline-color has-black-color\">\u00a1Aparte su tiempo y acompa\u00f1enos!<\/mark><\/h3>\n\n\n\n<figure class=\"wp-block-image size-full is-resized\"><img  title=\"\" decoding=\"async\" src=\"https:\/\/municipalidaddenebaj.com\/wp-content\/uploads\/2024\/05\/image-19.png\"  alt=\"image-19 GASTRONOM\u00cdA IXIL.\"  class=\"wp-image-30900\" style=\"width:1450px;height:auto\"\/><\/figure>\n","protected":false},"excerpt":{"rendered":"<p>\u00a1Gastronom\u00eda Ixil! El Sr. Alcalde Municipal Ram\u00f3n Raymundo y su honorable Concejo Municipal a trav\u00e9s&#8230;<\/p>\n","protected":false},"author":2,"featured_media":30901,"comment_status":"open","ping_status":"open","sticky":false,"template":"","format":"standard","meta":{"_eb_attr":"","_monsterinsights_skip_tracking":false,"_monsterinsights_sitenote_active":false,"_monsterinsights_sitenote_note":"","_monsterinsights_sitenote_category":0,"footnotes":""},"categories":[1],"tags":[],"class_list":["post-30899","post","type-post","status-publish","format-standard","has-post-thumbnail","hentry","category-uncategorized"],"featured_image_urls":{"full":["https:\/\/municipalidaddenebaj.com\/wp-content\/uploads\/2024\/05\/443734143_843668851123910_350534191895369527_n.jpg",1080,1400,false],"thumbnail":["https:\/\/municipalidaddenebaj.com\/wp-content\/uploads\/2024\/05\/443734143_843668851123910_350534191895369527_n-161x161.jpg",161,161,true],"medium":["https:\/\/municipalidaddenebaj.com\/wp-content\/uploads\/2024\/05\/443734143_843668851123910_350534191895369527_n-270x350.jpg",270,350,true],"medium_large":["https:\/\/municipalidaddenebaj.com\/wp-content\/uploads\/2024\/05\/443734143_843668851123910_350534191895369527_n-768x996.jpg",640,830,true],"large":["https:\/\/municipalidaddenebaj.com\/wp-content\/uploads\/2024\/05\/443734143_843668851123910_350534191895369527_n-790x1024.jpg",393,510,true],"ezd_searrch_thumb16x16":["https:\/\/municipalidaddenebaj.com\/wp-content\/uploads\/2024\/05\/443734143_843668851123910_350534191895369527_n.jpg",12,16,false],"ezd_searrch_thumb50x50":["https:\/\/municipalidaddenebaj.com\/wp-content\/uploads\/2024\/05\/443734143_843668851123910_350534191895369527_n.jpg",39,50,false],"1536x1536":["https:\/\/municipalidaddenebaj.com\/wp-content\/uploads\/2024\/05\/443734143_843668851123910_350534191895369527_n.jpg",1080,1400,false],"2048x2048":["https:\/\/municipalidaddenebaj.com\/wp-content\/uploads\/2024\/05\/443734143_843668851123910_350534191895369527_n.jpg",1080,1400,false],"covernews-featured":["https:\/\/municipalidaddenebaj.com\/wp-content\/uploads\/2024\/05\/443734143_843668851123910_350534191895369527_n-1024x1327.jpg",1024,1327,true],"covernews-medium":["https:\/\/municipalidaddenebaj.com\/wp-content\/uploads\/2024\/05\/443734143_843668851123910_350534191895369527_n-540x340.jpg",540,340,true],"woocommerce_thumbnail":["https:\/\/municipalidaddenebaj.com\/wp-content\/uploads\/2024\/05\/443734143_843668851123910_350534191895369527_n-300x300.jpg",300,300,true],"woocommerce_single":["https:\/\/municipalidaddenebaj.com\/wp-content\/uploads\/2024\/05\/443734143_843668851123910_350534191895369527_n-600x778.jpg",600,778,true],"woocommerce_gallery_thumbnail":["https:\/\/municipalidaddenebaj.com\/wp-content\/uploads\/2024\/05\/443734143_843668851123910_350534191895369527_n-100x100.jpg",100,100,true]},"author_info":{"display_name":"Editor Editor","author_link":"https:\/\/municipalidaddenebaj.com\/?author=2"},"category_info":"<a href=\"https:\/\/municipalidaddenebaj.com\/?cat=1\" rel=\"category\">Uncategorized<\/a>","tag_info":"Uncategorized","comment_count":"0","_links":{"self":[{"href":"https:\/\/municipalidaddenebaj.com\/index.php?rest_route=\/wp\/v2\/posts\/30899","targetHints":{"allow":["GET"]}}],"collection":[{"href":"https:\/\/municipalidaddenebaj.com\/index.php?rest_route=\/wp\/v2\/posts"}],"about":[{"href":"https:\/\/municipalidaddenebaj.com\/index.php?rest_route=\/wp\/v2\/types\/post"}],"author":[{"embeddable":true,"href":"https:\/\/municipalidaddenebaj.com\/index.php?rest_route=\/wp\/v2\/users\/2"}],"replies":[{"embeddable":true,"href":"https:\/\/municipalidaddenebaj.com\/index.php?rest_route=%2Fwp%2Fv2%2Fcomments&post=30899"}],"version-history":[{"count":0,"href":"https:\/\/municipalidaddenebaj.com\/index.php?rest_route=\/wp\/v2\/posts\/30899\/revisions"}],"wp:featuredmedia":[{"embeddable":true,"href":"https:\/\/municipalidaddenebaj.com\/index.php?rest_route=\/wp\/v2\/media\/30901"}],"wp:attachment":[{"href":"https:\/\/municipalidaddenebaj.com\/index.php?rest_route=%2Fwp%2Fv2%2Fmedia&parent=30899"}],"wp:term":[{"taxonomy":"category","embeddable":true,"href":"https:\/\/municipalidaddenebaj.com\/index.php?rest_route=%2Fwp%2Fv2%2Fcategories&post=30899"},{"taxonomy":"post_tag","embeddable":true,"href":"https:\/\/municipalidaddenebaj.com\/index.php?rest_route=%2Fwp%2Fv2%2Ftags&post=30899"}],"curies":[{"name":"wp","href":"https:\/\/api.w.org\/{rel}","templated":true}]}}