{"id":31089,"date":"2024-05-17T20:56:32","date_gmt":"2024-05-17T20:56:32","guid":{"rendered":"https:\/\/municipalidaddenebaj.com\/?p=31089"},"modified":"2024-05-17T20:57:47","modified_gmt":"2024-05-17T20:57:47","slug":"capacitacion-a-mujeres-de-la-comunidad-de-laj-buta","status":"publish","type":"post","link":"https:\/\/municipalidaddenebaj.com\/?p=31089","title":{"rendered":"CAPACITACI\u00d3N  A MUJERES  DE LA COMUNIDAD DE \u00abLAJ BUTA\u00bb"},"content":{"rendered":"\n<h2 class=\"wp-block-heading\"><mark style=\"background-color:rgba(0, 0, 0, 0)\" class=\"has-inline-color has-black-color\">\u00a1Capacitaci\u00f3n!<\/mark><\/h2>\n\n\n\n<h2 class=\"wp-block-heading\"><mark style=\"background-color:rgba(0, 0, 0, 0)\" class=\"has-inline-color has-black-color\">La Direcci\u00f3n Municipal de la Mujer -DMM- en coordinaci\u00f3n con la Secretar\u00eda contra la Violencia Sexual, Explotaci\u00f3n y Trata de Personas -SVET-, impartieron capacitaci\u00f3n a mujeres de la comunidad de Laj Buta&#8217;; abordando temas como: Violencia Sexual, Explotaci\u00f3n y Trata de Personas, con el proposito de orientar y fortalecer conocimientos para la vida <img  title=\"\" decoding=\"async\" height=\"16\" width=\"16\" src=\"https:\/\/static.xx.fbcdn.net\/images\/emoji.php\/v9\/t64\/1\/16\/1f91d.png\"  alt=\"1f91d CAPACITACI\u00d3N  A MUJERES  DE LA COMUNIDAD DE &quot;LAJ BUTA&quot;\" ><\/mark><\/h2>\n\n\n\n<h2 class=\"wp-block-heading\"><a href=\"https:\/\/www.facebook.com\/hashtag\/construyendofuturo?__eep__=6&amp;__cft__[0]=AZWx-F89K0e7yM-13PpVlPI9wSjhw8dWctkKOjZkI2Wt9doKN38xGlRYNU4Np81Ai1vDALwA1-54EtKCJL15uhrRNJed8IDrBRpeli6UZZP5sdu1hZJT7V7OiJROmW0rPAtBRkqs4qWxw1iJITM_h9LdehP2cLA6z_EDusd_KW1l5uCpD4e1fff_lr8N62whMLdJWp7R_x41b4CMQAs83VW5&amp;__tn__=*NK-R\">#ConstruyendoFuturo<\/a><\/h2>\n\n\n\n<h2 class=\"wp-block-heading\"><a href=\"https:\/\/www.facebook.com\/hashtag\/pornebaj?__eep__=6&amp;__cft__[0]=AZWx-F89K0e7yM-13PpVlPI9wSjhw8dWctkKOjZkI2Wt9doKN38xGlRYNU4Np81Ai1vDALwA1-54EtKCJL15uhrRNJed8IDrBRpeli6UZZP5sdu1hZJT7V7OiJROmW0rPAtBRkqs4qWxw1iJITM_h9LdehP2cLA6z_EDusd_KW1l5uCpD4e1fff_lr8N62whMLdJWp7R_x41b4CMQAs83VW5&amp;__tn__=*NK-R\">#PorNebaj<\/a><\/h2>\n\n\n\n<iframe src=\"https:\/\/www.facebook.com\/plugins\/post.php?href=https%3A%2F%2Fwww.facebook.com%2Fphoto.php%3Ffbid%3D844378371052958%26set%3Da.359717012852432%26type%3D3&#038;show_text=true&#038;width=990&#038;is_preview=true\" width=\"990\" height=\"990\" style=\"border:none;overflow:hidden\" scrolling=\"no\" frameborder=\"0\" allowfullscreen=\"true\" allow=\"autoplay; clipboard-write; encrypted-media; picture-in-picture; web-share\"><\/iframe>\n\n\n\n<figure class=\"wp-block-image size-full is-resized\"><img  title=\"\" decoding=\"async\" src=\"https:\/\/municipalidaddenebaj.com\/wp-content\/uploads\/2024\/05\/image-21.png\"  alt=\"image-21 CAPACITACI\u00d3N  A MUJERES  DE LA COMUNIDAD DE &quot;LAJ BUTA&quot;\"  class=\"wp-image-31090\" style=\"width:1450px;height:auto\"\/><\/figure>\n\n\n\n<p><\/p>\n","protected":false},"excerpt":{"rendered":"<p>\u00a1Capacitaci\u00f3n! La Direcci\u00f3n Municipal de la Mujer -DMM- en coordinaci\u00f3n con la Secretar\u00eda contra la&#8230;<\/p>\n","protected":false},"author":2,"featured_media":31093,"comment_status":"open","ping_status":"open","sticky":false,"template":"","format":"standard","meta":{"_eb_attr":"","_monsterinsights_skip_tracking":false,"_monsterinsights_sitenote_active":false,"_monsterinsights_sitenote_note":"","_monsterinsights_sitenote_category":0,"footnotes":""},"categories":[1],"tags":[],"class_list":["post-31089","post","type-post","status-publish","format-standard","has-post-thumbnail","hentry","category-uncategorized"],"featured_image_urls":{"full":["https:\/\/municipalidaddenebaj.com\/wp-content\/uploads\/2024\/05\/441938337_844378681052927_6151013082405592504_n.jpg",1080,1080,false],"thumbnail":["https:\/\/municipalidaddenebaj.com\/wp-content\/uploads\/2024\/05\/441938337_844378681052927_6151013082405592504_n-161x161.jpg",161,161,true],"medium":["https:\/\/municipalidaddenebaj.com\/wp-content\/uploads\/2024\/05\/441938337_844378681052927_6151013082405592504_n-350x350.jpg",350,350,true],"medium_large":["https:\/\/municipalidaddenebaj.com\/wp-content\/uploads\/2024\/05\/441938337_844378681052927_6151013082405592504_n-768x768.jpg",640,640,true],"large":["https:\/\/municipalidaddenebaj.com\/wp-content\/uploads\/2024\/05\/441938337_844378681052927_6151013082405592504_n-1024x1024.jpg",510,510,true],"ezd_searrch_thumb16x16":["https:\/\/municipalidaddenebaj.com\/wp-content\/uploads\/2024\/05\/441938337_844378681052927_6151013082405592504_n.jpg",16,16,false],"ezd_searrch_thumb50x50":["https:\/\/municipalidaddenebaj.com\/wp-content\/uploads\/2024\/05\/441938337_844378681052927_6151013082405592504_n.jpg",50,50,false],"1536x1536":["https:\/\/municipalidaddenebaj.com\/wp-content\/uploads\/2024\/05\/441938337_844378681052927_6151013082405592504_n.jpg",1080,1080,false],"2048x2048":["https:\/\/municipalidaddenebaj.com\/wp-content\/uploads\/2024\/05\/441938337_844378681052927_6151013082405592504_n.jpg",1080,1080,false],"covernews-featured":["https:\/\/municipalidaddenebaj.com\/wp-content\/uploads\/2024\/05\/441938337_844378681052927_6151013082405592504_n-1024x1024.jpg",1024,1024,true],"covernews-medium":["https:\/\/municipalidaddenebaj.com\/wp-content\/uploads\/2024\/05\/441938337_844378681052927_6151013082405592504_n-540x340.jpg",540,340,true],"woocommerce_thumbnail":["https:\/\/municipalidaddenebaj.com\/wp-content\/uploads\/2024\/05\/441938337_844378681052927_6151013082405592504_n-300x300.jpg",300,300,true],"woocommerce_single":["https:\/\/municipalidaddenebaj.com\/wp-content\/uploads\/2024\/05\/441938337_844378681052927_6151013082405592504_n-600x600.jpg",600,600,true],"woocommerce_gallery_thumbnail":["https:\/\/municipalidaddenebaj.com\/wp-content\/uploads\/2024\/05\/441938337_844378681052927_6151013082405592504_n-100x100.jpg",100,100,true]},"author_info":{"display_name":"Editor Editor","author_link":"https:\/\/municipalidaddenebaj.com\/?author=2"},"category_info":"<a href=\"https:\/\/municipalidaddenebaj.com\/?cat=1\" rel=\"category\">Uncategorized<\/a>","tag_info":"Uncategorized","comment_count":"0","_links":{"self":[{"href":"https:\/\/municipalidaddenebaj.com\/index.php?rest_route=\/wp\/v2\/posts\/31089","targetHints":{"allow":["GET"]}}],"collection":[{"href":"https:\/\/municipalidaddenebaj.com\/index.php?rest_route=\/wp\/v2\/posts"}],"about":[{"href":"https:\/\/municipalidaddenebaj.com\/index.php?rest_route=\/wp\/v2\/types\/post"}],"author":[{"embeddable":true,"href":"https:\/\/municipalidaddenebaj.com\/index.php?rest_route=\/wp\/v2\/users\/2"}],"replies":[{"embeddable":true,"href":"https:\/\/municipalidaddenebaj.com\/index.php?rest_route=%2Fwp%2Fv2%2Fcomments&post=31089"}],"version-history":[{"count":0,"href":"https:\/\/municipalidaddenebaj.com\/index.php?rest_route=\/wp\/v2\/posts\/31089\/revisions"}],"wp:featuredmedia":[{"embeddable":true,"href":"https:\/\/municipalidaddenebaj.com\/index.php?rest_route=\/wp\/v2\/media\/31093"}],"wp:attachment":[{"href":"https:\/\/municipalidaddenebaj.com\/index.php?rest_route=%2Fwp%2Fv2%2Fmedia&parent=31089"}],"wp:term":[{"taxonomy":"category","embeddable":true,"href":"https:\/\/municipalidaddenebaj.com\/index.php?rest_route=%2Fwp%2Fv2%2Fcategories&post=31089"},{"taxonomy":"post_tag","embeddable":true,"href":"https:\/\/municipalidaddenebaj.com\/index.php?rest_route=%2Fwp%2Fv2%2Ftags&post=31089"}],"curies":[{"name":"wp","href":"https:\/\/api.w.org\/{rel}","templated":true}]}}