{"id":31179,"date":"2024-05-20T23:10:33","date_gmt":"2024-05-20T23:10:33","guid":{"rendered":"https:\/\/municipalidaddenebaj.com\/?p=31179"},"modified":"2024-05-20T23:10:35","modified_gmt":"2024-05-20T23:10:35","slug":"feria-de-gastronomia-ixil-2","status":"publish","type":"post","link":"https:\/\/municipalidaddenebaj.com\/?p=31179","title":{"rendered":"FERIA DE GASTRONOM\u00cdA IXIL"},"content":{"rendered":"\n<h3 class=\"wp-block-heading\">\u00a1Feria de Gastronom\u00eda Ixil! <img  title=\"\" decoding=\"async\" height=\"16\" width=\"16\"  alt=\"1f958 FERIA DE GASTRONOM\u00cdA IXIL\"  src=\"https:\/\/static.xx.fbcdn.net\/images\/emoji.php\/v9\/tb4\/1\/16\/1f958.png\"><\/h3>\n\n\n\n<h3 class=\"wp-block-heading\"><mark style=\"background-color:rgba(0, 0, 0, 0)\" class=\"has-inline-color has-black-color\">El se\u00f1or Alcalde Municipal, <a href=\"https:\/\/www.facebook.com\/profile.php?id=100065359905403&amp;__cft__[0]=AZV7TI82XqIge_dUPT99be3QJhN34kz02zAVnVQcRb7qfLeJ5EWV94SBr4v9FflIqed-r29WsKpCm7Zm2-WK90ZLQx1Q3JXo78HWHjXzJWoqjBsiT4S__vJ8jeRanfFk8bbSW3MBsaqBRrjJCrzKDK6VNpZkGaveJs7QhsUmbpCADq69CayxTTeWnznX_e-MX3eLexrp6WVYl49CkdwgCpsx&amp;__tn__=-]K-R\">Ram\u00f3n Raymundo<\/a>, y su Honorable Consejo Municipal, en Coordinaci\u00f3n para el fomento del Comercio, Turismo y Cultura bajo la Direcci\u00f3n Municipal de Asuntos Sociales y Econ\u00f3micos -DIMASEC-, llevaron a cabo la 2da. edici\u00f3n de la Feria de Gastronom\u00eda Ixil.<\/mark><\/h3>\n\n\n\n<h3 class=\"wp-block-heading\"><mark style=\"background-color:rgba(0, 0, 0, 0)\" class=\"has-inline-color has-black-color\">Evento que busca promover nuestra cultura, a tr\u00e1ves de los distintos platillos t\u00edpicos de nuestro municipio.<\/mark><\/h3>\n\n\n\n<h3 class=\"wp-block-heading\"><a href=\"https:\/\/www.facebook.com\/hashtag\/pornebaj?__eep__=6&amp;__cft__[0]=AZV7TI82XqIge_dUPT99be3QJhN34kz02zAVnVQcRb7qfLeJ5EWV94SBr4v9FflIqed-r29WsKpCm7Zm2-WK90ZLQx1Q3JXo78HWHjXzJWoqjBsiT4S__vJ8jeRanfFk8bbSW3MBsaqBRrjJCrzKDK6VNpZkGaveJs7QhsUmbpCADq69CayxTTeWnznX_e-MX3eLexrp6WVYl49CkdwgCpsx&amp;__tn__=*NK-R\">#PorNebaj<\/a><\/h3>\n\n\n\n<h3 class=\"wp-block-heading\"><a href=\"https:\/\/www.facebook.com\/hashtag\/construyendofuturo?__eep__=6&amp;__cft__[0]=AZV7TI82XqIge_dUPT99be3QJhN34kz02zAVnVQcRb7qfLeJ5EWV94SBr4v9FflIqed-r29WsKpCm7Zm2-WK90ZLQx1Q3JXo78HWHjXzJWoqjBsiT4S__vJ8jeRanfFk8bbSW3MBsaqBRrjJCrzKDK6VNpZkGaveJs7QhsUmbpCADq69CayxTTeWnznX_e-MX3eLexrp6WVYl49CkdwgCpsx&amp;__tn__=*NK-R\">#ConstruyendoFuturo<\/a><\/h3>\n\n\n\n<iframe src=\"https:\/\/www.facebook.com\/plugins\/post.php?href=https%3A%2F%2Fwww.facebook.com%2Fphoto.php%3Ffbid%3D846513277506134%26set%3Da.359717012852432%26type%3D3&#038;show_text=true&#038;width=990&#038;is_preview=true\" width=\"990\" height=\"990\" style=\"border:none;overflow:hidden\" scrolling=\"no\" frameborder=\"0\" allowfullscreen=\"true\" allow=\"autoplay; clipboard-write; encrypted-media; picture-in-picture; web-share\"><\/iframe>\n\n\n\n<figure class=\"wp-block-image size-full is-resized\"><img  title=\"\" decoding=\"async\" src=\"https:\/\/municipalidaddenebaj.com\/wp-content\/uploads\/2024\/05\/image-26.png\"  alt=\"image-26 FERIA DE GASTRONOM\u00cdA IXIL\"  class=\"wp-image-31180\" style=\"width:1450px;height:auto\"\/><\/figure>\n","protected":false},"excerpt":{"rendered":"<p>\u00a1Feria de Gastronom\u00eda Ixil! El se\u00f1or Alcalde Municipal, Ram\u00f3n Raymundo, y su Honorable Consejo Municipal,&#8230;<\/p>\n","protected":false},"author":2,"featured_media":0,"comment_status":"open","ping_status":"open","sticky":false,"template":"","format":"standard","meta":{"_eb_attr":"","_monsterinsights_skip_tracking":false,"_monsterinsights_sitenote_active":false,"_monsterinsights_sitenote_note":"","_monsterinsights_sitenote_category":0,"footnotes":""},"categories":[1],"tags":[],"class_list":["post-31179","post","type-post","status-publish","format-standard","hentry","category-uncategorized"],"featured_image_urls":{"full":"","thumbnail":"","medium":"","medium_large":"","large":"","ezd_searrch_thumb16x16":"","ezd_searrch_thumb50x50":"","1536x1536":"","2048x2048":"","covernews-featured":"","covernews-medium":"","woocommerce_thumbnail":"","woocommerce_single":"","woocommerce_gallery_thumbnail":""},"author_info":{"display_name":"Editor Editor","author_link":"https:\/\/municipalidaddenebaj.com\/?author=2"},"category_info":"<a href=\"https:\/\/municipalidaddenebaj.com\/?cat=1\" rel=\"category\">Uncategorized<\/a>","tag_info":"Uncategorized","comment_count":"0","_links":{"self":[{"href":"https:\/\/municipalidaddenebaj.com\/index.php?rest_route=\/wp\/v2\/posts\/31179","targetHints":{"allow":["GET"]}}],"collection":[{"href":"https:\/\/municipalidaddenebaj.com\/index.php?rest_route=\/wp\/v2\/posts"}],"about":[{"href":"https:\/\/municipalidaddenebaj.com\/index.php?rest_route=\/wp\/v2\/types\/post"}],"author":[{"embeddable":true,"href":"https:\/\/municipalidaddenebaj.com\/index.php?rest_route=\/wp\/v2\/users\/2"}],"replies":[{"embeddable":true,"href":"https:\/\/municipalidaddenebaj.com\/index.php?rest_route=%2Fwp%2Fv2%2Fcomments&post=31179"}],"version-history":[{"count":0,"href":"https:\/\/municipalidaddenebaj.com\/index.php?rest_route=\/wp\/v2\/posts\/31179\/revisions"}],"wp:attachment":[{"href":"https:\/\/municipalidaddenebaj.com\/index.php?rest_route=%2Fwp%2Fv2%2Fmedia&parent=31179"}],"wp:term":[{"taxonomy":"category","embeddable":true,"href":"https:\/\/municipalidaddenebaj.com\/index.php?rest_route=%2Fwp%2Fv2%2Fcategories&post=31179"},{"taxonomy":"post_tag","embeddable":true,"href":"https:\/\/municipalidaddenebaj.com\/index.php?rest_route=%2Fwp%2Fv2%2Ftags&post=31179"}],"curies":[{"name":"wp","href":"https:\/\/api.w.org\/{rel}","templated":true}]}}