{"id":31616,"date":"2024-05-23T22:08:32","date_gmt":"2024-05-23T22:08:32","guid":{"rendered":"https:\/\/municipalidaddenebaj.com\/?p=31616"},"modified":"2024-05-23T22:09:24","modified_gmt":"2024-05-23T22:09:24","slug":"jornada-de-limpieza-canton-vatz-jukub","status":"publish","type":"post","link":"https:\/\/municipalidaddenebaj.com\/?p=31616","title":{"rendered":"JORNADA DE LIMPIEZA  CANT\u00d3N VATZ JUK\u00b4UB"},"content":{"rendered":"\n<h2 class=\"wp-block-heading\">\u00a1Jornadas de Limpieza! <img  title=\"\" decoding=\"async\" height=\"16\" width=\"16\"  alt=\"1f9f9 JORNADA DE LIMPIEZA  CANT\u00d3N VATZ JUK\u00b4UB\"  src=\"https:\/\/static.xx.fbcdn.net\/images\/emoji.php\/v9\/ta4\/1\/16\/1f9f9.png\"><\/h2>\n\n\n\n<h2 class=\"wp-block-heading\"><mark style=\"background-color:rgba(0, 0, 0, 0)\" class=\"has-inline-color has-black-color\">Por instrucciones del Sr. Alcalde <a href=\"https:\/\/www.facebook.com\/profile.php?id=100065359905403&amp;__cft__[0]=AZVpEEzI2eLCzBmSO0SjVLqRqzi9b-zY_JF3QoEolxBt2X2fM9Y0yMQcDfw894nzOG4b1CJLn-Ex9NuJTSL4eWOj73iVT2XQyCkycAJ-QxqVSVUhVGz3iWUG_xWTPK5KlRGKcJAev92CEBpW0g7Mi28p5F3vif4NU8fdWI8aoqUAmVqZiIkOy4Oejt2X1BjWyo3GZiSJDpRVz-UeoJ42BBfs&amp;__tn__=-]K-R\">Ram\u00f3n Raymundo<\/a> y su honorable concejo, a tr\u00e1ves de la Direcci\u00f3n Municipal de Servicios P\u00fablicos -DMSP-, se realiza la limpieza y mantenimiento de las instalaciones de la pila p\u00fablica ubicada en el cant\u00f3n Vatz Juk&#8217;ub&#8217; y sus alrededores.<\/mark><\/h2>\n\n\n\n<h2 class=\"wp-block-heading\"><mark style=\"background-color:rgba(0, 0, 0, 0)\" class=\"has-inline-color has-black-color\">Con el prop\u00f3sito que las personas puedan hacer uso de las instalaciones en condiciones aptas y agradables.<\/mark><\/h2>\n\n\n\n<h2 class=\"wp-block-heading\"><a href=\"https:\/\/www.facebook.com\/hashtag\/construyendofuturo?__eep__=6&amp;__cft__[0]=AZVpEEzI2eLCzBmSO0SjVLqRqzi9b-zY_JF3QoEolxBt2X2fM9Y0yMQcDfw894nzOG4b1CJLn-Ex9NuJTSL4eWOj73iVT2XQyCkycAJ-QxqVSVUhVGz3iWUG_xWTPK5KlRGKcJAev92CEBpW0g7Mi28p5F3vif4NU8fdWI8aoqUAmVqZiIkOy4Oejt2X1BjWyo3GZiSJDpRVz-UeoJ42BBfs&amp;__tn__=*NK-R\">#ConstruyendoFuturo<\/a><\/h2>\n\n\n\n<iframe src=\"https:\/\/www.facebook.com\/plugins\/post.php?href=https%3A%2F%2Fwww.facebook.com%2Fphoto.php%3Ffbid%3D848432750647520%26set%3Da.359717012852432%26type%3D3&#038;show_text=true&#038;width=1000&#038;is_preview=true\" width=\"1000\" height=\"890\" style=\"border:none;overflow:hidden\" scrolling=\"no\" frameborder=\"0\" allowfullscreen=\"true\" allow=\"autoplay; clipboard-write; encrypted-media; picture-in-picture; web-share\"><\/iframe>\n\n\n\n<figure class=\"wp-block-image size-full is-resized\"><img  title=\"\" decoding=\"async\" src=\"https:\/\/municipalidaddenebaj.com\/wp-content\/uploads\/2024\/05\/image-37.png\"  alt=\"image-37 JORNADA DE LIMPIEZA  CANT\u00d3N VATZ JUK\u00b4UB\"  class=\"wp-image-31617\" style=\"width:1450px;height:auto\"\/><\/figure>\n\n\n\n<p><\/p>\n","protected":false},"excerpt":{"rendered":"<p>\u00a1Jornadas de Limpieza! Por instrucciones del Sr. Alcalde Ram\u00f3n Raymundo y su honorable concejo, a&#8230;<\/p>\n","protected":false},"author":2,"featured_media":31619,"comment_status":"open","ping_status":"open","sticky":false,"template":"","format":"standard","meta":{"_eb_attr":"","_monsterinsights_skip_tracking":false,"_monsterinsights_sitenote_active":false,"_monsterinsights_sitenote_note":"","_monsterinsights_sitenote_category":0,"footnotes":""},"categories":[1],"tags":[],"class_list":["post-31616","post","type-post","status-publish","format-standard","has-post-thumbnail","hentry","category-uncategorized"],"featured_image_urls":{"full":["https:\/\/municipalidaddenebaj.com\/wp-content\/uploads\/2024\/05\/445066717_848433247314137_4577404335935611278_n.jpg",1080,1080,false],"thumbnail":["https:\/\/municipalidaddenebaj.com\/wp-content\/uploads\/2024\/05\/445066717_848433247314137_4577404335935611278_n-161x161.jpg",161,161,true],"medium":["https:\/\/municipalidaddenebaj.com\/wp-content\/uploads\/2024\/05\/445066717_848433247314137_4577404335935611278_n-350x350.jpg",350,350,true],"medium_large":["https:\/\/municipalidaddenebaj.com\/wp-content\/uploads\/2024\/05\/445066717_848433247314137_4577404335935611278_n-768x768.jpg",640,640,true],"large":["https:\/\/municipalidaddenebaj.com\/wp-content\/uploads\/2024\/05\/445066717_848433247314137_4577404335935611278_n-1024x1024.jpg",510,510,true],"ezd_searrch_thumb16x16":["https:\/\/municipalidaddenebaj.com\/wp-content\/uploads\/2024\/05\/445066717_848433247314137_4577404335935611278_n.jpg",16,16,false],"ezd_searrch_thumb50x50":["https:\/\/municipalidaddenebaj.com\/wp-content\/uploads\/2024\/05\/445066717_848433247314137_4577404335935611278_n.jpg",50,50,false],"1536x1536":["https:\/\/municipalidaddenebaj.com\/wp-content\/uploads\/2024\/05\/445066717_848433247314137_4577404335935611278_n.jpg",1080,1080,false],"2048x2048":["https:\/\/municipalidaddenebaj.com\/wp-content\/uploads\/2024\/05\/445066717_848433247314137_4577404335935611278_n.jpg",1080,1080,false],"covernews-featured":["https:\/\/municipalidaddenebaj.com\/wp-content\/uploads\/2024\/05\/445066717_848433247314137_4577404335935611278_n.jpg",1024,1024,false],"covernews-medium":["https:\/\/municipalidaddenebaj.com\/wp-content\/uploads\/2024\/05\/445066717_848433247314137_4577404335935611278_n.jpg",340,340,false],"woocommerce_thumbnail":["https:\/\/municipalidaddenebaj.com\/wp-content\/uploads\/2024\/05\/445066717_848433247314137_4577404335935611278_n-300x300.jpg",300,300,true],"woocommerce_single":["https:\/\/municipalidaddenebaj.com\/wp-content\/uploads\/2024\/05\/445066717_848433247314137_4577404335935611278_n-600x600.jpg",600,600,true],"woocommerce_gallery_thumbnail":["https:\/\/municipalidaddenebaj.com\/wp-content\/uploads\/2024\/05\/445066717_848433247314137_4577404335935611278_n-100x100.jpg",100,100,true]},"author_info":{"display_name":"Editor Editor","author_link":"https:\/\/municipalidaddenebaj.com\/?author=2"},"category_info":"<a href=\"https:\/\/municipalidaddenebaj.com\/?cat=1\" rel=\"category\">Uncategorized<\/a>","tag_info":"Uncategorized","comment_count":"0","_links":{"self":[{"href":"https:\/\/municipalidaddenebaj.com\/index.php?rest_route=\/wp\/v2\/posts\/31616","targetHints":{"allow":["GET"]}}],"collection":[{"href":"https:\/\/municipalidaddenebaj.com\/index.php?rest_route=\/wp\/v2\/posts"}],"about":[{"href":"https:\/\/municipalidaddenebaj.com\/index.php?rest_route=\/wp\/v2\/types\/post"}],"author":[{"embeddable":true,"href":"https:\/\/municipalidaddenebaj.com\/index.php?rest_route=\/wp\/v2\/users\/2"}],"replies":[{"embeddable":true,"href":"https:\/\/municipalidaddenebaj.com\/index.php?rest_route=%2Fwp%2Fv2%2Fcomments&post=31616"}],"version-history":[{"count":0,"href":"https:\/\/municipalidaddenebaj.com\/index.php?rest_route=\/wp\/v2\/posts\/31616\/revisions"}],"wp:featuredmedia":[{"embeddable":true,"href":"https:\/\/municipalidaddenebaj.com\/index.php?rest_route=\/wp\/v2\/media\/31619"}],"wp:attachment":[{"href":"https:\/\/municipalidaddenebaj.com\/index.php?rest_route=%2Fwp%2Fv2%2Fmedia&parent=31616"}],"wp:term":[{"taxonomy":"category","embeddable":true,"href":"https:\/\/municipalidaddenebaj.com\/index.php?rest_route=%2Fwp%2Fv2%2Fcategories&post=31616"},{"taxonomy":"post_tag","embeddable":true,"href":"https:\/\/municipalidaddenebaj.com\/index.php?rest_route=%2Fwp%2Fv2%2Ftags&post=31616"}],"curies":[{"name":"wp","href":"https:\/\/api.w.org\/{rel}","templated":true}]}}