{"id":31724,"date":"2024-05-27T15:17:31","date_gmt":"2024-05-27T15:17:31","guid":{"rendered":"https:\/\/municipalidaddenebaj.com\/?p=31724"},"modified":"2024-05-27T15:17:32","modified_gmt":"2024-05-27T15:17:32","slug":"huerto-familiar","status":"publish","type":"post","link":"https:\/\/municipalidaddenebaj.com\/?p=31724","title":{"rendered":"HUERTO FAMILIAR."},"content":{"rendered":"\n<h3 class=\"wp-block-heading\">\u00a1Huerto Familiar! <img  title=\"\" decoding=\"async\" height=\"16\" width=\"16\"  alt=\"1f331 HUERTO FAMILIAR.\"  src=\"https:\/\/static.xx.fbcdn.net\/images\/emoji.php\/v9\/t69\/1\/16\/1f331.png\"><\/h3>\n\n\n\n<h3 class=\"wp-block-heading\"><mark style=\"background-color:rgba(0, 0, 0, 0)\" class=\"has-inline-color has-black-color\">Por instrucciones del Sr. Alcalde <a href=\"https:\/\/www.facebook.com\/profile.php?id=100065359905403&amp;__cft__[0]=AZVihtzznXJ9IPj4Uk-A2HJ3A3VX3Jwwuuj4EWxGzQ9g09xb8JU7KFBl6epuSJ2M2ut2DgXm57tNdaMSpqMvn6CG6P2ZOAnEC0fOBxGSXt8rJZ5slIQ5G07d8qQSoFwtEGA1ls0u1Ch6N_LsWJqeZXb14yF1NLy5gxT5qMzSMFq26rpmj9E-tOwEIhxezLt9vBxp7_7uD6pcl3sFK0NHLsAa&amp;__tn__=-]K-R\">Ram\u00f3n Raymundo<\/a> y Honorable Concejo, la Direcci\u00f3n Municipal de la Mujer en coordinaci\u00f3n con MAGA, contin\u00faan con los trabajos de huerto familiar junto a mujeres de la Aldea Tzalbal.<\/mark><\/h3>\n\n\n\n<h3 class=\"wp-block-heading\"><mark style=\"background-color:rgba(0, 0, 0, 0)\" class=\"has-inline-color has-black-color\">Llevaron a cabo una muestra sobre la siembra correcta de \u00e1rboles de \u00abTomate Extranjero\u00bb, para que las mujeres puedan tener el conocimiento adecuado y aplicarlo; as\u00ed mediante la venta de los frutos de dicho \u00e1rbol poder generar ingresos para sus familiares.<\/mark><\/h3>\n\n\n\n<h3 class=\"wp-block-heading\"><mark style=\"background-color:rgba(0, 0, 0, 0)\" class=\"has-inline-color has-black-color\">Acciones que buscan generar oportunidades para mujeres emprendedoras en las distintas comunidades de nuestro bello Municipio.<\/mark><\/h3>\n\n\n\n<h3 class=\"wp-block-heading\"><a href=\"https:\/\/www.facebook.com\/hashtag\/construyendofuturo?__eep__=6&amp;__cft__[0]=AZVihtzznXJ9IPj4Uk-A2HJ3A3VX3Jwwuuj4EWxGzQ9g09xb8JU7KFBl6epuSJ2M2ut2DgXm57tNdaMSpqMvn6CG6P2ZOAnEC0fOBxGSXt8rJZ5slIQ5G07d8qQSoFwtEGA1ls0u1Ch6N_LsWJqeZXb14yF1NLy5gxT5qMzSMFq26rpmj9E-tOwEIhxezLt9vBxp7_7uD6pcl3sFK0NHLsAa&amp;__tn__=*NK-R\">#ConstruyendoFuturo<\/a><\/h3>\n\n\n\n<iframe src=\"https:\/\/www.facebook.com\/plugins\/post.php?href=https%3A%2F%2Fwww.facebook.com%2Fphoto.php%3Ffbid%3D848489477308514%26set%3Da.359717012852432%26type%3D3&#038;show_text=true&#038;width=1000&#038;is_preview=true\" width=\"1000\" height=\"990\" style=\"border:none;overflow:hidden\" scrolling=\"no\" frameborder=\"0\" allowfullscreen=\"true\" allow=\"autoplay; clipboard-write; encrypted-media; picture-in-picture; web-share\"><\/iframe>\n\n\n\n<figure class=\"wp-block-image size-full is-resized\"><img  title=\"\" decoding=\"async\" src=\"https:\/\/municipalidaddenebaj.com\/wp-content\/uploads\/2024\/05\/image-37-1.png\"  alt=\"image-37-1 HUERTO FAMILIAR.\"  class=\"wp-image-31725\" style=\"width:1450px;height:auto\"\/><\/figure>\n","protected":false},"excerpt":{"rendered":"<p>\u00a1Huerto Familiar! Por instrucciones del Sr. Alcalde Ram\u00f3n Raymundo y Honorable Concejo, la Direcci\u00f3n Municipal&#8230;<\/p>\n","protected":false},"author":2,"featured_media":31726,"comment_status":"open","ping_status":"open","sticky":false,"template":"","format":"standard","meta":{"_eb_attr":"","_monsterinsights_skip_tracking":false,"_monsterinsights_sitenote_active":false,"_monsterinsights_sitenote_note":"","_monsterinsights_sitenote_category":0,"footnotes":""},"categories":[1],"tags":[],"class_list":["post-31724","post","type-post","status-publish","format-standard","has-post-thumbnail","hentry","category-uncategorized"],"featured_image_urls":{"full":["https:\/\/municipalidaddenebaj.com\/wp-content\/uploads\/2024\/05\/445166260_848490123975116_2669773733339303331_n.jpg",1080,1080,false],"thumbnail":["https:\/\/municipalidaddenebaj.com\/wp-content\/uploads\/2024\/05\/445166260_848490123975116_2669773733339303331_n-161x161.jpg",161,161,true],"medium":["https:\/\/municipalidaddenebaj.com\/wp-content\/uploads\/2024\/05\/445166260_848490123975116_2669773733339303331_n-350x350.jpg",350,350,true],"medium_large":["https:\/\/municipalidaddenebaj.com\/wp-content\/uploads\/2024\/05\/445166260_848490123975116_2669773733339303331_n-768x768.jpg",640,640,true],"large":["https:\/\/municipalidaddenebaj.com\/wp-content\/uploads\/2024\/05\/445166260_848490123975116_2669773733339303331_n-1024x1024.jpg",510,510,true],"ezd_searrch_thumb16x16":["https:\/\/municipalidaddenebaj.com\/wp-content\/uploads\/2024\/05\/445166260_848490123975116_2669773733339303331_n.jpg",16,16,false],"ezd_searrch_thumb50x50":["https:\/\/municipalidaddenebaj.com\/wp-content\/uploads\/2024\/05\/445166260_848490123975116_2669773733339303331_n.jpg",50,50,false],"1536x1536":["https:\/\/municipalidaddenebaj.com\/wp-content\/uploads\/2024\/05\/445166260_848490123975116_2669773733339303331_n.jpg",1080,1080,false],"2048x2048":["https:\/\/municipalidaddenebaj.com\/wp-content\/uploads\/2024\/05\/445166260_848490123975116_2669773733339303331_n.jpg",1080,1080,false],"covernews-featured":["https:\/\/municipalidaddenebaj.com\/wp-content\/uploads\/2024\/05\/445166260_848490123975116_2669773733339303331_n.jpg",1024,1024,false],"covernews-medium":["https:\/\/municipalidaddenebaj.com\/wp-content\/uploads\/2024\/05\/445166260_848490123975116_2669773733339303331_n.jpg",340,340,false],"woocommerce_thumbnail":["https:\/\/municipalidaddenebaj.com\/wp-content\/uploads\/2024\/05\/445166260_848490123975116_2669773733339303331_n-300x300.jpg",300,300,true],"woocommerce_single":["https:\/\/municipalidaddenebaj.com\/wp-content\/uploads\/2024\/05\/445166260_848490123975116_2669773733339303331_n-600x600.jpg",600,600,true],"woocommerce_gallery_thumbnail":["https:\/\/municipalidaddenebaj.com\/wp-content\/uploads\/2024\/05\/445166260_848490123975116_2669773733339303331_n-100x100.jpg",100,100,true]},"author_info":{"display_name":"Editor Editor","author_link":"https:\/\/municipalidaddenebaj.com\/?author=2"},"category_info":"<a href=\"https:\/\/municipalidaddenebaj.com\/?cat=1\" rel=\"category\">Uncategorized<\/a>","tag_info":"Uncategorized","comment_count":"0","_links":{"self":[{"href":"https:\/\/municipalidaddenebaj.com\/index.php?rest_route=\/wp\/v2\/posts\/31724","targetHints":{"allow":["GET"]}}],"collection":[{"href":"https:\/\/municipalidaddenebaj.com\/index.php?rest_route=\/wp\/v2\/posts"}],"about":[{"href":"https:\/\/municipalidaddenebaj.com\/index.php?rest_route=\/wp\/v2\/types\/post"}],"author":[{"embeddable":true,"href":"https:\/\/municipalidaddenebaj.com\/index.php?rest_route=\/wp\/v2\/users\/2"}],"replies":[{"embeddable":true,"href":"https:\/\/municipalidaddenebaj.com\/index.php?rest_route=%2Fwp%2Fv2%2Fcomments&post=31724"}],"version-history":[{"count":0,"href":"https:\/\/municipalidaddenebaj.com\/index.php?rest_route=\/wp\/v2\/posts\/31724\/revisions"}],"wp:featuredmedia":[{"embeddable":true,"href":"https:\/\/municipalidaddenebaj.com\/index.php?rest_route=\/wp\/v2\/media\/31726"}],"wp:attachment":[{"href":"https:\/\/municipalidaddenebaj.com\/index.php?rest_route=%2Fwp%2Fv2%2Fmedia&parent=31724"}],"wp:term":[{"taxonomy":"category","embeddable":true,"href":"https:\/\/municipalidaddenebaj.com\/index.php?rest_route=%2Fwp%2Fv2%2Fcategories&post=31724"},{"taxonomy":"post_tag","embeddable":true,"href":"https:\/\/municipalidaddenebaj.com\/index.php?rest_route=%2Fwp%2Fv2%2Ftags&post=31724"}],"curies":[{"name":"wp","href":"https:\/\/api.w.org\/{rel}","templated":true}]}}