{"id":31987,"date":"2024-05-31T22:20:02","date_gmt":"2024-05-31T22:20:02","guid":{"rendered":"https:\/\/municipalidaddenebaj.com\/?p=31987"},"modified":"2024-05-31T22:20:03","modified_gmt":"2024-05-31T22:20:03","slug":"entrega-de-13-sillas-de-ruedas","status":"publish","type":"post","link":"https:\/\/municipalidaddenebaj.com\/?p=31987","title":{"rendered":"ENTREGA DE 13 SILLAS DE RUEDAS"},"content":{"rendered":"\n<h3 class=\"wp-block-heading\">Por gestiones del Sr. Alcalde Municipal <a href=\"https:\/\/www.facebook.com\/profile.php?id=100065359905403&amp;__cft__[0]=AZVuyqx_sdSwHc-0z-z4nNtG6RDyfum7RLmFS13MHfPAkOcpAslt6ZvvihoX3StIYvnA6-4yxDSzXA39N1f7oqyGBMPtg8HhtQQCT-UovsF_4FAQ3z5_Sl9ZG4eY0DVReHw_fOKY7KkAmi45G1UX83E8hcQ4bP2qGmgm0nqWburj3Ap59eT7TSHdI4zoLDTnpghdY53W5lJGnPJ6CkTtzFhM&amp;__tn__=-]K-R\">Ram\u00f3n Raymundo<\/a>, la Municipalidad de Nebaj a trav\u00e9s de la Coordinaci\u00f3n del Adulto Mayor y Discapacidad bajo la Direcci\u00f3n de Asuntos Sociales y Econ\u00f3micos -DIMASEC- en coordinaci\u00f3n con Asociaci\u00f3n Transiciones, beneficiaron a 13 personas con sillas de ruedas y 1 persona con muletas.<\/h3>\n\n\n\n<h3 class=\"wp-block-heading\"><a href=\"https:\/\/www.facebook.com\/hashtag\/construyendofuturo?__eep__=6&amp;__cft__[0]=AZVuyqx_sdSwHc-0z-z4nNtG6RDyfum7RLmFS13MHfPAkOcpAslt6ZvvihoX3StIYvnA6-4yxDSzXA39N1f7oqyGBMPtg8HhtQQCT-UovsF_4FAQ3z5_Sl9ZG4eY0DVReHw_fOKY7KkAmi45G1UX83E8hcQ4bP2qGmgm0nqWburj3Ap59eT7TSHdI4zoLDTnpghdY53W5lJGnPJ6CkTtzFhM&amp;__tn__=*NK-R\">#ConstruyendoFuturo<\/a><\/h3>\n\n\n\n<iframe src=\"https:\/\/www.facebook.com\/plugins\/post.php?href=https%3A%2F%2Fwww.facebook.com%2Fphoto.php%3Ffbid%3D853390566818405%26set%3Da.359717016185765%26type%3D3&#038;show_text=true&#038;width=1000&#038;preview=comet_preview\" width=\"1000\" height=\"865\" style=\"border:none;overflow:hidden\" scrolling=\"no\" frameborder=\"0\" allowfullscreen=\"true\" allow=\"autoplay; clipboard-write; encrypted-media; picture-in-picture; web-share\"><\/iframe>\n\n\n\n<figure class=\"wp-block-image size-full is-resized\"><img  title=\"\" decoding=\"async\" src=\"https:\/\/municipalidaddenebaj.com\/wp-content\/uploads\/2024\/05\/image-43.png\"  alt=\"image-43 ENTREGA DE 13 SILLAS DE RUEDAS\"  class=\"wp-image-31988\" style=\"width:1450px;height:auto\"\/><\/figure>\n","protected":false},"excerpt":{"rendered":"<p>Por gestiones del Sr. Alcalde Municipal Ram\u00f3n Raymundo, la Municipalidad de Nebaj a trav\u00e9s de&#8230;<\/p>\n","protected":false},"author":2,"featured_media":31989,"comment_status":"open","ping_status":"open","sticky":false,"template":"","format":"standard","meta":{"_eb_attr":"","_monsterinsights_skip_tracking":false,"_monsterinsights_sitenote_active":false,"_monsterinsights_sitenote_note":"","_monsterinsights_sitenote_category":0,"footnotes":""},"categories":[1],"tags":[],"class_list":["post-31987","post","type-post","status-publish","format-standard","has-post-thumbnail","hentry","category-uncategorized"],"featured_image_urls":{"full":["https:\/\/municipalidaddenebaj.com\/wp-content\/uploads\/2024\/05\/447301906_853390803485048_8124896805500705711_n.jpg",1080,1080,false],"thumbnail":["https:\/\/municipalidaddenebaj.com\/wp-content\/uploads\/2024\/05\/447301906_853390803485048_8124896805500705711_n-161x161.jpg",161,161,true],"medium":["https:\/\/municipalidaddenebaj.com\/wp-content\/uploads\/2024\/05\/447301906_853390803485048_8124896805500705711_n-350x350.jpg",350,350,true],"medium_large":["https:\/\/municipalidaddenebaj.com\/wp-content\/uploads\/2024\/05\/447301906_853390803485048_8124896805500705711_n-768x768.jpg",640,640,true],"large":["https:\/\/municipalidaddenebaj.com\/wp-content\/uploads\/2024\/05\/447301906_853390803485048_8124896805500705711_n-1024x1024.jpg",510,510,true],"ezd_searrch_thumb16x16":["https:\/\/municipalidaddenebaj.com\/wp-content\/uploads\/2024\/05\/447301906_853390803485048_8124896805500705711_n.jpg",16,16,false],"ezd_searrch_thumb50x50":["https:\/\/municipalidaddenebaj.com\/wp-content\/uploads\/2024\/05\/447301906_853390803485048_8124896805500705711_n.jpg",50,50,false],"1536x1536":["https:\/\/municipalidaddenebaj.com\/wp-content\/uploads\/2024\/05\/447301906_853390803485048_8124896805500705711_n.jpg",1080,1080,false],"2048x2048":["https:\/\/municipalidaddenebaj.com\/wp-content\/uploads\/2024\/05\/447301906_853390803485048_8124896805500705711_n.jpg",1080,1080,false],"covernews-featured":["https:\/\/municipalidaddenebaj.com\/wp-content\/uploads\/2024\/05\/447301906_853390803485048_8124896805500705711_n.jpg",1024,1024,false],"covernews-medium":["https:\/\/municipalidaddenebaj.com\/wp-content\/uploads\/2024\/05\/447301906_853390803485048_8124896805500705711_n.jpg",340,340,false],"woocommerce_thumbnail":["https:\/\/municipalidaddenebaj.com\/wp-content\/uploads\/2024\/05\/447301906_853390803485048_8124896805500705711_n-300x300.jpg",300,300,true],"woocommerce_single":["https:\/\/municipalidaddenebaj.com\/wp-content\/uploads\/2024\/05\/447301906_853390803485048_8124896805500705711_n-600x600.jpg",600,600,true],"woocommerce_gallery_thumbnail":["https:\/\/municipalidaddenebaj.com\/wp-content\/uploads\/2024\/05\/447301906_853390803485048_8124896805500705711_n-100x100.jpg",100,100,true]},"author_info":{"display_name":"Editor Editor","author_link":"https:\/\/municipalidaddenebaj.com\/?author=2"},"category_info":"<a href=\"https:\/\/municipalidaddenebaj.com\/?cat=1\" rel=\"category\">Uncategorized<\/a>","tag_info":"Uncategorized","comment_count":"0","_links":{"self":[{"href":"https:\/\/municipalidaddenebaj.com\/index.php?rest_route=\/wp\/v2\/posts\/31987","targetHints":{"allow":["GET"]}}],"collection":[{"href":"https:\/\/municipalidaddenebaj.com\/index.php?rest_route=\/wp\/v2\/posts"}],"about":[{"href":"https:\/\/municipalidaddenebaj.com\/index.php?rest_route=\/wp\/v2\/types\/post"}],"author":[{"embeddable":true,"href":"https:\/\/municipalidaddenebaj.com\/index.php?rest_route=\/wp\/v2\/users\/2"}],"replies":[{"embeddable":true,"href":"https:\/\/municipalidaddenebaj.com\/index.php?rest_route=%2Fwp%2Fv2%2Fcomments&post=31987"}],"version-history":[{"count":0,"href":"https:\/\/municipalidaddenebaj.com\/index.php?rest_route=\/wp\/v2\/posts\/31987\/revisions"}],"wp:featuredmedia":[{"embeddable":true,"href":"https:\/\/municipalidaddenebaj.com\/index.php?rest_route=\/wp\/v2\/media\/31989"}],"wp:attachment":[{"href":"https:\/\/municipalidaddenebaj.com\/index.php?rest_route=%2Fwp%2Fv2%2Fmedia&parent=31987"}],"wp:term":[{"taxonomy":"category","embeddable":true,"href":"https:\/\/municipalidaddenebaj.com\/index.php?rest_route=%2Fwp%2Fv2%2Fcategories&post=31987"},{"taxonomy":"post_tag","embeddable":true,"href":"https:\/\/municipalidaddenebaj.com\/index.php?rest_route=%2Fwp%2Fv2%2Ftags&post=31987"}],"curies":[{"name":"wp","href":"https:\/\/api.w.org\/{rel}","templated":true}]}}