{"id":32014,"date":"2024-06-03T21:15:55","date_gmt":"2024-06-03T21:15:55","guid":{"rendered":"https:\/\/municipalidaddenebaj.com\/?p=32014"},"modified":"2024-06-03T21:15:56","modified_gmt":"2024-06-03T21:15:56","slug":"beneficiando-a-40-familias","status":"publish","type":"post","link":"https:\/\/municipalidaddenebaj.com\/?p=32014","title":{"rendered":"BENEFICIANDO A 40 FAMILIAS"},"content":{"rendered":"\n<h2 class=\"wp-block-heading\">La <a href=\"https:\/\/www.facebook.com\/profile.php?id=100064424092491&amp;__cft__[0]=AZUY4gIvQNXNL1VT4pwfyA3h6kLiS5r9XdYTh-jxGhO2ajHKHWNrjzkfqSew4dHnbZuiyorgGC0nXFWU9eDOpjuBD1xecUX4FNR6K0JPspu6EPfh9hgE5ozM7YUHKPdlq22zmW_6ceJ7Bs8_EUVygXKuP9gARXVmHEf3-ahe_SBa6uIc6yl2cF8sKassB5pNpidXBXsLMeARgEnqHxdB_cKG&amp;__tn__=-]K-R\">Municipalidad de Nebaj<\/a> En el marco de la COMUSAN.<\/h2>\n\n\n\n<h2 class=\"wp-block-heading\"><mark style=\"background-color:rgba(0, 0, 0, 0)\" class=\"has-inline-color has-black-color\">Presidida por la Concejal IV, Mar\u00eda P\u00e9rez Velasco de P\u00e9rez, con respaldo del Sr. Alcalde Municipal, <a href=\"https:\/\/www.facebook.com\/profile.php?id=100065359905403&amp;__cft__[0]=AZUY4gIvQNXNL1VT4pwfyA3h6kLiS5r9XdYTh-jxGhO2ajHKHWNrjzkfqSew4dHnbZuiyorgGC0nXFWU9eDOpjuBD1xecUX4FNR6K0JPspu6EPfh9hgE5ozM7YUHKPdlq22zmW_6ceJ7Bs8_EUVygXKuP9gARXVmHEf3-ahe_SBa6uIc6yl2cF8sKassB5pNpidXBXsLMeARgEnqHxdB_cKG&amp;__tn__=-]K-R\">Ram\u00f3n Raymundo<\/a> y Corporaci\u00f3n Municipal.<\/mark><\/h2>\n\n\n\n<h2 class=\"wp-block-heading\"><mark style=\"background-color:rgba(0, 0, 0, 0)\" class=\"has-inline-color has-black-color\">En coordinaci\u00f3n con la Uni\u00f3n Europea, Unicef, Mides, Maga, Sesan, Fao y Dmm impulsa el proyecto catal\u00edtico Aves de postura en la aldea Antiguo Xonca, realizando entrega de Concentrado, L\u00e1minas y malla, beneficiando a 40 familias, el proyecto tiene como finalidad generar producci\u00f3n de huevos para la venta o consumo de las familias beneficiadas y para mejorar la alimentaci\u00f3n en los ni\u00f1os menores de 5 a\u00f1o que est\u00e1n en desnutrici\u00f3n y mujeres embarazadas.<\/mark><\/h2>\n\n\n\n<h2 class=\"wp-block-heading\"><a href=\"https:\/\/www.facebook.com\/hashtag\/construyendofuturo?__eep__=6&amp;__cft__[0]=AZUY4gIvQNXNL1VT4pwfyA3h6kLiS5r9XdYTh-jxGhO2ajHKHWNrjzkfqSew4dHnbZuiyorgGC0nXFWU9eDOpjuBD1xecUX4FNR6K0JPspu6EPfh9hgE5ozM7YUHKPdlq22zmW_6ceJ7Bs8_EUVygXKuP9gARXVmHEf3-ahe_SBa6uIc6yl2cF8sKassB5pNpidXBXsLMeARgEnqHxdB_cKG&amp;__tn__=*NK-R\">#ConstruyendoFuturo<\/a>.<\/h2>\n\n\n\n<iframe src=\"https:\/\/www.facebook.com\/plugins\/post.php?href=https%3A%2F%2Fwww.facebook.com%2Fphoto.php%3Ffbid%3D855351723288956%26set%3Da.359717012852432%26type%3D3&#038;show_text=true&#038;width=1000&#038;preview=comet_preview\" width=\"1000\" height=\"950\" style=\"border:none;overflow:hidden\" scrolling=\"no\" frameborder=\"0\" allowfullscreen=\"true\" allow=\"autoplay; clipboard-write; encrypted-media; picture-in-picture; web-share\"><\/iframe>\n\n\n\n<figure class=\"wp-block-image size-full is-resized\"><img  title=\"\" decoding=\"async\" src=\"https:\/\/municipalidaddenebaj.com\/wp-content\/uploads\/2024\/06\/image-5.png\"  alt=\"image-5 BENEFICIANDO A 40 FAMILIAS\"  class=\"wp-image-32015\" style=\"width:1450px;height:auto\"\/><\/figure>\n","protected":false},"excerpt":{"rendered":"<p>La Municipalidad de Nebaj En el marco de la COMUSAN. Presidida por la Concejal IV,&#8230;<\/p>\n","protected":false},"author":2,"featured_media":32016,"comment_status":"open","ping_status":"open","sticky":false,"template":"","format":"standard","meta":{"_eb_attr":"","_monsterinsights_skip_tracking":false,"_monsterinsights_sitenote_active":false,"_monsterinsights_sitenote_note":"","_monsterinsights_sitenote_category":0,"footnotes":""},"categories":[1],"tags":[],"class_list":["post-32014","post","type-post","status-publish","format-standard","has-post-thumbnail","hentry","category-uncategorized"],"featured_image_urls":{"full":["https:\/\/municipalidaddenebaj.com\/wp-content\/uploads\/2024\/06\/447052525_855353393288789_2179629681091951274_n.jpg",1080,1080,false],"thumbnail":["https:\/\/municipalidaddenebaj.com\/wp-content\/uploads\/2024\/06\/447052525_855353393288789_2179629681091951274_n-161x161.jpg",161,161,true],"medium":["https:\/\/municipalidaddenebaj.com\/wp-content\/uploads\/2024\/06\/447052525_855353393288789_2179629681091951274_n-350x350.jpg",350,350,true],"medium_large":["https:\/\/municipalidaddenebaj.com\/wp-content\/uploads\/2024\/06\/447052525_855353393288789_2179629681091951274_n-768x768.jpg",640,640,true],"large":["https:\/\/municipalidaddenebaj.com\/wp-content\/uploads\/2024\/06\/447052525_855353393288789_2179629681091951274_n-1024x1024.jpg",510,510,true],"ezd_searrch_thumb16x16":["https:\/\/municipalidaddenebaj.com\/wp-content\/uploads\/2024\/06\/447052525_855353393288789_2179629681091951274_n.jpg",16,16,false],"ezd_searrch_thumb50x50":["https:\/\/municipalidaddenebaj.com\/wp-content\/uploads\/2024\/06\/447052525_855353393288789_2179629681091951274_n.jpg",50,50,false],"1536x1536":["https:\/\/municipalidaddenebaj.com\/wp-content\/uploads\/2024\/06\/447052525_855353393288789_2179629681091951274_n.jpg",1080,1080,false],"2048x2048":["https:\/\/municipalidaddenebaj.com\/wp-content\/uploads\/2024\/06\/447052525_855353393288789_2179629681091951274_n.jpg",1080,1080,false],"covernews-featured":["https:\/\/municipalidaddenebaj.com\/wp-content\/uploads\/2024\/06\/447052525_855353393288789_2179629681091951274_n.jpg",1024,1024,false],"covernews-medium":["https:\/\/municipalidaddenebaj.com\/wp-content\/uploads\/2024\/06\/447052525_855353393288789_2179629681091951274_n.jpg",340,340,false],"woocommerce_thumbnail":["https:\/\/municipalidaddenebaj.com\/wp-content\/uploads\/2024\/06\/447052525_855353393288789_2179629681091951274_n-300x300.jpg",300,300,true],"woocommerce_single":["https:\/\/municipalidaddenebaj.com\/wp-content\/uploads\/2024\/06\/447052525_855353393288789_2179629681091951274_n-600x600.jpg",600,600,true],"woocommerce_gallery_thumbnail":["https:\/\/municipalidaddenebaj.com\/wp-content\/uploads\/2024\/06\/447052525_855353393288789_2179629681091951274_n-100x100.jpg",100,100,true]},"author_info":{"display_name":"Editor Editor","author_link":"https:\/\/municipalidaddenebaj.com\/?author=2"},"category_info":"<a href=\"https:\/\/municipalidaddenebaj.com\/?cat=1\" rel=\"category\">Uncategorized<\/a>","tag_info":"Uncategorized","comment_count":"0","_links":{"self":[{"href":"https:\/\/municipalidaddenebaj.com\/index.php?rest_route=\/wp\/v2\/posts\/32014","targetHints":{"allow":["GET"]}}],"collection":[{"href":"https:\/\/municipalidaddenebaj.com\/index.php?rest_route=\/wp\/v2\/posts"}],"about":[{"href":"https:\/\/municipalidaddenebaj.com\/index.php?rest_route=\/wp\/v2\/types\/post"}],"author":[{"embeddable":true,"href":"https:\/\/municipalidaddenebaj.com\/index.php?rest_route=\/wp\/v2\/users\/2"}],"replies":[{"embeddable":true,"href":"https:\/\/municipalidaddenebaj.com\/index.php?rest_route=%2Fwp%2Fv2%2Fcomments&post=32014"}],"version-history":[{"count":0,"href":"https:\/\/municipalidaddenebaj.com\/index.php?rest_route=\/wp\/v2\/posts\/32014\/revisions"}],"wp:featuredmedia":[{"embeddable":true,"href":"https:\/\/municipalidaddenebaj.com\/index.php?rest_route=\/wp\/v2\/media\/32016"}],"wp:attachment":[{"href":"https:\/\/municipalidaddenebaj.com\/index.php?rest_route=%2Fwp%2Fv2%2Fmedia&parent=32014"}],"wp:term":[{"taxonomy":"category","embeddable":true,"href":"https:\/\/municipalidaddenebaj.com\/index.php?rest_route=%2Fwp%2Fv2%2Fcategories&post=32014"},{"taxonomy":"post_tag","embeddable":true,"href":"https:\/\/municipalidaddenebaj.com\/index.php?rest_route=%2Fwp%2Fv2%2Ftags&post=32014"}],"curies":[{"name":"wp","href":"https:\/\/api.w.org\/{rel}","templated":true}]}}