{"id":32019,"date":"2024-06-03T21:58:45","date_gmt":"2024-06-03T21:58:45","guid":{"rendered":"https:\/\/municipalidaddenebaj.com\/?p=32019"},"modified":"2024-06-03T21:58:47","modified_gmt":"2024-06-03T21:58:47","slug":"encuentro-sobre-el-valor-de-la-vida","status":"publish","type":"post","link":"https:\/\/municipalidaddenebaj.com\/?p=32019","title":{"rendered":"ENCUENTRO SOBRE EL VALOR DE LA VIDA"},"content":{"rendered":"\n<h2 class=\"wp-block-heading\"><mark style=\"background-color:rgba(0, 0, 0, 0)\" class=\"has-inline-color has-black-color\">La <a href=\"https:\/\/www.facebook.com\/profile.php?id=100064424092491&amp;__cft__[0]=AZU4PLLOb5yjTURj-Kl9MlnwfEc8bn9UmV3qViDrtf-SrzOetjTRSxr4WHS1QiFSVCg8CQwPFvADQDNkvKr-EQXLBgdSx71k3jjfwQsOwXVv3UAVPtAxefHkD-OB9Jubln14GpIJ064dBYUmNYLd6UsQK69ihXgR2BIs9LkPXUqN2O0ciQjCWPHVcmEXQpysqaIe0x7z73YtrnkTQk8fdUFv&amp;__tn__=-]K-R\">Municipalidad de Nebaj<\/a> a trav\u00e9s de la Direcci\u00f3n Municipal de la Ni\u00f1ez, Adolescencia y Juventud -DIMUNAJ- realiz\u00f3 un encuentro sobre EL VALOR DE LA VIDA con representativas de diferentes comunidades educativas para fortalecer los espacios de Participaci\u00f3n Ciudadana de la Juventud Ixil, con la Coordinaci\u00f3n de Espacios Amigables.<\/mark><\/h2>\n\n\n\n<h2 class=\"wp-block-heading\"><a href=\"https:\/\/www.facebook.com\/hashtag\/pornebaj?__eep__=6&amp;__cft__[0]=AZU4PLLOb5yjTURj-Kl9MlnwfEc8bn9UmV3qViDrtf-SrzOetjTRSxr4WHS1QiFSVCg8CQwPFvADQDNkvKr-EQXLBgdSx71k3jjfwQsOwXVv3UAVPtAxefHkD-OB9Jubln14GpIJ064dBYUmNYLd6UsQK69ihXgR2BIs9LkPXUqN2O0ciQjCWPHVcmEXQpysqaIe0x7z73YtrnkTQk8fdUFv&amp;__tn__=*NK-R\">#PorNebaj<\/a><\/h2>\n\n\n\n<iframe src=\"https:\/\/www.facebook.com\/plugins\/post.php?href=https%3A%2F%2Fwww.facebook.com%2Fphoto.php%3Ffbid%3D855436773280451%26set%3Da.359717012852432%26type%3D3&#038;show_text=true&#038;width=1000&#038;preview=comet_preview\" width=\"1000\" height=\"915\" style=\"border:none;overflow:hidden\" scrolling=\"no\" frameborder=\"0\" allowfullscreen=\"true\" allow=\"autoplay; clipboard-write; encrypted-media; picture-in-picture; web-share\"><\/iframe>\n\n\n\n<figure class=\"wp-block-image size-full is-resized\"><img  title=\"\" decoding=\"async\" src=\"https:\/\/municipalidaddenebaj.com\/wp-content\/uploads\/2024\/06\/image-6.png\"  alt=\"image-6 ENCUENTRO SOBRE EL VALOR DE LA VIDA\"  class=\"wp-image-32020\" style=\"width:1450px;height:auto\"\/><\/figure>\n","protected":false},"excerpt":{"rendered":"<p>La Municipalidad de Nebaj a trav\u00e9s de la Direcci\u00f3n Municipal de la Ni\u00f1ez, Adolescencia y&#8230;<\/p>\n","protected":false},"author":2,"featured_media":32021,"comment_status":"open","ping_status":"open","sticky":false,"template":"","format":"standard","meta":{"_eb_attr":"","_monsterinsights_skip_tracking":false,"_monsterinsights_sitenote_active":false,"_monsterinsights_sitenote_note":"","_monsterinsights_sitenote_category":0,"footnotes":""},"categories":[1],"tags":[],"class_list":["post-32019","post","type-post","status-publish","format-standard","has-post-thumbnail","hentry","category-uncategorized"],"featured_image_urls":{"full":["https:\/\/municipalidaddenebaj.com\/wp-content\/uploads\/2024\/06\/447257642_855437466613715_5438098524138591535_n.jpg",1080,1080,false],"thumbnail":["https:\/\/municipalidaddenebaj.com\/wp-content\/uploads\/2024\/06\/447257642_855437466613715_5438098524138591535_n-161x161.jpg",161,161,true],"medium":["https:\/\/municipalidaddenebaj.com\/wp-content\/uploads\/2024\/06\/447257642_855437466613715_5438098524138591535_n-350x350.jpg",350,350,true],"medium_large":["https:\/\/municipalidaddenebaj.com\/wp-content\/uploads\/2024\/06\/447257642_855437466613715_5438098524138591535_n-768x768.jpg",640,640,true],"large":["https:\/\/municipalidaddenebaj.com\/wp-content\/uploads\/2024\/06\/447257642_855437466613715_5438098524138591535_n-1024x1024.jpg",510,510,true],"ezd_searrch_thumb16x16":["https:\/\/municipalidaddenebaj.com\/wp-content\/uploads\/2024\/06\/447257642_855437466613715_5438098524138591535_n.jpg",16,16,false],"ezd_searrch_thumb50x50":["https:\/\/municipalidaddenebaj.com\/wp-content\/uploads\/2024\/06\/447257642_855437466613715_5438098524138591535_n.jpg",50,50,false],"1536x1536":["https:\/\/municipalidaddenebaj.com\/wp-content\/uploads\/2024\/06\/447257642_855437466613715_5438098524138591535_n.jpg",1080,1080,false],"2048x2048":["https:\/\/municipalidaddenebaj.com\/wp-content\/uploads\/2024\/06\/447257642_855437466613715_5438098524138591535_n.jpg",1080,1080,false],"covernews-featured":["https:\/\/municipalidaddenebaj.com\/wp-content\/uploads\/2024\/06\/447257642_855437466613715_5438098524138591535_n.jpg",1024,1024,false],"covernews-medium":["https:\/\/municipalidaddenebaj.com\/wp-content\/uploads\/2024\/06\/447257642_855437466613715_5438098524138591535_n.jpg",340,340,false],"woocommerce_thumbnail":["https:\/\/municipalidaddenebaj.com\/wp-content\/uploads\/2024\/06\/447257642_855437466613715_5438098524138591535_n-300x300.jpg",300,300,true],"woocommerce_single":["https:\/\/municipalidaddenebaj.com\/wp-content\/uploads\/2024\/06\/447257642_855437466613715_5438098524138591535_n-600x600.jpg",600,600,true],"woocommerce_gallery_thumbnail":["https:\/\/municipalidaddenebaj.com\/wp-content\/uploads\/2024\/06\/447257642_855437466613715_5438098524138591535_n-100x100.jpg",100,100,true]},"author_info":{"display_name":"Editor Editor","author_link":"https:\/\/municipalidaddenebaj.com\/?author=2"},"category_info":"<a href=\"https:\/\/municipalidaddenebaj.com\/?cat=1\" rel=\"category\">Uncategorized<\/a>","tag_info":"Uncategorized","comment_count":"0","_links":{"self":[{"href":"https:\/\/municipalidaddenebaj.com\/index.php?rest_route=\/wp\/v2\/posts\/32019","targetHints":{"allow":["GET"]}}],"collection":[{"href":"https:\/\/municipalidaddenebaj.com\/index.php?rest_route=\/wp\/v2\/posts"}],"about":[{"href":"https:\/\/municipalidaddenebaj.com\/index.php?rest_route=\/wp\/v2\/types\/post"}],"author":[{"embeddable":true,"href":"https:\/\/municipalidaddenebaj.com\/index.php?rest_route=\/wp\/v2\/users\/2"}],"replies":[{"embeddable":true,"href":"https:\/\/municipalidaddenebaj.com\/index.php?rest_route=%2Fwp%2Fv2%2Fcomments&post=32019"}],"version-history":[{"count":0,"href":"https:\/\/municipalidaddenebaj.com\/index.php?rest_route=\/wp\/v2\/posts\/32019\/revisions"}],"wp:featuredmedia":[{"embeddable":true,"href":"https:\/\/municipalidaddenebaj.com\/index.php?rest_route=\/wp\/v2\/media\/32021"}],"wp:attachment":[{"href":"https:\/\/municipalidaddenebaj.com\/index.php?rest_route=%2Fwp%2Fv2%2Fmedia&parent=32019"}],"wp:term":[{"taxonomy":"category","embeddable":true,"href":"https:\/\/municipalidaddenebaj.com\/index.php?rest_route=%2Fwp%2Fv2%2Fcategories&post=32019"},{"taxonomy":"post_tag","embeddable":true,"href":"https:\/\/municipalidaddenebaj.com\/index.php?rest_route=%2Fwp%2Fv2%2Ftags&post=32019"}],"curies":[{"name":"wp","href":"https:\/\/api.w.org\/{rel}","templated":true}]}}