{"id":32241,"date":"2024-06-05T18:34:03","date_gmt":"2024-06-05T18:34:03","guid":{"rendered":"https:\/\/municipalidaddenebaj.com\/?p=32241"},"modified":"2024-06-05T18:34:05","modified_gmt":"2024-06-05T18:34:05","slug":"entrega-de-insumos-agricolas","status":"publish","type":"post","link":"https:\/\/municipalidaddenebaj.com\/?p=32241","title":{"rendered":"ENTREGA DE INSUMOS  AGR\u00cdCOLAS"},"content":{"rendered":"\n<h2 class=\"wp-block-heading\"><mark style=\"background-color:rgba(0, 0, 0, 0)\" class=\"has-inline-color has-black-color\">La <a href=\"https:\/\/www.facebook.com\/profile.php?id=100064424092491&amp;__cft__[0]=AZWl83LkWsYez1clRA1nzBQstNO0IFYqSR-pKsxqQSolMtdWSju01IRTOEjuwhum41ktK1YoheBPpHwYSobhHq6drNQisDBKhPKZFLqvZr2RDWNfxqvp16qPAPs45ONSyEdi6Msvfyu3drAbO7XypoF2K5onOvYI2i7N0JLjcM3-Vrx6-4DoJrfLE9-mwL8UQ9bs0dEIUTw4x-k3mmyiz0fY&amp;__tn__=-]K-R\">Municipalidad de Nebaj<\/a> en el marco de la COMUSAN presidida por la Concejal IV, Mar\u00eda P\u00e9rez Velasco de P\u00e9rez, con respaldo del Sr. Alcalde Municipal, <a href=\"https:\/\/www.facebook.com\/profile.php?id=100065359905403&amp;__cft__[0]=AZWl83LkWsYez1clRA1nzBQstNO0IFYqSR-pKsxqQSolMtdWSju01IRTOEjuwhum41ktK1YoheBPpHwYSobhHq6drNQisDBKhPKZFLqvZr2RDWNfxqvp16qPAPs45ONSyEdi6Msvfyu3drAbO7XypoF2K5onOvYI2i7N0JLjcM3-Vrx6-4DoJrfLE9-mwL8UQ9bs0dEIUTw4x-k3mmyiz0fY&amp;__tn__=-]K-R\">Ram\u00f3n Raymundo<\/a> y Corporaci\u00f3n Municipal, en coordinaci\u00f3n con la Uni\u00f3n Europea, UNICEF, MIDES, MAGA, SESAN, FAO y DMM impulsa el proyecto catal\u00edtico \u00abEntrega de Insumos Agr\u00edcolas\u00bb en la Aldea Xe\u00f3.<\/mark><\/h2>\n\n\n\n<h2 class=\"wp-block-heading\">Se hizo la entrega a cada una de las familias beneficiarias.<\/h2>\n\n\n\n<h2 class=\"wp-block-heading\">-Abono y fertilizante org\u00e1nico.<\/h2>\n\n\n\n<h2 class=\"wp-block-heading\"><a><\/a>-Bombas de mochila para fertilizante.<\/h2>\n\n\n\n<h2 class=\"wp-block-heading\">-Rollo de malla.<\/h2>\n\n\n\n<h2 class=\"wp-block-heading\"><mark style=\"background-color:rgba(0, 0, 0, 0)\" class=\"has-inline-color has-black-color\">El proyecto tiene como objetivo realizar huertos familiares, beneficiando a 61 familias, y mejorar la alimentaci\u00f3n de los ni\u00f1os, mujeres embarazadas y dem\u00e1s miembros de la familia en condiciones de pobreza.<\/mark><\/h2>\n\n\n\n<h2 class=\"wp-block-heading\"><a href=\"https:\/\/www.facebook.com\/hashtag\/pornebaj?__eep__=6&amp;__cft__[0]=AZWl83LkWsYez1clRA1nzBQstNO0IFYqSR-pKsxqQSolMtdWSju01IRTOEjuwhum41ktK1YoheBPpHwYSobhHq6drNQisDBKhPKZFLqvZr2RDWNfxqvp16qPAPs45ONSyEdi6Msvfyu3drAbO7XypoF2K5onOvYI2i7N0JLjcM3-Vrx6-4DoJrfLE9-mwL8UQ9bs0dEIUTw4x-k3mmyiz0fY&amp;__tn__=*NK-R\">#PorNebaj<\/a><\/h2>\n\n\n\n<h2 class=\"wp-block-heading\"><a href=\"https:\/\/www.facebook.com\/hashtag\/construyendofuturo?__eep__=6&amp;__cft__[0]=AZWl83LkWsYez1clRA1nzBQstNO0IFYqSR-pKsxqQSolMtdWSju01IRTOEjuwhum41ktK1YoheBPpHwYSobhHq6drNQisDBKhPKZFLqvZr2RDWNfxqvp16qPAPs45ONSyEdi6Msvfyu3drAbO7XypoF2K5onOvYI2i7N0JLjcM3-Vrx6-4DoJrfLE9-mwL8UQ9bs0dEIUTw4x-k3mmyiz0fY&amp;__tn__=*NK-R\">#ConstruyendoFuturo<\/a><\/h2>\n\n\n\n<iframe src=\"https:\/\/www.facebook.com\/plugins\/post.php?href=https%3A%2F%2Fwww.facebook.com%2Fphoto.php%3Ffbid%3D856595359831259%26set%3Da.359717012852432%26type%3D3&#038;show_text=true&#038;width=1000&#038;preview=comet_preview\" width=\"1000\" height=\"970\" style=\"border:none;overflow:hidden\" scrolling=\"no\" frameborder=\"0\" allowfullscreen=\"true\" allow=\"autoplay; clipboard-write; encrypted-media; picture-in-picture; web-share\"><\/iframe>\n\n\n\n<figure class=\"wp-block-image size-full is-resized\"><img  title=\"\" decoding=\"async\" src=\"https:\/\/municipalidaddenebaj.com\/wp-content\/uploads\/2024\/06\/image-9.png\"  alt=\"image-9 ENTREGA DE INSUMOS  AGR\u00cdCOLAS\"  class=\"wp-image-32242\" style=\"width:1450px;height:auto\"\/><\/figure>\n","protected":false},"excerpt":{"rendered":"<p>La Municipalidad de Nebaj en el marco de la COMUSAN presidida por la Concejal IV,&#8230;<\/p>\n","protected":false},"author":2,"featured_media":32243,"comment_status":"open","ping_status":"open","sticky":false,"template":"","format":"standard","meta":{"_eb_attr":"","_monsterinsights_skip_tracking":false,"_monsterinsights_sitenote_active":false,"_monsterinsights_sitenote_note":"","_monsterinsights_sitenote_category":0,"footnotes":""},"categories":[1],"tags":[],"class_list":["post-32241","post","type-post","status-publish","format-standard","has-post-thumbnail","hentry","category-uncategorized"],"featured_image_urls":{"full":["https:\/\/municipalidaddenebaj.com\/wp-content\/uploads\/2024\/06\/447720864_856596499831145_1676231086214097531_n.jpg",1080,1080,false],"thumbnail":["https:\/\/municipalidaddenebaj.com\/wp-content\/uploads\/2024\/06\/447720864_856596499831145_1676231086214097531_n-161x161.jpg",161,161,true],"medium":["https:\/\/municipalidaddenebaj.com\/wp-content\/uploads\/2024\/06\/447720864_856596499831145_1676231086214097531_n-350x350.jpg",350,350,true],"medium_large":["https:\/\/municipalidaddenebaj.com\/wp-content\/uploads\/2024\/06\/447720864_856596499831145_1676231086214097531_n-768x768.jpg",640,640,true],"large":["https:\/\/municipalidaddenebaj.com\/wp-content\/uploads\/2024\/06\/447720864_856596499831145_1676231086214097531_n-1024x1024.jpg",510,510,true],"ezd_searrch_thumb16x16":["https:\/\/municipalidaddenebaj.com\/wp-content\/uploads\/2024\/06\/447720864_856596499831145_1676231086214097531_n.jpg",16,16,false],"ezd_searrch_thumb50x50":["https:\/\/municipalidaddenebaj.com\/wp-content\/uploads\/2024\/06\/447720864_856596499831145_1676231086214097531_n.jpg",50,50,false],"1536x1536":["https:\/\/municipalidaddenebaj.com\/wp-content\/uploads\/2024\/06\/447720864_856596499831145_1676231086214097531_n.jpg",1080,1080,false],"2048x2048":["https:\/\/municipalidaddenebaj.com\/wp-content\/uploads\/2024\/06\/447720864_856596499831145_1676231086214097531_n.jpg",1080,1080,false],"covernews-featured":["https:\/\/municipalidaddenebaj.com\/wp-content\/uploads\/2024\/06\/447720864_856596499831145_1676231086214097531_n.jpg",1024,1024,false],"covernews-medium":["https:\/\/municipalidaddenebaj.com\/wp-content\/uploads\/2024\/06\/447720864_856596499831145_1676231086214097531_n.jpg",340,340,false],"woocommerce_thumbnail":["https:\/\/municipalidaddenebaj.com\/wp-content\/uploads\/2024\/06\/447720864_856596499831145_1676231086214097531_n-300x300.jpg",300,300,true],"woocommerce_single":["https:\/\/municipalidaddenebaj.com\/wp-content\/uploads\/2024\/06\/447720864_856596499831145_1676231086214097531_n-600x600.jpg",600,600,true],"woocommerce_gallery_thumbnail":["https:\/\/municipalidaddenebaj.com\/wp-content\/uploads\/2024\/06\/447720864_856596499831145_1676231086214097531_n-100x100.jpg",100,100,true]},"author_info":{"display_name":"Editor Editor","author_link":"https:\/\/municipalidaddenebaj.com\/?author=2"},"category_info":"<a href=\"https:\/\/municipalidaddenebaj.com\/?cat=1\" rel=\"category\">Uncategorized<\/a>","tag_info":"Uncategorized","comment_count":"0","_links":{"self":[{"href":"https:\/\/municipalidaddenebaj.com\/index.php?rest_route=\/wp\/v2\/posts\/32241","targetHints":{"allow":["GET"]}}],"collection":[{"href":"https:\/\/municipalidaddenebaj.com\/index.php?rest_route=\/wp\/v2\/posts"}],"about":[{"href":"https:\/\/municipalidaddenebaj.com\/index.php?rest_route=\/wp\/v2\/types\/post"}],"author":[{"embeddable":true,"href":"https:\/\/municipalidaddenebaj.com\/index.php?rest_route=\/wp\/v2\/users\/2"}],"replies":[{"embeddable":true,"href":"https:\/\/municipalidaddenebaj.com\/index.php?rest_route=%2Fwp%2Fv2%2Fcomments&post=32241"}],"version-history":[{"count":0,"href":"https:\/\/municipalidaddenebaj.com\/index.php?rest_route=\/wp\/v2\/posts\/32241\/revisions"}],"wp:featuredmedia":[{"embeddable":true,"href":"https:\/\/municipalidaddenebaj.com\/index.php?rest_route=\/wp\/v2\/media\/32243"}],"wp:attachment":[{"href":"https:\/\/municipalidaddenebaj.com\/index.php?rest_route=%2Fwp%2Fv2%2Fmedia&parent=32241"}],"wp:term":[{"taxonomy":"category","embeddable":true,"href":"https:\/\/municipalidaddenebaj.com\/index.php?rest_route=%2Fwp%2Fv2%2Fcategories&post=32241"},{"taxonomy":"post_tag","embeddable":true,"href":"https:\/\/municipalidaddenebaj.com\/index.php?rest_route=%2Fwp%2Fv2%2Ftags&post=32241"}],"curies":[{"name":"wp","href":"https:\/\/api.w.org\/{rel}","templated":true}]}}