{"id":32390,"date":"2024-06-07T21:13:25","date_gmt":"2024-06-07T21:13:25","guid":{"rendered":"https:\/\/municipalidaddenebaj.com\/?p=32390"},"modified":"2024-06-07T21:13:26","modified_gmt":"2024-06-07T21:13:26","slug":"reunion-estrategico","status":"publish","type":"post","link":"https:\/\/municipalidaddenebaj.com\/?p=32390","title":{"rendered":"REUNI\u00d3N ESTRAT\u00c9GICO"},"content":{"rendered":"\n<h2 class=\"wp-block-heading\">Se realiza reuni\u00f3n estr\u00e1tegica en el Marco del COREDUR con Gobernadores de Quich\u00e9 y Huehuetenango abordando temas de infraestructura v\u00edal, con la participaci\u00f3n de Alcalde Municipal <a href=\"https:\/\/www.facebook.com\/profile.php?id=100065359905403&amp;__cft__[0]=AZV8XdkFb13Y3uTMLGx7alncgLn5Ps1hqBCGm1myu_FW1baEntjHyTsWLYLu3cCYbO6NmBdaDUBIYD1x2Fd36yd5PVFtt1Sf85eo2tyYqGhu-YIr20M5xTUbltOegjdCg0x5ffN9Y672iLsq3VuPLZCqMBDj554bFobEWBBLqGFFmZBUzGal186ggfF_LWnNellAyAqDeMDMCX4V9aKK7RiB&amp;__tn__=-]K-R\">Ram\u00f3n Raymundo<\/a> , Alcaldes de Chajul, Barillas, Cotzal e Ixc\u00e1n.<\/h2>\n\n\n\n<h2 class=\"wp-block-heading\"><a href=\"https:\/\/www.facebook.com\/hashtag\/construyendofuturo?__eep__=6&amp;__cft__[0]=AZV8XdkFb13Y3uTMLGx7alncgLn5Ps1hqBCGm1myu_FW1baEntjHyTsWLYLu3cCYbO6NmBdaDUBIYD1x2Fd36yd5PVFtt1Sf85eo2tyYqGhu-YIr20M5xTUbltOegjdCg0x5ffN9Y672iLsq3VuPLZCqMBDj554bFobEWBBLqGFFmZBUzGal186ggfF_LWnNellAyAqDeMDMCX4V9aKK7RiB&amp;__tn__=*NK-R\">#ConstruyendoFuturo<\/a><\/h2>\n\n\n\n<h2 class=\"wp-block-heading\"><a href=\"https:\/\/www.facebook.com\/hashtag\/pornebaj?__eep__=6&amp;__cft__[0]=AZV8XdkFb13Y3uTMLGx7alncgLn5Ps1hqBCGm1myu_FW1baEntjHyTsWLYLu3cCYbO6NmBdaDUBIYD1x2Fd36yd5PVFtt1Sf85eo2tyYqGhu-YIr20M5xTUbltOegjdCg0x5ffN9Y672iLsq3VuPLZCqMBDj554bFobEWBBLqGFFmZBUzGal186ggfF_LWnNellAyAqDeMDMCX4V9aKK7RiB&amp;__tn__=*NK-R\">#PorNebaj<\/a><br><\/h2>\n\n\n\n<iframe src=\"https:\/\/www.facebook.com\/plugins\/post.php?href=https%3A%2F%2Fwww.facebook.com%2Fphoto.php%3Ffbid%3D857926873031441%26set%3Da.359717012852432%26type%3D3&#038;show_text=true&#038;width=1000&#038;preview=comet_preview\" width=\"1000\" height=\"965\" style=\"border:none;overflow:hidden\" scrolling=\"no\" frameborder=\"0\" allowfullscreen=\"true\" allow=\"autoplay; clipboard-write; encrypted-media; picture-in-picture; web-share\"><\/iframe>\n\n\n\n<figure class=\"wp-block-image size-full is-resized\"><img  title=\"\" decoding=\"async\" src=\"https:\/\/municipalidaddenebaj.com\/wp-content\/uploads\/2024\/06\/image-14.png\"  alt=\"image-14 REUNI\u00d3N ESTRAT\u00c9GICO\"  class=\"wp-image-32391\" style=\"width:1450px;height:auto\"\/><\/figure>\n","protected":false},"excerpt":{"rendered":"<p>Se realiza reuni\u00f3n estr\u00e1tegica en el Marco del COREDUR con Gobernadores de Quich\u00e9 y Huehuetenango&#8230;<\/p>\n","protected":false},"author":2,"featured_media":32392,"comment_status":"open","ping_status":"open","sticky":false,"template":"","format":"standard","meta":{"_eb_attr":"","_monsterinsights_skip_tracking":false,"_monsterinsights_sitenote_active":false,"_monsterinsights_sitenote_note":"","_monsterinsights_sitenote_category":0,"footnotes":""},"categories":[1],"tags":[],"class_list":["post-32390","post","type-post","status-publish","format-standard","has-post-thumbnail","hentry","category-uncategorized"],"featured_image_urls":{"full":["https:\/\/municipalidaddenebaj.com\/wp-content\/uploads\/2024\/06\/447775264_857927053031423_7782477705643169494_n.jpg",1080,1080,false],"thumbnail":["https:\/\/municipalidaddenebaj.com\/wp-content\/uploads\/2024\/06\/447775264_857927053031423_7782477705643169494_n-161x161.jpg",161,161,true],"medium":["https:\/\/municipalidaddenebaj.com\/wp-content\/uploads\/2024\/06\/447775264_857927053031423_7782477705643169494_n-350x350.jpg",350,350,true],"medium_large":["https:\/\/municipalidaddenebaj.com\/wp-content\/uploads\/2024\/06\/447775264_857927053031423_7782477705643169494_n-768x768.jpg",640,640,true],"large":["https:\/\/municipalidaddenebaj.com\/wp-content\/uploads\/2024\/06\/447775264_857927053031423_7782477705643169494_n-1024x1024.jpg",510,510,true],"ezd_searrch_thumb16x16":["https:\/\/municipalidaddenebaj.com\/wp-content\/uploads\/2024\/06\/447775264_857927053031423_7782477705643169494_n.jpg",16,16,false],"ezd_searrch_thumb50x50":["https:\/\/municipalidaddenebaj.com\/wp-content\/uploads\/2024\/06\/447775264_857927053031423_7782477705643169494_n.jpg",50,50,false],"1536x1536":["https:\/\/municipalidaddenebaj.com\/wp-content\/uploads\/2024\/06\/447775264_857927053031423_7782477705643169494_n.jpg",1080,1080,false],"2048x2048":["https:\/\/municipalidaddenebaj.com\/wp-content\/uploads\/2024\/06\/447775264_857927053031423_7782477705643169494_n.jpg",1080,1080,false],"covernews-featured":["https:\/\/municipalidaddenebaj.com\/wp-content\/uploads\/2024\/06\/447775264_857927053031423_7782477705643169494_n.jpg",1024,1024,false],"covernews-medium":["https:\/\/municipalidaddenebaj.com\/wp-content\/uploads\/2024\/06\/447775264_857927053031423_7782477705643169494_n.jpg",340,340,false],"woocommerce_thumbnail":["https:\/\/municipalidaddenebaj.com\/wp-content\/uploads\/2024\/06\/447775264_857927053031423_7782477705643169494_n-300x300.jpg",300,300,true],"woocommerce_single":["https:\/\/municipalidaddenebaj.com\/wp-content\/uploads\/2024\/06\/447775264_857927053031423_7782477705643169494_n-600x600.jpg",600,600,true],"woocommerce_gallery_thumbnail":["https:\/\/municipalidaddenebaj.com\/wp-content\/uploads\/2024\/06\/447775264_857927053031423_7782477705643169494_n-100x100.jpg",100,100,true]},"author_info":{"display_name":"Editor Editor","author_link":"https:\/\/municipalidaddenebaj.com\/?author=2"},"category_info":"<a href=\"https:\/\/municipalidaddenebaj.com\/?cat=1\" rel=\"category\">Uncategorized<\/a>","tag_info":"Uncategorized","comment_count":"0","_links":{"self":[{"href":"https:\/\/municipalidaddenebaj.com\/index.php?rest_route=\/wp\/v2\/posts\/32390","targetHints":{"allow":["GET"]}}],"collection":[{"href":"https:\/\/municipalidaddenebaj.com\/index.php?rest_route=\/wp\/v2\/posts"}],"about":[{"href":"https:\/\/municipalidaddenebaj.com\/index.php?rest_route=\/wp\/v2\/types\/post"}],"author":[{"embeddable":true,"href":"https:\/\/municipalidaddenebaj.com\/index.php?rest_route=\/wp\/v2\/users\/2"}],"replies":[{"embeddable":true,"href":"https:\/\/municipalidaddenebaj.com\/index.php?rest_route=%2Fwp%2Fv2%2Fcomments&post=32390"}],"version-history":[{"count":0,"href":"https:\/\/municipalidaddenebaj.com\/index.php?rest_route=\/wp\/v2\/posts\/32390\/revisions"}],"wp:featuredmedia":[{"embeddable":true,"href":"https:\/\/municipalidaddenebaj.com\/index.php?rest_route=\/wp\/v2\/media\/32392"}],"wp:attachment":[{"href":"https:\/\/municipalidaddenebaj.com\/index.php?rest_route=%2Fwp%2Fv2%2Fmedia&parent=32390"}],"wp:term":[{"taxonomy":"category","embeddable":true,"href":"https:\/\/municipalidaddenebaj.com\/index.php?rest_route=%2Fwp%2Fv2%2Fcategories&post=32390"},{"taxonomy":"post_tag","embeddable":true,"href":"https:\/\/municipalidaddenebaj.com\/index.php?rest_route=%2Fwp%2Fv2%2Ftags&post=32390"}],"curies":[{"name":"wp","href":"https:\/\/api.w.org\/{rel}","templated":true}]}}