{"id":32395,"date":"2024-06-07T21:46:26","date_gmt":"2024-06-07T21:46:26","guid":{"rendered":"https:\/\/municipalidaddenebaj.com\/?p=32395"},"modified":"2024-06-07T21:48:59","modified_gmt":"2024-06-07T21:48:59","slug":"jornada-de-limpieza-5","status":"publish","type":"post","link":"https:\/\/municipalidaddenebaj.com\/?p=32395","title":{"rendered":"\u00a1JORNADA DE LIMPIEZA!"},"content":{"rendered":"\n<h2 class=\"wp-block-heading\">\u00a1Jornadas de Limpieza!<\/h2>\n\n\n\n<h2 class=\"wp-block-heading\"><mark style=\"background-color:rgba(0, 0, 0, 0)\" class=\"has-inline-color has-black-color\">Por instrucciones del Sr. Alcalde <a href=\"https:\/\/www.facebook.com\/profile.php?id=100065359905403&amp;__cft__[0]=AZVyi2T7uUJLKAJ9-bRB1nzJrAutAi372GabG5mBWIqMpm9ApZY1al7mkffl1Yf0wunSL7BNEVtjYYU7fFSGC4szpLq5eb583Oj9wvXJjo6WmuDdWNVxY2wPjxAAn9TKVEjPNe7MQSC0r0ymCM10Ag1elI843eVAhpQxpD79JHuVd0bBqr9nSlgOLYuApc0qk8PDHCKgpNl7Bjm7htkbQXCx&amp;__tn__=-]K-R\">Ram\u00f3n Raymundo<\/a> y Honorable Concejo, a trav\u00e9s de la Direcci\u00f3n Municipal de Servicios P\u00fablicos -DMSP-, se contin\u00faan con las jornadas de limpieza y recuperaci\u00f3n de espacios p\u00fablicos en distintas \u00e1reas de nuestro municipio.<\/mark><\/h2>\n\n\n\n<h2 class=\"wp-block-heading\"><mark style=\"background-color:rgba(0, 0, 0, 0)\" class=\"has-inline-color has-black-color\">En esta ocasi\u00f3n se realiz\u00f3 limpieza de tragantes ubicados en distintos puntos del mercado central, acciones que beneficiar\u00e1n a vecinos y vendedores, para evitar el colapso ante las \u00e9pocas de lluvias.<\/mark><\/h2>\n\n\n\n<h2 class=\"wp-block-heading\"><a href=\"https:\/\/www.facebook.com\/hashtag\/construyendofuturo?__eep__=6&amp;__cft__[0]=AZVyi2T7uUJLKAJ9-bRB1nzJrAutAi372GabG5mBWIqMpm9ApZY1al7mkffl1Yf0wunSL7BNEVtjYYU7fFSGC4szpLq5eb583Oj9wvXJjo6WmuDdWNVxY2wPjxAAn9TKVEjPNe7MQSC0r0ymCM10Ag1elI843eVAhpQxpD79JHuVd0bBqr9nSlgOLYuApc0qk8PDHCKgpNl7Bjm7htkbQXCx&amp;__tn__=*NK-R\">#ConstruyendoFuturo<\/a><\/h2>\n\n\n\n<iframe src=\"https:\/\/www.facebook.com\/plugins\/post.php?href=https%3A%2F%2Fwww.facebook.com%2Fphoto.php%3Ffbid%3D857955659695229%26set%3Da.359717012852432%26type%3D3&#038;show_text=true&#038;width=1000&#038;preview=comet_preview\" width=\"1000\" height=\"900\" style=\"border:none;overflow:hidden\" scrolling=\"no\" frameborder=\"0\" allowfullscreen=\"true\" allow=\"autoplay; clipboard-write; encrypted-media; picture-in-picture; web-share\"><\/iframe>\n\n\n\n<figure class=\"wp-block-image size-full is-resized\"><img  title=\"\" decoding=\"async\" src=\"https:\/\/municipalidaddenebaj.com\/wp-content\/uploads\/2024\/06\/image-17.png\"  alt=\"image-17 \u00a1JORNADA DE LIMPIEZA!\"  class=\"wp-image-32400\" style=\"width:1450px;height:auto\"\/><\/figure>\n","protected":false},"excerpt":{"rendered":"<p>\u00a1Jornadas de Limpieza! Por instrucciones del Sr. Alcalde Ram\u00f3n Raymundo y Honorable Concejo, a trav\u00e9s&#8230;<\/p>\n","protected":false},"author":2,"featured_media":32398,"comment_status":"open","ping_status":"open","sticky":false,"template":"","format":"standard","meta":{"_eb_attr":"","_monsterinsights_skip_tracking":false,"_monsterinsights_sitenote_active":false,"_monsterinsights_sitenote_note":"","_monsterinsights_sitenote_category":0,"footnotes":""},"categories":[1],"tags":[],"class_list":["post-32395","post","type-post","status-publish","format-standard","has-post-thumbnail","hentry","category-uncategorized"],"featured_image_urls":{"full":["https:\/\/municipalidaddenebaj.com\/wp-content\/uploads\/2024\/06\/447728560_857955896361872_7124305146686180875_n.jpg",1080,1080,false],"thumbnail":["https:\/\/municipalidaddenebaj.com\/wp-content\/uploads\/2024\/06\/447728560_857955896361872_7124305146686180875_n-161x161.jpg",161,161,true],"medium":["https:\/\/municipalidaddenebaj.com\/wp-content\/uploads\/2024\/06\/447728560_857955896361872_7124305146686180875_n-350x350.jpg",350,350,true],"medium_large":["https:\/\/municipalidaddenebaj.com\/wp-content\/uploads\/2024\/06\/447728560_857955896361872_7124305146686180875_n-768x768.jpg",640,640,true],"large":["https:\/\/municipalidaddenebaj.com\/wp-content\/uploads\/2024\/06\/447728560_857955896361872_7124305146686180875_n-1024x1024.jpg",510,510,true],"ezd_searrch_thumb16x16":["https:\/\/municipalidaddenebaj.com\/wp-content\/uploads\/2024\/06\/447728560_857955896361872_7124305146686180875_n.jpg",16,16,false],"ezd_searrch_thumb50x50":["https:\/\/municipalidaddenebaj.com\/wp-content\/uploads\/2024\/06\/447728560_857955896361872_7124305146686180875_n.jpg",50,50,false],"1536x1536":["https:\/\/municipalidaddenebaj.com\/wp-content\/uploads\/2024\/06\/447728560_857955896361872_7124305146686180875_n.jpg",1080,1080,false],"2048x2048":["https:\/\/municipalidaddenebaj.com\/wp-content\/uploads\/2024\/06\/447728560_857955896361872_7124305146686180875_n.jpg",1080,1080,false],"covernews-featured":["https:\/\/municipalidaddenebaj.com\/wp-content\/uploads\/2024\/06\/447728560_857955896361872_7124305146686180875_n.jpg",1024,1024,false],"covernews-medium":["https:\/\/municipalidaddenebaj.com\/wp-content\/uploads\/2024\/06\/447728560_857955896361872_7124305146686180875_n.jpg",340,340,false],"woocommerce_thumbnail":["https:\/\/municipalidaddenebaj.com\/wp-content\/uploads\/2024\/06\/447728560_857955896361872_7124305146686180875_n-300x300.jpg",300,300,true],"woocommerce_single":["https:\/\/municipalidaddenebaj.com\/wp-content\/uploads\/2024\/06\/447728560_857955896361872_7124305146686180875_n-600x600.jpg",600,600,true],"woocommerce_gallery_thumbnail":["https:\/\/municipalidaddenebaj.com\/wp-content\/uploads\/2024\/06\/447728560_857955896361872_7124305146686180875_n-100x100.jpg",100,100,true]},"author_info":{"display_name":"Editor Editor","author_link":"https:\/\/municipalidaddenebaj.com\/?author=2"},"category_info":"<a href=\"https:\/\/municipalidaddenebaj.com\/?cat=1\" rel=\"category\">Uncategorized<\/a>","tag_info":"Uncategorized","comment_count":"0","_links":{"self":[{"href":"https:\/\/municipalidaddenebaj.com\/index.php?rest_route=\/wp\/v2\/posts\/32395","targetHints":{"allow":["GET"]}}],"collection":[{"href":"https:\/\/municipalidaddenebaj.com\/index.php?rest_route=\/wp\/v2\/posts"}],"about":[{"href":"https:\/\/municipalidaddenebaj.com\/index.php?rest_route=\/wp\/v2\/types\/post"}],"author":[{"embeddable":true,"href":"https:\/\/municipalidaddenebaj.com\/index.php?rest_route=\/wp\/v2\/users\/2"}],"replies":[{"embeddable":true,"href":"https:\/\/municipalidaddenebaj.com\/index.php?rest_route=%2Fwp%2Fv2%2Fcomments&post=32395"}],"version-history":[{"count":0,"href":"https:\/\/municipalidaddenebaj.com\/index.php?rest_route=\/wp\/v2\/posts\/32395\/revisions"}],"wp:featuredmedia":[{"embeddable":true,"href":"https:\/\/municipalidaddenebaj.com\/index.php?rest_route=\/wp\/v2\/media\/32398"}],"wp:attachment":[{"href":"https:\/\/municipalidaddenebaj.com\/index.php?rest_route=%2Fwp%2Fv2%2Fmedia&parent=32395"}],"wp:term":[{"taxonomy":"category","embeddable":true,"href":"https:\/\/municipalidaddenebaj.com\/index.php?rest_route=%2Fwp%2Fv2%2Fcategories&post=32395"},{"taxonomy":"post_tag","embeddable":true,"href":"https:\/\/municipalidaddenebaj.com\/index.php?rest_route=%2Fwp%2Fv2%2Ftags&post=32395"}],"curies":[{"name":"wp","href":"https:\/\/api.w.org\/{rel}","templated":true}]}}